{"id":42702,"date":"2012-09-23T18:06:15","date_gmt":"2012-09-23T22:06:15","guid":{"rendered":"https:\/\/bobvarela.com\/?p=42702"},"modified":"2012-09-23T18:08:29","modified_gmt":"2012-09-23T22:08:29","slug":"lisa-thon-en-el-puerto-rico-fashion-week-sept-2012","status":"publish","type":"post","link":"https:\/\/bobvarela.com\/?p=42702","title":{"rendered":"Lisa Thon en el Puerto Rico Fashion Week Sept 2012"},"content":{"rendered":"<p align=\"justify\"><font size=\"3\">San Juan, P.R. &#8211; Sensual, femenina, arriesgada y ultra segura de s\u00ed misma, as\u00ed proyect\u00f3 la imagen de la mujer por la reconocida dise\u00f1adora Lisa Thon, en el desfile de su m\u00e1s reciente colecci\u00f3n primavera-verano 2013 titulada: \u201cVa Va Bloom\u201d.<\/font><\/p>\n<p align=\"justify\"><font size=\"3\">Un despliegue de llamativos estampados florales, lineales y tribales fueron contrastados con una gama brillante de azules, naranjas, rosados y amarillos.<\/font><\/p>\n<p align=\"justify\"><font size=\"3\">Lisa present\u00f3 una colecci\u00f3n de dise\u00f1os inspirados en el colorido de la flora a trav\u00e9s de piezas intercambiables, llenas de dramatismo. Linos y algodones livianos predominaron como tejidos tanto en la moda femenina, como en la masculina.<\/font><\/p>\n<p align=\"justify\"><font size=\"3\">Este desfile se llev\u00f3 a cabo en el Coliseo Roberto Clemente, el pasado 22 de septiembre de 2012, como parte del Puerto Rico High Fashion Week. La colecci\u00f3n titulada, \u201cVa Va Bloom\u201d cont\u00f3 con el arreglo de cabello y maquillaje de Rolando Montes Sal\u00f3n y el calzado \u00fanico de Novus. La bisuter\u00eda estuvo a cargo de Mari Carmen Rivera.<\/font><\/p>\n<p align=\"justify\"><strong>ngg_shortcode_0_placeholder<\/strong><\/p>\n","protected":false},"excerpt":{"rendered":"<p>San Juan, P.R. &#8211; Sensual, femenina, arriesgada y ultra segura de s\u00ed misma, as\u00ed proyect\u00f3 la imagen de la mujer por la reconocida dise\u00f1adora Lisa Thon, en el desfile de su m\u00e1s reciente colecci\u00f3n primavera-verano 2013 titulada: \u201cVa Va Bloom\u201d.&hellip;<\/p>\n<p class=\"more-link-p\"><a class=\"more-link\" href=\"https:\/\/bobvarela.com\/?p=42702\">Read more &rarr;<\/a><\/p>\n","protected":false},"author":1,"featured_media":0,"comment_status":"open","ping_status":"open","sticky":false,"template":"","format":"standard","meta":{"ngg_post_thumbnail":0,"footnotes":""},"categories":[4,295],"tags":[49,30],"class_list":["post-42702","post","type-post","status-publish","format-standard","hentry","category-moda","category-puerto-rico","tag-lisa-thon","tag-puerto-rico-high-fashion-week"],"_links":{"self":[{"href":"https:\/\/bobvarela.com\/index.php?rest_route=\/wp\/v2\/posts\/42702","targetHints":{"allow":["GET"]}}],"collection":[{"href":"https:\/\/bobvarela.com\/index.php?rest_route=\/wp\/v2\/posts"}],"about":[{"href":"https:\/\/bobvarela.com\/index.php?rest_route=\/wp\/v2\/types\/post"}],"author":[{"embeddable":true,"href":"https:\/\/bobvarela.com\/index.php?rest_route=\/wp\/v2\/users\/1"}],"replies":[{"embeddable":true,"href":"https:\/\/bobvarela.com\/index.php?rest_route=%2Fwp%2Fv2%2Fcomments&post=42702"}],"version-history":[{"count":2,"href":"https:\/\/bobvarela.com\/index.php?rest_route=\/wp\/v2\/posts\/42702\/revisions"}],"predecessor-version":[{"id":42704,"href":"https:\/\/bobvarela.com\/index.php?rest_route=\/wp\/v2\/posts\/42702\/revisions\/42704"}],"wp:attachment":[{"href":"https:\/\/bobvarela.com\/index.php?rest_route=%2Fwp%2Fv2%2Fmedia&parent=42702"}],"wp:term":[{"taxonomy":"category","embeddable":true,"href":"https:\/\/bobvarela.com\/index.php?rest_route=%2Fwp%2Fv2%2Fcategories&post=42702"},{"taxonomy":"post_tag","embeddable":true,"href":"https:\/\/bobvarela.com\/index.php?rest_route=%2Fwp%2Fv2%2Ftags&post=42702"}],"curies":[{"name":"wp","href":"https:\/\/api.w.org\/{rel}","templated":true}]}}