{"id":42722,"date":"2012-09-24T21:46:28","date_gmt":"2012-09-25T01:46:28","guid":{"rendered":"https:\/\/bobvarela.com\/?p=42722"},"modified":"2012-09-24T21:50:20","modified_gmt":"2012-09-25T01:50:20","slug":"alana-sol-sofia-arana-y-hector-omar","status":"publish","type":"post","link":"https:\/\/bobvarela.com\/?p=42722","title":{"rendered":"Alana Sol&aacute;, Sofia Arana, y Hector Omar en el Puerto Rico High Fashion Week Sept 2012"},"content":{"rendered":"<p align=\"justify\"><font size=\"3\">La \u00faltima noche de Puerto Rico High Fashion Week celebrado en 22 de septiembre en el Coliseo de Puerto Rico empez\u00f3 con los desfiles de Alana Sol\u00e1, Sofia Arana, y Hector Omar<\/font><\/p>\n<p align=\"justify\"><font size=\"3\">Alana Sol\u00e1&nbsp;&nbsp; con su desfile \u201cjungla de concreto\u201d<\/font><\/p>\n<p align=\"justify\"><strong><font size=\"3\">ngg_shortcode_0_placeholder<\/font><\/strong><\/p>\n<p align=\"justify\"><font size=\"3\">Sofia Arana con su desfile \u201cAlba\u201d<\/font><\/p>\n<p align=\"justify\"><strong><font size=\"3\">ngg_shortcode_1_placeholder<\/font><\/strong><\/p>\n<p align=\"justify\"><font size=\"3\">Hector Omar&nbsp;&nbsp; con su desfile \u201cANTHEM\u201d<\/font><\/p>\n<p align=\"justify\"><strong><font size=\"3\">ngg_shortcode_2_placeholder<\/font><\/strong><\/p>\n<p><font size=\"3\"><\/font><\/p>\n","protected":false},"excerpt":{"rendered":"<p>La \u00faltima noche de Puerto Rico High Fashion Week celebrado en 22 de septiembre en el Coliseo de Puerto Rico empez\u00f3 con los desfiles de Alana Sol\u00e1, Sofia Arana, y Hector Omar Alana Sol\u00e1&nbsp;&nbsp; con su desfile \u201cjungla de concreto\u201d&hellip;<\/p>\n<p class=\"more-link-p\"><a class=\"more-link\" href=\"https:\/\/bobvarela.com\/?p=42722\">Read more &rarr;<\/a><\/p>\n","protected":false},"author":1,"featured_media":0,"comment_status":"open","ping_status":"open","sticky":false,"template":"","format":"standard","meta":{"ngg_post_thumbnail":0,"footnotes":""},"categories":[4,295],"tags":[426,75,30,323],"class_list":["post-42722","post","type-post","status-publish","format-standard","hentry","category-moda","category-puerto-rico","tag-alana-sola","tag-hector-omar","tag-puerto-rico-high-fashion-week","tag-sofia-arana"],"_links":{"self":[{"href":"https:\/\/bobvarela.com\/index.php?rest_route=\/wp\/v2\/posts\/42722","targetHints":{"allow":["GET"]}}],"collection":[{"href":"https:\/\/bobvarela.com\/index.php?rest_route=\/wp\/v2\/posts"}],"about":[{"href":"https:\/\/bobvarela.com\/index.php?rest_route=\/wp\/v2\/types\/post"}],"author":[{"embeddable":true,"href":"https:\/\/bobvarela.com\/index.php?rest_route=\/wp\/v2\/users\/1"}],"replies":[{"embeddable":true,"href":"https:\/\/bobvarela.com\/index.php?rest_route=%2Fwp%2Fv2%2Fcomments&post=42722"}],"version-history":[{"count":3,"href":"https:\/\/bobvarela.com\/index.php?rest_route=\/wp\/v2\/posts\/42722\/revisions"}],"predecessor-version":[{"id":42725,"href":"https:\/\/bobvarela.com\/index.php?rest_route=\/wp\/v2\/posts\/42722\/revisions\/42725"}],"wp:attachment":[{"href":"https:\/\/bobvarela.com\/index.php?rest_route=%2Fwp%2Fv2%2Fmedia&parent=42722"}],"wp:term":[{"taxonomy":"category","embeddable":true,"href":"https:\/\/bobvarela.com\/index.php?rest_route=%2Fwp%2Fv2%2Fcategories&post=42722"},{"taxonomy":"post_tag","embeddable":true,"href":"https:\/\/bobvarela.com\/index.php?rest_route=%2Fwp%2Fv2%2Ftags&post=42722"}],"curies":[{"name":"wp","href":"https:\/\/api.w.org\/{rel}","templated":true}]}}