{"id":42761,"date":"2012-10-01T06:37:42","date_gmt":"2012-10-01T10:37:42","guid":{"rendered":"https:\/\/bobvarela.com\/?p=42761"},"modified":"2012-10-01T06:44:58","modified_gmt":"2012-10-01T10:44:58","slug":"pasarela-sin-lmites","status":"publish","type":"post","link":"https:\/\/bobvarela.com\/?p=42761","title":{"rendered":"Pasarela sin l&iacute;mites"},"content":{"rendered":"<p align=\"justify\"><span style=\"font-size: medium;\">El 27 de septiembre en la Universidad de Sagrado Coraz\u00f3n se realizo una actividad ben\u00e9fica para recaudar fondos para un tratamiento m\u00e9dico de un beb\u00e9.\u00a0\u00a0 Dentro de la actividad los dise\u00f1adores David Antonio, Sonia Rivera y Juan Col\u00f3n presentaron sus propuestas.\u00a0\u00a0 Lo interesante de esto es que los modelos eran no era los tops models que vemos frecuentemente en las pasarela demostrando que todos son iguales y pueden realizar lo que se propone. Es importante demostrar que con los recursos necesarios no hay discapacitados.\u00a0 El padrino de la actividad fue el boxeador Carlos \u201cel Indio\u201d Quintana y fue dedicada a a Dalila Zapata, joven con s\u00edndrome de Down y sobreviviente de operaci\u00f3n de coraz\u00f3n abierto. <\/span><\/p>\n<p align=\"justify\"><span style=\"font-size: medium;\">ngg_shortcode_0_placeholder<\/span><\/p>\n","protected":false},"excerpt":{"rendered":"<p>El 27 de septiembre en la Universidad de Sagrado Coraz\u00f3n se realizo una actividad ben\u00e9fica para recaudar fondos para un tratamiento m\u00e9dico de un beb\u00e9.\u00a0\u00a0 Dentro de la actividad los dise\u00f1adores David Antonio, Sonia Rivera y Juan Col\u00f3n presentaron sus&hellip;<\/p>\n<p class=\"more-link-p\"><a class=\"more-link\" href=\"https:\/\/bobvarela.com\/?p=42761\">Read more &rarr;<\/a><\/p>\n","protected":false},"author":1,"featured_media":0,"comment_status":"open","ping_status":"open","sticky":false,"template":"","format":"standard","meta":{"ngg_post_thumbnail":0,"footnotes":""},"categories":[4,295],"tags":[],"class_list":["post-42761","post","type-post","status-publish","format-standard","hentry","category-moda","category-puerto-rico"],"_links":{"self":[{"href":"https:\/\/bobvarela.com\/index.php?rest_route=\/wp\/v2\/posts\/42761","targetHints":{"allow":["GET"]}}],"collection":[{"href":"https:\/\/bobvarela.com\/index.php?rest_route=\/wp\/v2\/posts"}],"about":[{"href":"https:\/\/bobvarela.com\/index.php?rest_route=\/wp\/v2\/types\/post"}],"author":[{"embeddable":true,"href":"https:\/\/bobvarela.com\/index.php?rest_route=\/wp\/v2\/users\/1"}],"replies":[{"embeddable":true,"href":"https:\/\/bobvarela.com\/index.php?rest_route=%2Fwp%2Fv2%2Fcomments&post=42761"}],"version-history":[{"count":2,"href":"https:\/\/bobvarela.com\/index.php?rest_route=\/wp\/v2\/posts\/42761\/revisions"}],"predecessor-version":[{"id":42763,"href":"https:\/\/bobvarela.com\/index.php?rest_route=\/wp\/v2\/posts\/42761\/revisions\/42763"}],"wp:attachment":[{"href":"https:\/\/bobvarela.com\/index.php?rest_route=%2Fwp%2Fv2%2Fmedia&parent=42761"}],"wp:term":[{"taxonomy":"category","embeddable":true,"href":"https:\/\/bobvarela.com\/index.php?rest_route=%2Fwp%2Fv2%2Fcategories&post=42761"},{"taxonomy":"post_tag","embeddable":true,"href":"https:\/\/bobvarela.com\/index.php?rest_route=%2Fwp%2Fv2%2Ftags&post=42761"}],"curies":[{"name":"wp","href":"https:\/\/api.w.org\/{rel}","templated":true}]}}