{"id":42796,"date":"2012-10-08T06:03:19","date_gmt":"2012-10-08T10:03:19","guid":{"rendered":"https:\/\/bobvarela.com\/?p=42796"},"modified":"2012-10-08T06:03:22","modified_gmt":"2012-10-08T10:03:22","slug":"comienza-miss-teen-world-puerto-rico-2013","status":"publish","type":"post","link":"https:\/\/bobvarela.com\/?p=42796","title":{"rendered":"Comienza Miss Teen World Puerto Rico 2013"},"content":{"rendered":"<p align=\"justify\"><font size=\"3\">San Juan, 7 de octubre de 2012 &#8211; La organizaci\u00f3n del certamen Miss Teen World Puerto Rico comenz\u00f3 la jornada de selecci\u00f3n de sus nuevas reinas para el 2013 con la bienvenida y orientaci\u00f3n de las 50 candidatas que participar\u00e1n este a\u00f1o.<\/font> <\/p>\n<p align=\"center\"><font size=\"3\"><a href=\"https:\/\/bobvarela.com\/wp-content\/uploads\/2012\/10\/IMG_0038.jpg\"><img loading=\"lazy\" decoding=\"async\" style=\"background-image: none; border-bottom: 0px; border-left: 0px; padding-left: 0px; padding-right: 0px; display: inline; border-top: 0px; border-right: 0px; padding-top: 0px\" title=\"IMG_0038\" border=\"0\" alt=\"IMG_0038\" src=\"https:\/\/bobvarela.com\/wp-content\/uploads\/2012\/10\/IMG_0038_thumb.jpg\" width=\"350\" height=\"183\"\/><\/a><\/font> <\/p>\n<p align=\"justify\"><font size=\"3\">El Hotel Sheraton Old San Juan sirvi\u00f3 de punto de encuentro, por primera vez, para las 50 j\u00f3venes aspirantes al t\u00edtulo de Miss Teen World Puerto Rico 2013. Las candidatas, provenientes de toda la isla, participaron, junto a sus padres y promotores del recibimiento a la jornada de competencia y orientaci\u00f3n rumbo a la celebraci\u00f3n de la novena edici\u00f3n del certamen.<\/font> <\/p>\n<p align=\"center\"><a href=\"https:\/\/bobvarela.com\/wp-content\/uploads\/2012\/10\/IMG_0047.jpg\"><img loading=\"lazy\" decoding=\"async\" style=\"background-image: none; border-bottom: 0px; border-left: 0px; padding-left: 0px; padding-right: 0px; display: inline; border-top: 0px; border-right: 0px; padding-top: 0px\" title=\"IMG_0047\" border=\"0\" alt=\"IMG_0047\" src=\"https:\/\/bobvarela.com\/wp-content\/uploads\/2012\/10\/IMG_0047_thumb.jpg\" width=\"452\" height=\"150\"\/><\/a> <\/p>\n<p align=\"justify\"><font size=\"3\">El Presidente de MTWPR, Carlos Figueroa Figueroa, fue la voz cantante en el encuentro, que adem\u00e1s cont\u00f3 la presencia de las reinas actuales. Figueroa dio la bienvenida a las candidatas y present\u00f3 la agenda de eventos pautados para este a\u00f1o.<\/font> <\/p>\n<p align=\"justify\"><a href=\"https:\/\/bobvarela.com\/wp-content\/uploads\/2012\/10\/IMG_0120.jpg\"><img loading=\"lazy\" decoding=\"async\" style=\"background-image: none; border-bottom: 0px; border-left: 0px; padding-left: 0px; padding-right: 0px; display: inline; border-top: 0px; border-right: 0px; padding-top: 0px\" title=\"IMG_0120\" border=\"0\" alt=\"IMG_0120\" src=\"https:\/\/bobvarela.com\/wp-content\/uploads\/2012\/10\/IMG_0120_thumb.jpg\" width=\"225\" height=\"153\"\/><\/a><a href=\"https:\/\/bobvarela.com\/wp-content\/uploads\/2012\/10\/IMG_0086.jpg\"><img loading=\"lazy\" decoding=\"async\" style=\"background-image: none; border-bottom: 0px; border-left: 0px; padding-left: 0px; padding-right: 0px; display: inline; border-top: 0px; border-right: 0px; padding-top: 0px\" title=\"IMG_0086\" border=\"0\" alt=\"IMG_0086\" src=\"https:\/\/bobvarela.com\/wp-content\/uploads\/2012\/10\/IMG_0086_thumb.jpg\" width=\"190\" height=\"152\"\/><\/a><a href=\"https:\/\/bobvarela.com\/wp-content\/uploads\/2012\/10\/IMG_0050.jpg\"><img loading=\"lazy\" decoding=\"async\" style=\"background-image: none; border-bottom: 0px; border-left: 0px; padding-left: 0px; padding-right: 0px; display: inline; border-top: 0px; border-right: 0px; padding-top: 0px\" title=\"IMG_0050\" border=\"0\" alt=\"IMG_0050\" src=\"https:\/\/bobvarela.com\/wp-content\/uploads\/2012\/10\/IMG_0050_thumb.jpg\" width=\"222\" height=\"151\"\/><\/a><a href=\"https:\/\/bobvarela.com\/wp-content\/uploads\/2012\/10\/IMG_0102.jpg\"><img loading=\"lazy\" decoding=\"async\" style=\"background-image: none; border-bottom: 0px; border-left: 0px; padding-left: 0px; padding-right: 0px; display: inline; border-top: 0px; border-right: 0px; padding-top: 0px\" title=\"IMG_0102\" border=\"0\" alt=\"IMG_0102\" src=\"https:\/\/bobvarela.com\/wp-content\/uploads\/2012\/10\/IMG_0102_thumb.jpg\" width=\"226\" height=\"124\"\/><\/a><a href=\"https:\/\/bobvarela.com\/wp-content\/uploads\/2012\/10\/IMG_0123.jpg\"><img loading=\"lazy\" decoding=\"async\" style=\"background-image: none; border-bottom: 0px; border-left: 0px; padding-left: 0px; padding-right: 0px; display: inline; border-top: 0px; border-right: 0px; padding-top: 0px\" title=\"IMG_0123\" border=\"0\" alt=\"IMG_0123\" src=\"https:\/\/bobvarela.com\/wp-content\/uploads\/2012\/10\/IMG_0123_thumb.jpg\" width=\"191\" height=\"124\"\/><\/a><a href=\"https:\/\/bobvarela.com\/wp-content\/uploads\/2012\/10\/IMG_0005.jpg\"><img loading=\"lazy\" decoding=\"async\" style=\"background-image: none; border-bottom: 0px; border-left: 0px; padding-left: 0px; padding-right: 0px; display: inline; border-top: 0px; border-right: 0px; padding-top: 0px\" title=\"IMG_0005\" border=\"0\" alt=\"IMG_0005\" src=\"https:\/\/bobvarela.com\/wp-content\/uploads\/2012\/10\/IMG_0005_thumb.jpg\" width=\"208\" height=\"124\"\/><\/a> <\/p>\n<p align=\"justify\"><font size=\"3\">Eleane Arroyave, Miss Teen World Puerto Rico 2012, habl\u00f3 de su experiencia de reinado, competencia internacional y aprendizaje. Tambi\u00e9n exhort\u00f3 a las nuevas aspirantes al t\u00edtulo, a creer en ellas y esforzarse por lograr sus sue\u00f1os y metas. Igualmente se expresaron al p\u00fablico las dem\u00e1s reinas de este a\u00f1o, entre ellas Aracelis Guzm\u00e1n, Miss Teen Am\u00e9ricas 2012 y Valerie Hern\u00e1ndez, Miss Teen International Puerto Rico.<\/font> <\/p>\n<p align=\"justify\"><strong>ngg_shortcode_0_placeholder<\/strong> <\/p>\n<p align=\"justify\"><font size=\"3\">El pr\u00f3ximo s\u00e1bado 20 de octubre es la celebraci\u00f3n de la Gala de Coronaci\u00f3n de candidatas, donde cada una de las chicas recibir\u00e1 la cinta y corona de su pueblo. El evento se realizar\u00e1 en el Antiguo Casino de Ponce.<\/font> <\/p>\n<p align=\"center\"><a href=\"https:\/\/bobvarela.com\/wp-content\/uploads\/2012\/10\/IMG_0153.jpg\"><img loading=\"lazy\" decoding=\"async\" style=\"background-image: none; border-bottom: 0px; border-left: 0px; padding-left: 0px; padding-right: 0px; display: inline; border-top: 0px; border-right: 0px; padding-top: 0px\" title=\"IMG_0153\" border=\"0\" alt=\"IMG_0153\" src=\"https:\/\/bobvarela.com\/wp-content\/uploads\/2012\/10\/IMG_0153_thumb.jpg\" width=\"316\" height=\"181\"\/><\/a><\/p>\n","protected":false},"excerpt":{"rendered":"<p>San Juan, 7 de octubre de 2012 &#8211; La organizaci\u00f3n del certamen Miss Teen World Puerto Rico comenz\u00f3 la jornada de selecci\u00f3n de sus nuevas reinas para el 2013 con la bienvenida y orientaci\u00f3n de las 50 candidatas que participar\u00e1n&hellip;<\/p>\n<p class=\"more-link-p\"><a class=\"more-link\" href=\"https:\/\/bobvarela.com\/?p=42796\">Read more &rarr;<\/a><\/p>\n","protected":false},"author":1,"featured_media":0,"comment_status":"open","ping_status":"open","sticky":false,"template":"","format":"standard","meta":{"ngg_post_thumbnail":0,"footnotes":""},"categories":[5,410],"tags":[],"class_list":["post-42796","post","type-post","status-publish","format-standard","hentry","category-concursos","category-miss-teen-world-pr"],"_links":{"self":[{"href":"https:\/\/bobvarela.com\/index.php?rest_route=\/wp\/v2\/posts\/42796","targetHints":{"allow":["GET"]}}],"collection":[{"href":"https:\/\/bobvarela.com\/index.php?rest_route=\/wp\/v2\/posts"}],"about":[{"href":"https:\/\/bobvarela.com\/index.php?rest_route=\/wp\/v2\/types\/post"}],"author":[{"embeddable":true,"href":"https:\/\/bobvarela.com\/index.php?rest_route=\/wp\/v2\/users\/1"}],"replies":[{"embeddable":true,"href":"https:\/\/bobvarela.com\/index.php?rest_route=%2Fwp%2Fv2%2Fcomments&post=42796"}],"version-history":[{"count":1,"href":"https:\/\/bobvarela.com\/index.php?rest_route=\/wp\/v2\/posts\/42796\/revisions"}],"predecessor-version":[{"id":42797,"href":"https:\/\/bobvarela.com\/index.php?rest_route=\/wp\/v2\/posts\/42796\/revisions\/42797"}],"wp:attachment":[{"href":"https:\/\/bobvarela.com\/index.php?rest_route=%2Fwp%2Fv2%2Fmedia&parent=42796"}],"wp:term":[{"taxonomy":"category","embeddable":true,"href":"https:\/\/bobvarela.com\/index.php?rest_route=%2Fwp%2Fv2%2Fcategories&post=42796"},{"taxonomy":"post_tag","embeddable":true,"href":"https:\/\/bobvarela.com\/index.php?rest_route=%2Fwp%2Fv2%2Ftags&post=42796"}],"curies":[{"name":"wp","href":"https:\/\/api.w.org\/{rel}","templated":true}]}}