{"id":42824,"date":"2012-10-11T18:26:48","date_gmt":"2012-10-11T22:26:48","guid":{"rendered":"https:\/\/bobvarela.com\/?p=42824"},"modified":"2012-10-11T18:34:19","modified_gmt":"2012-10-11T22:34:19","slug":"diseadora-puertorriquea-lanza-coleccin-de-carteras-y-accesorios-que-ser-presentada-en-el-virginia-fashion-week","status":"publish","type":"post","link":"https:\/\/bobvarela.com\/?p=42824","title":{"rendered":"Dise&ntilde;adora puertorrique&ntilde;a lanza colecci&oacute;n de carteras y accesorios que ser&aacute; presentada en el Virginia Fashion Week"},"content":{"rendered":"<p align=\"justify\"><font size=\"3\"><a href=\"https:\/\/bobvarela.com\/wp-content\/uploads\/2012\/10\/Bon-Voyage-Promo2.jpg\"><img loading=\"lazy\" decoding=\"async\" style=\"background-image: none; border-right-width: 0px; padding-left: 0px; padding-right: 0px; display: block; float: none; border-top-width: 0px; border-bottom-width: 0px; margin-left: auto; border-left-width: 0px; margin-right: auto; padding-top: 0px\" title=\"Bon Voyage Promo2\" border=\"0\" alt=\"Bon Voyage Promo2\" src=\"https:\/\/bobvarela.com\/wp-content\/uploads\/2012\/10\/Bon-Voyage-Promo2_thumb.jpg\" width=\"288\" height=\"381\" \/><\/a><\/font><\/p>\n<p align=\"justify\"><font size=\"3\">No s\u00f3lo la dise\u00f1adora Ivelisse Nieves presentar\u00e1 su nueva colecci\u00f3n de joyer\u00eda \u201cBon Voyage\u201d, en el Virginia Fashion Week (VAFW), sino que la tambi\u00e9n escultora, exhibir\u00e1 por primera vez una propuesta de carteras para la temporada primavera-verano 2013. Este evento se celebrar\u00e1 del 18 al 21 de octubre en D\u00b4 Arts Center, en Norfolk, Virginia.<\/font><\/p>\n<p align=\"justify\"><font size=\"3\">\u201cEstoy muy contenta porque llevo dos meses trabajando fuerte para esta colecci\u00f3n de accesorios y carteras\u00a8, dijo la dise\u00f1adora. Mi colecci\u00f3n est\u00e1 inspirada en los a\u00f1os 70 y se llama \u201cBon Voyage\u201d, que significa emprender un nuevo viaje, un nuevo reto, una nueva vida , dejando atr\u00e1s un pasado\u201d, sostiene la artista. <\/font><\/p>\n<p align=\"justify\"><font size=\"3\">La nueva l\u00ednea de carteras de mano con estilo de sobre, est\u00e1n creadas para ser admiradas por sus llamativos colores y dise\u00f1os; y se pueden utilizar para toda ocasi\u00f3n. Est\u00e1n confeccionadas y bordadas a mano en telas de dram\u00e1ticos dise\u00f1os en estampados y coloresbrillantes, d\u00e1ndole un toque \u00fanico y exclusivo a cada pieza.<\/font><\/p>\n<p align=\"center\"><font size=\"3\"><a href=\"https:\/\/bobvarela.com\/wp-content\/uploads\/2012\/10\/Ivelisse_Jewelry_120929_0078-1.jpg\"><img loading=\"lazy\" decoding=\"async\" style=\"background-image: none; border-right-width: 0px; padding-left: 0px; padding-right: 0px; display: inline; border-top-width: 0px; border-bottom-width: 0px; border-left-width: 0px; padding-top: 0px\" title=\"Ivelisse_Jewelry_120929_0078-1\" border=\"0\" alt=\"Ivelisse_Jewelry_120929_0078-1\" src=\"https:\/\/bobvarela.com\/wp-content\/uploads\/2012\/10\/Ivelisse_Jewelry_120929_0078-1_thumb.jpg\" width=\"255\" height=\"381\" \/><\/a><\/font><\/p>\n<p align=\"justify\"><font size=\"3\">La t\u00e9cnica que se utiliz\u00f3 en la confecci\u00f3n de las carteras es mejor conocida como \u201ccrazy quilt\u201d en telas de algod\u00f3n y poli\u00e9ster con materiales bordados de semi-preciosas, cristales, cuarzos, mostacillas y acr\u00edlicos, entre otros.<\/font><\/p>\n<p align=\"justify\"><font size=\"3\">\u201cEn la nueva colecci\u00f3n de joyer\u00eda se mezclan dos estilos diferentes, pero muy utilizados, que marcaron esa \u00e9poca; un estilo \u201cBOHO\u201d o mejor conocido como \u00e9tnico (Hippie), pero adaptada a la \u00e9poca actual y el estilo contempor\u00e1neo (con el \u201clook\u201dDisco) que se enfoca en lo geom\u00e9trico y minimalista\u201d, coment\u00f3 la dise\u00f1adora. <\/font><\/p>\n<p align=\"justify\"><font size=\"3\">La colecci\u00f3n de joyer\u00eda tiene un toque original, glamoroso, sexy y vanguardista. En esta propuesta el p\u00fablico podr\u00e1 encontrar collares de m\u00faltiples l\u00edneas, aretes de gran tama\u00f1o, brazaletes y sortijas elaboradas en piedras semi-preciosas, cuarzos, cristales, \u201cfoam\u201d, pieles, acr\u00edlicos y metales preciosos entre ellos la plata, bronce y cobre.<\/font><\/p>\n<p align=\"center\"><font size=\"3\"><a href=\"https:\/\/bobvarela.com\/wp-content\/uploads\/2012\/10\/Ivelisse_Jewelry_120929_0104-1.jpg\"><img loading=\"lazy\" decoding=\"async\" style=\"background-image: none; border-right-width: 0px; padding-left: 0px; padding-right: 0px; display: inline; border-top-width: 0px; border-bottom-width: 0px; border-left-width: 0px; padding-top: 0px\" title=\"Ivelisse_Jewelry_120929_0104-1\" border=\"0\" alt=\"Ivelisse_Jewelry_120929_0104-1\" src=\"https:\/\/bobvarela.com\/wp-content\/uploads\/2012\/10\/Ivelisse_Jewelry_120929_0104-1_thumb.jpg\" width=\"255\" height=\"381\" \/><\/a><\/font><\/p>\n<p align=\"justify\"><font size=\"3\">Los colores que predominan para el estilo \u00e9tnico son los tierra como el marr\u00f3n, verde, terracota, blanco y negro. Para el estilo contempor\u00e1neo los colores que predominan son los brillantes.<\/font><\/p>\n<p align=\"justify\"><b><font size=\"3\"><\/font><\/b><\/p>\n<p align=\"justify\"><b><\/b><font size=\"3\">Una delegaci\u00f3n de modelos de Puerto Rico, compuesta por Tabatha S\u00e1nchez, Denalyn Cotto, Thal\u00eda Mohamed, Keishla Ortiz, Nicole Gonz\u00e1lez y Jesirikati\u00e1nn M\u00e1rquez, viajar\u00e1n a Virginia para formar parte del desfile de Ivelisse Nieves y otros dise\u00f1adores de el Virginia Fashion Week.<b><u><\/u><\/b><\/font><\/p>\n","protected":false},"excerpt":{"rendered":"<p>No s\u00f3lo la dise\u00f1adora Ivelisse Nieves presentar\u00e1 su nueva colecci\u00f3n de joyer\u00eda \u201cBon Voyage\u201d, en el Virginia Fashion Week (VAFW), sino que la tambi\u00e9n escultora, exhibir\u00e1 por primera vez una propuesta de carteras para la temporada primavera-verano 2013. Este evento&hellip;<\/p>\n<p class=\"more-link-p\"><a class=\"more-link\" href=\"https:\/\/bobvarela.com\/?p=42824\">Read more &rarr;<\/a><\/p>\n","protected":false},"author":1,"featured_media":0,"comment_status":"open","ping_status":"open","sticky":false,"template":"","format":"standard","meta":{"ngg_post_thumbnail":0,"footnotes":""},"categories":[4],"tags":[353],"class_list":["post-42824","post","type-post","status-publish","format-standard","hentry","category-moda","tag-ivelise-nieves"],"_links":{"self":[{"href":"https:\/\/bobvarela.com\/index.php?rest_route=\/wp\/v2\/posts\/42824","targetHints":{"allow":["GET"]}}],"collection":[{"href":"https:\/\/bobvarela.com\/index.php?rest_route=\/wp\/v2\/posts"}],"about":[{"href":"https:\/\/bobvarela.com\/index.php?rest_route=\/wp\/v2\/types\/post"}],"author":[{"embeddable":true,"href":"https:\/\/bobvarela.com\/index.php?rest_route=\/wp\/v2\/users\/1"}],"replies":[{"embeddable":true,"href":"https:\/\/bobvarela.com\/index.php?rest_route=%2Fwp%2Fv2%2Fcomments&post=42824"}],"version-history":[{"count":2,"href":"https:\/\/bobvarela.com\/index.php?rest_route=\/wp\/v2\/posts\/42824\/revisions"}],"predecessor-version":[{"id":42826,"href":"https:\/\/bobvarela.com\/index.php?rest_route=\/wp\/v2\/posts\/42824\/revisions\/42826"}],"wp:attachment":[{"href":"https:\/\/bobvarela.com\/index.php?rest_route=%2Fwp%2Fv2%2Fmedia&parent=42824"}],"wp:term":[{"taxonomy":"category","embeddable":true,"href":"https:\/\/bobvarela.com\/index.php?rest_route=%2Fwp%2Fv2%2Fcategories&post=42824"},{"taxonomy":"post_tag","embeddable":true,"href":"https:\/\/bobvarela.com\/index.php?rest_route=%2Fwp%2Fv2%2Ftags&post=42824"}],"curies":[{"name":"wp","href":"https:\/\/api.w.org\/{rel}","templated":true}]}}