{"id":42850,"date":"2012-10-16T07:22:01","date_gmt":"2012-10-16T11:22:01","guid":{"rendered":"https:\/\/bobvarela.com\/?p=42850"},"modified":"2012-10-16T07:22:04","modified_gmt":"2012-10-16T11:22:04","slug":"stella-nolasco-presenta-su-nueva-coleccin-artemisia-en-el-mapr","status":"publish","type":"post","link":"https:\/\/bobvarela.com\/?p=42850","title":{"rendered":"Stella Nolasco presenta su nueva colecci&oacute;n Artemisia en el MAPR"},"content":{"rendered":"<p align=\"center\"><font size=\"3\"><a href=\"https:\/\/bobvarela.com\/wp-content\/uploads\/2012\/10\/foto-de-la-artista-Stella-Nolasco.jpg\"><img loading=\"lazy\" decoding=\"async\" style=\"background-image: none; border-bottom: 0px; border-left: 0px; padding-left: 0px; padding-right: 0px; display: inline; border-top: 0px; border-right: 0px; padding-top: 0px\" title=\"foto de la artista-Stella Nolasco\" border=\"0\" alt=\"foto de la artista-Stella Nolasco\" src=\"https:\/\/bobvarela.com\/wp-content\/uploads\/2012\/10\/foto-de-la-artista-Stella-Nolasco_thumb.jpg\" width=\"178\" height=\"232\" \/><\/a><\/font><\/p>\n<p align=\"justify\"><font size=\"3\">La dise\u00f1adora de moda, Stella Nolasco, se presentar\u00e1 por segunda ocasi\u00f3n en el Museo de Arte de Puerto Rico (MAPR) uniendo a un exclusivo equipo de trabajo para exhibir su colecci\u00f3n Primavera\/Verano 2013, <b><i>Artemisia<\/i><\/b>. La pasarela se llevar\u00e1 a cabo el s\u00e1bado, 20 de octubre de 2012, puntual a las 7:00 p.m., comenzando con una fabulosa alfombra roja, seguida de un c\u00f3ctel. Para obtener boletos e informaci\u00f3n, pueden comunicarse con el Departamento de Desarrollo y Membres\u00edas del MAPR al (787) 977-4449\/4403.<\/font><\/p>\n<p align=\"justify\"><font size=\"3\"><a href=\"https:\/\/bobvarela.com\/wp-content\/uploads\/2012\/10\/Stella-Nolasco-Artemisia-Primavera-Verano-2013.jpg\"><img loading=\"lazy\" decoding=\"async\" style=\"background-image: none; border-right-width: 0px; padding-left: 0px; padding-right: 0px; display: block; float: none; border-top-width: 0px; border-bottom-width: 0px; margin-left: auto; border-left-width: 0px; margin-right: auto; padding-top: 0px\" title=\"Stella Nolasco-Artemisia-Primavera Verano 2013\" border=\"0\" alt=\"Stella Nolasco-Artemisia-Primavera Verano 2013\" src=\"https:\/\/bobvarela.com\/wp-content\/uploads\/2012\/10\/Stella-Nolasco-Artemisia-Primavera-Verano-2013_thumb.jpg\" width=\"414\" height=\"267\" \/><\/a><\/font><\/p>\n<p align=\"justify\"><font size=\"3\">\u201cEn el evento <b><i>Artemisia<\/i><\/b>, disfrutar\u00e1n una experiencia nunca antes vivida en la industria de la moda en Puerto Rico. Los recaudos de la actividad ser\u00e1n en su totalidad a beneficio del programa de exhibiciones del Museo de Arte de Puerto Rico. De esta manera, contribuimos al continuo desarrollo del arte en la Isla\u201d, coment\u00f3 Stella Nolasco.<\/font><\/p>\n<p align=\"justify\"><font size=\"3\">Por su parte, la Dra. Lourdes Ramos, Directora Ejecutiva del MAPR dijo: \u201cEn el Museo nos sentimos muy agradecidos y entusiasmados con la presentaci\u00f3n de Stella Nolasco, una destacada artista puertorrique\u00f1a de la moda. <b><i>Artemisia<\/i><\/b> es una propuesta excelente que une armoniosamente el arte y el dise\u00f1o. De esta manera adem\u00e1s, se promueve la variada oferta de actividades enriquecedoras que presenta el Museo para sus Socios y visitantes en general\u201d.<\/font><\/p>\n<table border=\"0\" cellspacing=\"0\" cellpadding=\"2\" width=\"640\">\n<tbody>\n<tr>\n<td valign=\"top\" width=\"638\">\n<p align=\"center\"><a href=\"https:\/\/bobvarela.com\/wp-content\/uploads\/2012\/10\/Stella-Nolasco-junto-a-la-dir-del-MAPR-Dra.-Lourdes-Ramos.jpg\"><img loading=\"lazy\" decoding=\"async\" style=\"background-image: none; border-bottom: 0px; border-left: 0px; padding-left: 0px; padding-right: 0px; display: inline; border-top: 0px; border-right: 0px; padding-top: 0px\" title=\"Stella Nolasco junto a la dir del MAPR Dra. Lourdes Ramos\" border=\"0\" alt=\"Stella Nolasco junto a la dir del MAPR Dra. Lourdes Ramos\" src=\"https:\/\/bobvarela.com\/wp-content\/uploads\/2012\/10\/Stella-Nolasco-junto-a-la-dir-del-MAPR-Dra.-Lourdes-Ramos_thumb.jpg\" width=\"336\" height=\"207\" \/><\/a><\/p>\n<\/td>\n<\/tr>\n<tr>\n<td valign=\"top\" width=\"638\">\n<p align=\"center\">Stella Nolasco junto a la directora del MAPR Dra. Lourdes Ramos. <\/p>\n<\/td>\n<\/tr>\n<\/tbody>\n<\/table>\n<p align=\"justify\"><font size=\"3\">Los invitados disfrutar\u00e1n de un \u00e9xquisito c\u00f3ctel auspiciado por M\u00e9ndez &amp; Company y sus marcas Vodka C\u00ceROC, Johnnie Walker Black Label, Fantinel, entre otras. El reconocido Chef Mario Pag\u00e1n de Laurel Kitchen | Art Bar proveer\u00e1 las delicias gastron\u00f3micas que degustar\u00e1n los presentes. Agradecemos el auspicio de T-Mobile, M\u00e9ndez &amp; Company, Acura y Glade. Nolasco y el MAPR contar\u00e1n con un excelente grupo de profesionales para presentar <b><i>Artemisia<\/i><\/b>, y a la misma vez, destacar la cercan\u00eda del arte y la moda.<\/font><\/p>\n<p align=\"justify\"><font size=\"3\">En el maquillaje y peinado estar\u00e1 Alis Tavares, de Mike n\u2019 Alis Studio, el \u2018styling\u2019 ser\u00e1 de Davis Carrasquillo y los zapatos de La Favorita. La m\u00fasica estar\u00e1 a cargo de DJ Velcro, quien con sus mezclas de m\u00fasica en vivo se ha paseado por los m\u00e1s exclusivos clubes internacionales. Asimismo, cerrando este equipo de primera, del sonido e iluminaci\u00f3n se encargar\u00e1 Music Factory y de la ambientaci\u00f3n, los creativos de Arquetipo. <\/font><\/p>\n<p align=\"justify\"><font size=\"3\">De otro lado, las fotos promocionales de<b><i> Artemisia<\/i><\/b> fueron realizadas por el fot\u00f3grafo Crist\u00f3bal Berr\u00edos, mientras que el camar\u00f3grafo para una serie de v\u00eddeos creativos que forman parte de la propuesta, lo es Pablo Patrignani.<\/font><\/p>\n","protected":false},"excerpt":{"rendered":"<p>La dise\u00f1adora de moda, Stella Nolasco, se presentar\u00e1 por segunda ocasi\u00f3n en el Museo de Arte de Puerto Rico (MAPR) uniendo a un exclusivo equipo de trabajo para exhibir su colecci\u00f3n Primavera\/Verano 2013, Artemisia. La pasarela se llevar\u00e1 a cabo&hellip;<\/p>\n<p class=\"more-link-p\"><a class=\"more-link\" href=\"https:\/\/bobvarela.com\/?p=42850\">Read more &rarr;<\/a><\/p>\n","protected":false},"author":1,"featured_media":0,"comment_status":"open","ping_status":"open","sticky":false,"template":"","format":"standard","meta":{"ngg_post_thumbnail":0,"footnotes":""},"categories":[4,295],"tags":[],"class_list":["post-42850","post","type-post","status-publish","format-standard","hentry","category-moda","category-puerto-rico"],"_links":{"self":[{"href":"https:\/\/bobvarela.com\/index.php?rest_route=\/wp\/v2\/posts\/42850","targetHints":{"allow":["GET"]}}],"collection":[{"href":"https:\/\/bobvarela.com\/index.php?rest_route=\/wp\/v2\/posts"}],"about":[{"href":"https:\/\/bobvarela.com\/index.php?rest_route=\/wp\/v2\/types\/post"}],"author":[{"embeddable":true,"href":"https:\/\/bobvarela.com\/index.php?rest_route=\/wp\/v2\/users\/1"}],"replies":[{"embeddable":true,"href":"https:\/\/bobvarela.com\/index.php?rest_route=%2Fwp%2Fv2%2Fcomments&post=42850"}],"version-history":[{"count":1,"href":"https:\/\/bobvarela.com\/index.php?rest_route=\/wp\/v2\/posts\/42850\/revisions"}],"predecessor-version":[{"id":42851,"href":"https:\/\/bobvarela.com\/index.php?rest_route=\/wp\/v2\/posts\/42850\/revisions\/42851"}],"wp:attachment":[{"href":"https:\/\/bobvarela.com\/index.php?rest_route=%2Fwp%2Fv2%2Fmedia&parent=42850"}],"wp:term":[{"taxonomy":"category","embeddable":true,"href":"https:\/\/bobvarela.com\/index.php?rest_route=%2Fwp%2Fv2%2Fcategories&post=42850"},{"taxonomy":"post_tag","embeddable":true,"href":"https:\/\/bobvarela.com\/index.php?rest_route=%2Fwp%2Fv2%2Ftags&post=42850"}],"curies":[{"name":"wp","href":"https:\/\/api.w.org\/{rel}","templated":true}]}}