{"id":42874,"date":"2012-10-19T01:59:28","date_gmt":"2012-10-19T05:59:28","guid":{"rendered":"https:\/\/bobvarela.com\/?p=42874"},"modified":"2012-10-19T01:59:31","modified_gmt":"2012-10-19T05:59:31","slug":"custo-barcelona-resumi-su-estilo-en-el-sptimo-aniversario-de-magia-de-la-moda","status":"publish","type":"post","link":"https:\/\/bobvarela.com\/?p=42874","title":{"rendered":"Custo Barcelona resumi&oacute; su estilo en el s&eacute;ptimo aniversario de Magia de la Moda"},"content":{"rendered":"<p align=\"justify\"><font size=\"4\"><strong>Media Force Public Relations<\/strong> \u2013 La revista Vanidades celebr\u00f3 la s\u00e9ptima edici\u00f3n de Magia de la Moda en el Collins Park de Miami Beach el pasado 11 de octubre, reuniendo a destacados artistas y empresarios de Miami. Un total de 60 celebridades desfilaron por la alfombra roja para despu\u00e9s ver el desfile de la nueva colecci\u00f3n del afamado dise\u00f1ador espa\u00f1ol Custo Barcelona; en una noche sin igual en el mundo de la moda, en donde todos los all\u00ed presentes tuvieron la oportunidad de experimentar una magia que solo la revista Vanidades y el equipo de Televisa Publishing saben brindar.<\/font> <\/p>\n<p align=\"justify\"><a href=\"https:\/\/bobvarela.com\/wp-content\/uploads\/2012\/10\/custo_pasarela-magia-2012-29-9562e328-65d9-1030-bfa4-0019b9d5c8df.jpg\"><img loading=\"lazy\" decoding=\"async\" style=\"background-image: none; border-bottom: 0px; border-left: 0px; margin: 0px; padding-left: 0px; padding-right: 0px; display: inline; border-top: 0px; border-right: 0px; padding-top: 0px\" title=\"\" border=\"0\" alt=\"\" src=\"https:\/\/bobvarela.com\/wp-content\/uploads\/2012\/10\/custo_pasarela-magia-2012-29-9562e328-65d9-1030-bfa4-0019b9d5c8df_thumb.jpg\" width=\"124\" height=\"184\"\/><\/a><a href=\"https:\/\/bobvarela.com\/wp-content\/uploads\/2012\/10\/custo_pasarela-magia-2012-05-7bda6f02-65d9-1030-bfa4-0019b9d5c8df.jpg\"><img loading=\"lazy\" decoding=\"async\" style=\"background-image: none; border-bottom: 0px; border-left: 0px; margin: 0px; padding-left: 0px; padding-right: 0px; display: inline; border-top: 0px; border-right: 0px; padding-top: 0px\" title=\"\" border=\"0\" alt=\"\" src=\"https:\/\/bobvarela.com\/wp-content\/uploads\/2012\/10\/custo_pasarela-magia-2012-05-7bda6f02-65d9-1030-bfa4-0019b9d5c8df_thumb.jpg\" width=\"124\" height=\"184\"\/><\/a><a href=\"https:\/\/bobvarela.com\/wp-content\/uploads\/2012\/10\/custo_pasarela-magia-2012-07-7e1053cc-65d9-1030-bfa4-0019b9d5c8df.jpg\"><img loading=\"lazy\" decoding=\"async\" style=\"background-image: none; border-bottom: 0px; border-left: 0px; margin: 0px; padding-left: 0px; padding-right: 0px; display: inline; border-top: 0px; border-right: 0px; padding-top: 0px\" title=\"\" border=\"0\" alt=\"\" src=\"https:\/\/bobvarela.com\/wp-content\/uploads\/2012\/10\/custo_pasarela-magia-2012-07-7e1053cc-65d9-1030-bfa4-0019b9d5c8df_thumb.jpg\" width=\"124\" height=\"184\"\/><\/a><a href=\"https:\/\/bobvarela.com\/wp-content\/uploads\/2012\/10\/custo_pasarela-magia-2012-12-842efc36-65d9-1030-bfa4-0019b9d5c8df.jpg\"><img loading=\"lazy\" decoding=\"async\" style=\"background-image: none; border-bottom: 0px; border-left: 0px; margin: 0px; padding-left: 0px; padding-right: 0px; display: inline; border-top: 0px; border-right: 0px; padding-top: 0px\" title=\"\" border=\"0\" alt=\"\" src=\"https:\/\/bobvarela.com\/wp-content\/uploads\/2012\/10\/custo_pasarela-magia-2012-12-842efc36-65d9-1030-bfa4-0019b9d5c8df_thumb.jpg\" width=\"124\" height=\"184\"\/><\/a><a href=\"https:\/\/bobvarela.com\/wp-content\/uploads\/2012\/10\/custo_pasarela-magia-2012-23-8efff016-65d9-1030-bfa4-0019b9d5c8df.jpg\"><img loading=\"lazy\" decoding=\"async\" style=\"background-image: none; border-bottom: 0px; border-left: 0px; padding-left: 0px; padding-right: 0px; display: inline; border-top: 0px; border-right: 0px; padding-top: 0px\" title=\"\" border=\"0\" alt=\"\" src=\"https:\/\/bobvarela.com\/wp-content\/uploads\/2012\/10\/custo_pasarela-magia-2012-23-8efff016-65d9-1030-bfa4-0019b9d5c8df_thumb.jpg\" width=\"124\" height=\"184\"\/><\/a> <\/p>\n<p align=\"justify\"><font size=\"4\">La noche inici\u00f3 con una espectacular alfombra roja, la cual reuni\u00f3 artistas de gran calibre como Elizabeth Guti\u00e9rrez, Juan Soler, Harry Geithner, Cristi\u00e1n de la Fuente, Laura Ferretti, Omar Germenos y Sasha Pretto entre otros, adem\u00e1s de un n\u00famero significativo de miembros de la prensa nunca antes visto en dicho evento. La noche fue refrescada con bebidas ex\u00f3ticas de la marca Ketel One Vodka, a su vez Covergirl aprovech\u00f3 la ocasi\u00f3n para lanzar su nueva l\u00ednea de esmaltes de u\u00f1as, y Pantene engalan\u00f3 la noche con sus nuevas tendencias en estilos de cabello.<\/font> <\/p>\n<p align=\"center\"><a href=\"https:\/\/bobvarela.com\/wp-content\/uploads\/2012\/10\/backs-magia-2012-06-718aa68c-65c2-1030-bfa4-0019b9d5c8df.jpg\"><img loading=\"lazy\" decoding=\"async\" style=\"background-image: none; border-bottom: 0px; border-left: 0px; padding-left: 0px; padding-right: 0px; display: inline; border-top: 0px; border-right: 0px; padding-top: 0px\" title=\"_backs-magia-2012-06-718aa68c-65c2-1030-bfa4-0019b9d5c8df\" border=\"0\" alt=\"_backs-magia-2012-06-718aa68c-65c2-1030-bfa4-0019b9d5c8df\" src=\"https:\/\/bobvarela.com\/wp-content\/uploads\/2012\/10\/backs-magia-2012-06-718aa68c-65c2-1030-bfa4-0019b9d5c8df_thumb.jpg\" width=\"308\" height=\"170\"\/><\/a> <\/p>\n<p align=\"justify\"><font size=\"4\">Ya entrada la noche Karla Mart\u00ednez (Despierta Am\u00e9rica) y Rodney Figueroa (Sal y Pimienta), ambos de la cadena Univision, a\u00f1adieron estilo al evento con sus presentaciones como maestros de ceremonia, seguido por una pasarela que un\u00eda lo cl\u00e1sico y lo rustico, con modelos que acentuaban el estilo europeo de Barcelona. El p\u00fablico qued\u00f3 sorprendido por la originalidad del dise\u00f1ador espa\u00f1ol. Felipe Viel, Maky Soler, la Jueza Cristina Pereyra, Luca Mencarini, Rosina Grosso, Lina de la Pava, Alberto Salaberri, Andreina Santander, Humberto Carrera, y Claudia Molina, fueron algunas de las celebridades que disfrutaron del evento Magia de la Moda 2012.<\/font> <\/p>\n<p align=\"justify\"><a href=\"https:\/\/bobvarela.com\/wp-content\/uploads\/2012\/10\/custo_pasarela-magia-2012-01-783f057e-65d9-1030-bfa4-0019b9d5c8df.jpg\"><img loading=\"lazy\" decoding=\"async\" style=\"background-image: none; border-bottom: 0px; border-left: 0px; margin: 0px; padding-left: 0px; padding-right: 0px; display: inline; border-top: 0px; border-right: 0px; padding-top: 0px\" title=\"\" border=\"0\" alt=\"\" src=\"https:\/\/bobvarela.com\/wp-content\/uploads\/2012\/10\/custo_pasarela-magia-2012-01-783f057e-65d9-1030-bfa4-0019b9d5c8df_thumb.jpg\" width=\"124\" height=\"184\"\/><\/a><a href=\"https:\/\/bobvarela.com\/wp-content\/uploads\/2012\/10\/alfombra-mag-16-b3a5a5b2-65fe-1030-bfa4-0019b9d5c8df.jpg\"><img loading=\"lazy\" decoding=\"async\" style=\"background-image: none; border-bottom: 0px; border-left: 0px; margin: 0px; padding-left: 0px; padding-right: 0px; display: inline; border-top: 0px; border-right: 0px; padding-top: 0px\" title=\"\" border=\"0\" alt=\"\" src=\"https:\/\/bobvarela.com\/wp-content\/uploads\/2012\/10\/alfombra-mag-16-b3a5a5b2-65fe-1030-bfa4-0019b9d5c8df_thumb.jpg\" width=\"124\" height=\"180\"\/><\/a><a href=\"https:\/\/bobvarela.com\/wp-content\/uploads\/2012\/10\/alfombra-mag-11-af9ac5a6-65fe-1030-bfa4-0019b9d5c8df.jpg\"><img loading=\"lazy\" decoding=\"async\" style=\"background-image: none; border-bottom: 0px; border-left: 0px; margin: 0px; padding-left: 0px; padding-right: 0px; display: inline; border-top: 0px; border-right: 0px; padding-top: 0px\" title=\"\" border=\"0\" alt=\"\" src=\"https:\/\/bobvarela.com\/wp-content\/uploads\/2012\/10\/alfombra-mag-11-af9ac5a6-65fe-1030-bfa4-0019b9d5c8df_thumb.jpg\" width=\"123\" height=\"184\"\/><\/a><a href=\"https:\/\/bobvarela.com\/wp-content\/uploads\/2012\/10\/custo_pasarela-magia-2012-06-7ce05768-65d9-1030-bfa4-0019b9d5c8df.jpg\"><img loading=\"lazy\" decoding=\"async\" style=\"background-image: none; border-bottom: 0px; border-left: 0px; margin: 0px; padding-left: 0px; padding-right: 0px; display: inline; border-top: 0px; border-right: 0px; padding-top: 0px\" title=\"\" border=\"0\" alt=\"\" src=\"https:\/\/bobvarela.com\/wp-content\/uploads\/2012\/10\/custo_pasarela-magia-2012-06-7ce05768-65d9-1030-bfa4-0019b9d5c8df_thumb.jpg\" width=\"124\" height=\"184\"\/><\/a><a href=\"https:\/\/bobvarela.com\/wp-content\/uploads\/2012\/10\/custo_pasarela-magia-2012-02-795bb2c2-65d9-1030-bfa4-0019b9d5c8df.jpg\"><img loading=\"lazy\" decoding=\"async\" style=\"background-image: none; border-bottom: 0px; border-left: 0px; padding-left: 0px; padding-right: 0px; display: inline; border-top: 0px; border-right: 0px; padding-top: 0px\" title=\"\" border=\"0\" alt=\"\" src=\"https:\/\/bobvarela.com\/wp-content\/uploads\/2012\/10\/custo_pasarela-magia-2012-02-795bb2c2-65d9-1030-bfa4-0019b9d5c8df_thumb.jpg\" width=\"124\" height=\"184\"\/><\/a> <\/p>\n<p align=\"justify\"><font size=\"4\">Custo Barcelona apuesta por una amplia variedad crom\u00e1tica de tonos pasteles y \u00e1cidos, aunque tambi\u00e9n hace uso del negro. Las prendas de mujer se presentan con estampados y tejidos variados, donde da cabida tanto al tul como a la seda o las transparencias, predominan los tejidos vaporosos y los trajes des-estructurados. Para los hombres, las prendas dejan en mayor medida ver el cuerpo, con mini shorts y camisetas ajustadas en tonos llamativos. Adem\u00e1s Custo acompa\u00f1\u00f3 a los modelos con complementos como bolsos, relojes y gafas retro hechas de acetato.<\/font> <\/p>\n<p align=\"justify\"><font size=\"4\">Fue una noche de moda m\u00e1gica donde el estilo tuvo su papel protag\u00f3nico, demostrando una vez m\u00e1s que Vanidades est\u00e1 a la vanguardia en nuevas tendencias y que es un referente de la moda para los Hispanos en Estados Unidos y Latino Am\u00e9rica.<\/font><\/p>\n","protected":false},"excerpt":{"rendered":"<p>Media Force Public Relations \u2013 La revista Vanidades celebr\u00f3 la s\u00e9ptima edici\u00f3n de Magia de la Moda en el Collins Park de Miami Beach el pasado 11 de octubre, reuniendo a destacados artistas y empresarios de Miami. Un total de&hellip;<\/p>\n<p class=\"more-link-p\"><a class=\"more-link\" href=\"https:\/\/bobvarela.com\/?p=42874\">Read more &rarr;<\/a><\/p>\n","protected":false},"author":1,"featured_media":0,"comment_status":"open","ping_status":"open","sticky":false,"template":"","format":"standard","meta":{"ngg_post_thumbnail":0,"footnotes":""},"categories":[4],"tags":[435],"class_list":["post-42874","post","type-post","status-publish","format-standard","hentry","category-moda","tag-custo-barcelona"],"_links":{"self":[{"href":"https:\/\/bobvarela.com\/index.php?rest_route=\/wp\/v2\/posts\/42874","targetHints":{"allow":["GET"]}}],"collection":[{"href":"https:\/\/bobvarela.com\/index.php?rest_route=\/wp\/v2\/posts"}],"about":[{"href":"https:\/\/bobvarela.com\/index.php?rest_route=\/wp\/v2\/types\/post"}],"author":[{"embeddable":true,"href":"https:\/\/bobvarela.com\/index.php?rest_route=\/wp\/v2\/users\/1"}],"replies":[{"embeddable":true,"href":"https:\/\/bobvarela.com\/index.php?rest_route=%2Fwp%2Fv2%2Fcomments&post=42874"}],"version-history":[{"count":1,"href":"https:\/\/bobvarela.com\/index.php?rest_route=\/wp\/v2\/posts\/42874\/revisions"}],"predecessor-version":[{"id":42875,"href":"https:\/\/bobvarela.com\/index.php?rest_route=\/wp\/v2\/posts\/42874\/revisions\/42875"}],"wp:attachment":[{"href":"https:\/\/bobvarela.com\/index.php?rest_route=%2Fwp%2Fv2%2Fmedia&parent=42874"}],"wp:term":[{"taxonomy":"category","embeddable":true,"href":"https:\/\/bobvarela.com\/index.php?rest_route=%2Fwp%2Fv2%2Fcategories&post=42874"},{"taxonomy":"post_tag","embeddable":true,"href":"https:\/\/bobvarela.com\/index.php?rest_route=%2Fwp%2Fv2%2Ftags&post=42874"}],"curies":[{"name":"wp","href":"https:\/\/api.w.org\/{rel}","templated":true}]}}