{"id":42910,"date":"2012-10-22T06:36:54","date_gmt":"2012-10-22T10:36:54","guid":{"rendered":"https:\/\/bobvarela.com\/?p=42910"},"modified":"2012-10-22T20:47:39","modified_gmt":"2012-10-23T00:47:39","slug":"de-estreno-el-west-en-aguadilla","status":"publish","type":"post","link":"https:\/\/bobvarela.com\/?p=42910","title":{"rendered":"DE ESTRENO EL WEST EN AGUADILLA"},"content":{"rendered":"<p align=\"center\"><font size=\"3\"><a href=\"https:\/\/bobvarela.com\/wp-content\/uploads\/2012\/10\/cid_293D1FCD-5557-42E1-84B4-8E90C68AAAC4.jpg\"><img loading=\"lazy\" decoding=\"async\" style=\"background-image: none; border-right-width: 0px; padding-left: 0px; padding-right: 0px; display: inline; border-top-width: 0px; border-bottom-width: 0px; border-left-width: 0px; padding-top: 0px\" title=\"!cid_293D1FCD-5557-42E1-84B4-8E90C68AAAC4\" border=\"0\" alt=\"!cid_293D1FCD-5557-42E1-84B4-8E90C68AAAC4\" src=\"https:\/\/bobvarela.com\/wp-content\/uploads\/2012\/10\/cid_293D1FCD-5557-42E1-84B4-8E90C68AAAC4_thumb.jpg\" width=\"338\" height=\"203\" \/><\/a><\/font><\/p>\n<p align=\"justify\"><font size=\"3\">GATSBY presenta la quinta edici\u00f3n de Moda, Belleza y Turismo Interno del WEST Fashion Week, que se estrena del 26 al 28 de octubre en las instalaciones del Courtyard Marriott en Aguadilla.<\/font><\/p>\n<p align=\"justify\"><font size=\"3\">Una ventena de dise\u00f1adores de moda invadir\u00e1n la pasarela del WEST Fashion Week para presentar sus colecciones Spring-Summer Resort 2013mientras Gatsby tendr\u00e1 pases de moda de sus nuevas tendencias para damas y caballeros.<\/font><\/p>\n<p align=\"center\"><a href=\"https:\/\/bobvarela.com\/wp-content\/uploads\/2012\/10\/cid_0C80E2C0-7638-476E-93AE-B3D0730E9DC3.png\"><img loading=\"lazy\" decoding=\"async\" style=\"background-image: none; border-right-width: 0px; padding-left: 0px; padding-right: 0px; display: inline; border-top-width: 0px; border-bottom-width: 0px; border-left-width: 0px; padding-top: 0px\" title=\"!cid_0C80E2C0-7638-476E-93AE-B3D0730E9DC3\" border=\"0\" alt=\"!cid_0C80E2C0-7638-476E-93AE-B3D0730E9DC3\" src=\"https:\/\/bobvarela.com\/wp-content\/uploads\/2012\/10\/cid_0C80E2C0-7638-476E-93AE-B3D0730E9DC3_thumb.png\" width=\"152\" height=\"227\" \/><\/a><\/p>\n<p align=\"justify\"><font size=\"3\">Reina Mora se estrena en el WEST con su colecci\u00f3n Holiday, para ni\u00f1as, <i>&quot;Absolutely for Girls&quot; <\/i>y el lanzamiento de su p\u00e1gina on-line <\/font><a href=\"https:\/\/www.reinamorapr.com\"><font size=\"3\">www.reinamorapr.com<\/font><\/a><\/p>\n<p align=\"justify\"><font size=\"3\">La cartera de dise?adores contar\u00e1 con las colecciones de: Angel Guzm\u00e1n, Lisa Thon, Sonia Rivera, Diana V\u00e1zquez, Noelia Cruz y Lourdes Vanessa mientras Deleniz Garc\u00eda presenta su colecci\u00f3n de ba?adores&#160; &quot;Cloud 9&quot; para ambos sexos.<\/font><\/p>\n<p align=\"justify\"><font size=\"3\">EDP College, ahora con cursos de dise?o de Modas en San Sebastian presentar\u00e1 el Showcase de H\u00e9ctor Omar y Orlando Figueroa. <\/font><\/p>\n<p align=\"center\"><a href=\"https:\/\/bobvarela.com\/wp-content\/uploads\/2012\/10\/cid_7550A954-DB23-468D-86AC-C4523795EEDA.jpg\"><img loading=\"lazy\" decoding=\"async\" style=\"background-image: none; border-right-width: 0px; padding-left: 0px; padding-right: 0px; display: inline; border-top-width: 0px; border-bottom-width: 0px; border-left-width: 0px; padding-top: 0px\" title=\"!cid_7550A954-DB23-468D-86AC-C4523795EEDA\" border=\"0\" alt=\"!cid_7550A954-DB23-468D-86AC-C4523795EEDA\" src=\"https:\/\/bobvarela.com\/wp-content\/uploads\/2012\/10\/cid_7550A954-DB23-468D-86AC-C4523795EEDA_thumb.jpg\" width=\"174\" height=\"255\" \/><\/a><\/p>\n<p align=\"justify\"><font size=\"3\">Mientras se estrenan en la divisi\u00f3n novel las dise\u00f1adoras: Charlotte Castrill\u00f3n y Normariliz Soto; junto a Cathy Sep\u00f9lveda, Idalia S\u00faarez, Orlando Emanuel, Janice Emilia y Ana Mar\u00eda Mariana.<\/font><\/p>\n<p align=\"justify\"><font size=\"3\">Como nota innovadora incorporamos la &quot;stylist&quot; Liz Amelie con un pase de moda inspirado en las tendencias del momento bajo su propio sello Gliz.<\/font><\/p>\n<p align=\"center\"><a href=\"https:\/\/bobvarela.com\/wp-content\/uploads\/2012\/10\/cid_4DEED82D-6F75-4D28-8C3A-28F58394D6B6.jpg\"><img loading=\"lazy\" decoding=\"async\" style=\"background-image: none; border-right-width: 0px; padding-left: 0px; padding-right: 0px; display: inline; border-top-width: 0px; border-bottom-width: 0px; border-left-width: 0px; padding-top: 0px\" title=\"!cid_4DEED82D-6F75-4D28-8C3A-28F58394D6B6\" border=\"0\" alt=\"!cid_4DEED82D-6F75-4D28-8C3A-28F58394D6B6\" src=\"https:\/\/bobvarela.com\/wp-content\/uploads\/2012\/10\/cid_4DEED82D-6F75-4D28-8C3A-28F58394D6B6_thumb.jpg\" width=\"246\" height=\"189\" \/><\/a><\/p>\n<p align=\"justify\"><font size=\"3\">Para cerrar el fin de semana de moda el domingo 28 de octubre se celebrar\u00e1 la 3era edici\u00f3n del WModel y el estreno de la categor\u00eda WGirl, buscando desarrollar nuevos talentos en el campo del modelaje, mientras engalanar\u00e1n la pasarela los dise?adores invitados Juan Col\u00f3n y Natalia L\u00f3pez. <\/font><\/p>\n<p align=\"justify\"><font size=\"3\">El arreglo de los modelos estar\u00e1 a cargo del Instituto de Banca de Lajas. La Revista WPortfolio conto con los escenarios del Hotel Courtyard Marriott asi como la pista de patinaje sobre hielo, Aguadilla Ice Skating Arena, el arreglo de los estilistas Adriel Ortiz, Ileana Ort\u00edz y Mario Reyes y trabajo y apoyo de Bahenre Studio, responsable te todas estas fotos de la revista W Portfolio con modelos ANNJANNETTE.<\/font><\/p>\n","protected":false},"excerpt":{"rendered":"<p>GATSBY presenta la quinta edici\u00f3n de Moda, Belleza y Turismo Interno del WEST Fashion Week, que se estrena del 26 al 28 de octubre en las instalaciones del Courtyard Marriott en Aguadilla. Una ventena de dise\u00f1adores de moda invadir\u00e1n la&hellip;<\/p>\n<p class=\"more-link-p\"><a class=\"more-link\" href=\"https:\/\/bobvarela.com\/?p=42910\">Read more &rarr;<\/a><\/p>\n","protected":false},"author":1,"featured_media":0,"comment_status":"open","ping_status":"open","sticky":false,"template":"","format":"standard","meta":{"ngg_post_thumbnail":0,"footnotes":""},"categories":[4,295],"tags":[335],"class_list":["post-42910","post","type-post","status-publish","format-standard","hentry","category-moda","category-puerto-rico","tag-west-fasion-week"],"_links":{"self":[{"href":"https:\/\/bobvarela.com\/index.php?rest_route=\/wp\/v2\/posts\/42910","targetHints":{"allow":["GET"]}}],"collection":[{"href":"https:\/\/bobvarela.com\/index.php?rest_route=\/wp\/v2\/posts"}],"about":[{"href":"https:\/\/bobvarela.com\/index.php?rest_route=\/wp\/v2\/types\/post"}],"author":[{"embeddable":true,"href":"https:\/\/bobvarela.com\/index.php?rest_route=\/wp\/v2\/users\/1"}],"replies":[{"embeddable":true,"href":"https:\/\/bobvarela.com\/index.php?rest_route=%2Fwp%2Fv2%2Fcomments&post=42910"}],"version-history":[{"count":2,"href":"https:\/\/bobvarela.com\/index.php?rest_route=\/wp\/v2\/posts\/42910\/revisions"}],"predecessor-version":[{"id":42942,"href":"https:\/\/bobvarela.com\/index.php?rest_route=\/wp\/v2\/posts\/42910\/revisions\/42942"}],"wp:attachment":[{"href":"https:\/\/bobvarela.com\/index.php?rest_route=%2Fwp%2Fv2%2Fmedia&parent=42910"}],"wp:term":[{"taxonomy":"category","embeddable":true,"href":"https:\/\/bobvarela.com\/index.php?rest_route=%2Fwp%2Fv2%2Fcategories&post=42910"},{"taxonomy":"post_tag","embeddable":true,"href":"https:\/\/bobvarela.com\/index.php?rest_route=%2Fwp%2Fv2%2Ftags&post=42910"}],"curies":[{"name":"wp","href":"https:\/\/api.w.org\/{rel}","templated":true}]}}