{"id":42991,"date":"2012-10-27T09:02:18","date_gmt":"2012-10-27T13:02:18","guid":{"rendered":"https:\/\/bobvarela.com\/?p=42991"},"modified":"2012-10-27T09:02:21","modified_gmt":"2012-10-27T13:02:21","slug":"gaby-prego-primaveraverano-2013","status":"publish","type":"post","link":"https:\/\/bobvarela.com\/?p=42991","title":{"rendered":"Gaby Prego Primavera\/Verano 2013"},"content":{"rendered":"<p align=\"justify\"><font size=\"3\">El 26 de octubre en el Polvor\u00edn de San Ger\u00f3nimo, Parque Luis Mu\u00f1oz Mar\u00edn la dise\u00f1adora Gaby Prego presento su colecci\u00f3n Primavera\/Verano 2013 titulado <b><i>\u201cL\u2019 evolution de la dentelle\u201d. <\/i><\/b>A continuaci\u00f3n las fotos<\/font><\/p>\n<p><strong>ngg_shortcode_0_placeholder<\/strong>.<\/p>\n","protected":false},"excerpt":{"rendered":"<p>El 26 de octubre en el Polvor\u00edn de San Ger\u00f3nimo, Parque Luis Mu\u00f1oz Mar\u00edn la dise\u00f1adora Gaby Prego presento su colecci\u00f3n Primavera\/Verano 2013 titulado \u201cL\u2019 evolution de la dentelle\u201d. A continuaci\u00f3n las fotos .<\/p>\n<p class=\"more-link-p\"><a class=\"more-link\" href=\"https:\/\/bobvarela.com\/?p=42991\">Read more &rarr;<\/a><\/p>\n","protected":false},"author":1,"featured_media":0,"comment_status":"open","ping_status":"open","sticky":false,"template":"","format":"standard","meta":{"ngg_post_thumbnail":0,"footnotes":""},"categories":[4,295],"tags":[436],"class_list":["post-42991","post","type-post","status-publish","format-standard","hentry","category-moda","category-puerto-rico","tag-gaby-prego"],"_links":{"self":[{"href":"https:\/\/bobvarela.com\/index.php?rest_route=\/wp\/v2\/posts\/42991","targetHints":{"allow":["GET"]}}],"collection":[{"href":"https:\/\/bobvarela.com\/index.php?rest_route=\/wp\/v2\/posts"}],"about":[{"href":"https:\/\/bobvarela.com\/index.php?rest_route=\/wp\/v2\/types\/post"}],"author":[{"embeddable":true,"href":"https:\/\/bobvarela.com\/index.php?rest_route=\/wp\/v2\/users\/1"}],"replies":[{"embeddable":true,"href":"https:\/\/bobvarela.com\/index.php?rest_route=%2Fwp%2Fv2%2Fcomments&post=42991"}],"version-history":[{"count":1,"href":"https:\/\/bobvarela.com\/index.php?rest_route=\/wp\/v2\/posts\/42991\/revisions"}],"predecessor-version":[{"id":42992,"href":"https:\/\/bobvarela.com\/index.php?rest_route=\/wp\/v2\/posts\/42991\/revisions\/42992"}],"wp:attachment":[{"href":"https:\/\/bobvarela.com\/index.php?rest_route=%2Fwp%2Fv2%2Fmedia&parent=42991"}],"wp:term":[{"taxonomy":"category","embeddable":true,"href":"https:\/\/bobvarela.com\/index.php?rest_route=%2Fwp%2Fv2%2Fcategories&post=42991"},{"taxonomy":"post_tag","embeddable":true,"href":"https:\/\/bobvarela.com\/index.php?rest_route=%2Fwp%2Fv2%2Ftags&post=42991"}],"curies":[{"name":"wp","href":"https:\/\/api.w.org\/{rel}","templated":true}]}}