{"id":43008,"date":"2012-10-29T07:44:03","date_gmt":"2012-10-29T11:44:03","guid":{"rendered":"https:\/\/bobvarela.com\/?p=43008"},"modified":"2012-10-29T07:44:06","modified_gmt":"2012-10-29T11:44:06","slug":"seminarios-para-crear-nueva-imagen","status":"publish","type":"post","link":"https:\/\/bobvarela.com\/?p=43008","title":{"rendered":"Seminarios para crear nueva imagen"},"content":{"rendered":"<p align=\"justify\"><font size=\"3\"><\/font><\/p>\n<p align=\"center\"><font size=\"3\"><a href=\"https:\/\/bobvarela.com\/wp-content\/uploads\/2012\/10\/Caridad-Fernndez.jpg\"><img loading=\"lazy\" decoding=\"async\" style=\"background-image: none; border-bottom: 0px; border-left: 0px; padding-left: 0px; padding-right: 0px; display: inline; border-top: 0px; border-right: 0px; padding-top: 0px\" title=\"Caridad Fern\u00e1ndez\" border=\"0\" alt=\"Caridad Fern\u00e1ndez\" src=\"https:\/\/bobvarela.com\/wp-content\/uploads\/2012\/10\/Caridad-Fernndez_thumb.jpg\" width=\"146\" height=\"210\" \/><\/a><\/font><\/p>\n<p align=\"justify\"><font size=\"3\">San Juan, PR \u2013 Con el prop\u00f3sito de dirigir y orientar a las j\u00f3venes que buscan convertirse en modelos, Caridad Fern\u00e1ndez, directora de \u00danica Centro de Refinamiento y Modelaje y presidenta del Puerto Rico High Fashion Week, ofrecer\u00e1 el seminario: <b><i>Secretos de top<\/i><\/b><i> <b>model<\/b>,<\/i> dise\u00f1ado exclusivamente para modelos que buscan mantenerse al d\u00eda en la industria o para chicas que est\u00e1n considerando comenzar una carrera en modelaje.<\/font><\/p>\n<p align=\"justify\"><font size=\"3\">El seminario contar\u00e1 adem\u00e1s con la participaci\u00f3n de la <i>top model<\/i> Larissa Santiago e invitados especiales, expertos en belleza, quienes ofrecer\u00e1n consultor\u00eda de imagen. <\/font><\/p>\n<p align=\"justify\"><b><i><font size=\"3\">Renueva tu imagen para el nuevo a\u00f1o<\/font><\/i><\/b><\/p>\n<p align=\"justify\"><b><i><font size=\"3\"><\/font><\/i><\/b><\/p>\n<p align=\"justify\"><b><i><font size=\"3\"><\/font><\/i><\/b><\/p>\n<p align=\"justify\"><font size=\"3\">Dirigido a la mujer en general, que interesa mejorar su imagen y apariencia, Fern\u00e1ndez tambi\u00e9n cre\u00f3 el seminario: <b><i>Renueva tu imagen para el nuevo a\u00f1o<\/i><\/b>. El mismo tendr\u00e1 un enfoque parecido al de <i>top model<\/i>, pero enfocado en el diario vivir. Entre los temas a tratar se incluir\u00e1: c\u00f3mo cambiar su estilo y sacar lo mejor de si misma, postura, consejos de maquillaje y cuidado del cabello, evaluaci\u00f3n f\u00edsica y recomendaciones.<\/font><\/p>\n<p align=\"justify\"><font size=\"3\">Ambos seminarios ser\u00e1n ofrecidos el s\u00e1bado, 10 de noviembre, de 3:00 PM \u2013 5:30 PM en las instalaciones de la agencia de modelos \u00danica, ubicada en la Calle Aldea #1258, marginal de la Baldorioty de Castro en Santurce.<\/font><\/p>\n<p align=\"justify\"><font size=\"3\">Los espacios son limitados.&#160; Para informaci\u00f3n adicional o reservaciones, puede comunicarse al 787.723.8866<\/font><\/p>\n","protected":false},"excerpt":{"rendered":"<p>San Juan, PR \u2013 Con el prop\u00f3sito de dirigir y orientar a las j\u00f3venes que buscan convertirse en modelos, Caridad Fern\u00e1ndez, directora de \u00danica Centro de Refinamiento y Modelaje y presidenta del Puerto Rico High Fashion Week, ofrecer\u00e1 el seminario:&hellip;<\/p>\n<p class=\"more-link-p\"><a class=\"more-link\" href=\"https:\/\/bobvarela.com\/?p=43008\">Read more &rarr;<\/a><\/p>\n","protected":false},"author":1,"featured_media":0,"comment_status":"open","ping_status":"open","sticky":false,"template":"","format":"standard","meta":{"ngg_post_thumbnail":0,"footnotes":""},"categories":[4,295],"tags":[],"class_list":["post-43008","post","type-post","status-publish","format-standard","hentry","category-moda","category-puerto-rico"],"_links":{"self":[{"href":"https:\/\/bobvarela.com\/index.php?rest_route=\/wp\/v2\/posts\/43008","targetHints":{"allow":["GET"]}}],"collection":[{"href":"https:\/\/bobvarela.com\/index.php?rest_route=\/wp\/v2\/posts"}],"about":[{"href":"https:\/\/bobvarela.com\/index.php?rest_route=\/wp\/v2\/types\/post"}],"author":[{"embeddable":true,"href":"https:\/\/bobvarela.com\/index.php?rest_route=\/wp\/v2\/users\/1"}],"replies":[{"embeddable":true,"href":"https:\/\/bobvarela.com\/index.php?rest_route=%2Fwp%2Fv2%2Fcomments&post=43008"}],"version-history":[{"count":1,"href":"https:\/\/bobvarela.com\/index.php?rest_route=\/wp\/v2\/posts\/43008\/revisions"}],"predecessor-version":[{"id":43009,"href":"https:\/\/bobvarela.com\/index.php?rest_route=\/wp\/v2\/posts\/43008\/revisions\/43009"}],"wp:attachment":[{"href":"https:\/\/bobvarela.com\/index.php?rest_route=%2Fwp%2Fv2%2Fmedia&parent=43008"}],"wp:term":[{"taxonomy":"category","embeddable":true,"href":"https:\/\/bobvarela.com\/index.php?rest_route=%2Fwp%2Fv2%2Fcategories&post=43008"},{"taxonomy":"post_tag","embeddable":true,"href":"https:\/\/bobvarela.com\/index.php?rest_route=%2Fwp%2Fv2%2Ftags&post=43008"}],"curies":[{"name":"wp","href":"https:\/\/api.w.org\/{rel}","templated":true}]}}