{"id":43125,"date":"2012-11-07T20:50:00","date_gmt":"2012-11-08T00:50:00","guid":{"rendered":"https:\/\/bobvarela.com\/?p=43125"},"modified":"2012-11-07T20:50:02","modified_gmt":"2012-11-08T00:50:02","slug":"alberto-cerro-mister-mundo-puerto-rico-2012","status":"publish","type":"post","link":"https:\/\/bobvarela.com\/?p=43125","title":{"rendered":"Alberto Cerro, Mister Mundo Puerto Rico 2012"},"content":{"rendered":"<p align=\"justify\"><b><i><font size=\"3\">Alberto M. Cerro es estudiante de publicidad creativa, tiene 23 a\u00f1os, ha trabajado como modelo, apasionado del ejercicio y ser\u00e1 quien representar\u00e1 a Puerto Rico en Mister Mundo 2012.<\/font><\/i><\/b><\/p>\n<p align=\"center\"><font size=\"3\"><a href=\"https:\/\/bobvarela.com\/wp-content\/uploads\/2012\/11\/ALBERTOCERRO.jpg\"><img loading=\"lazy\" decoding=\"async\" style=\"background-image: none; border-bottom: 0px; border-left: 0px; padding-left: 0px; padding-right: 0px; display: inline; border-top: 0px; border-right: 0px; padding-top: 0px\" title=\"ALBERTOCERRO\" border=\"0\" alt=\"ALBERTOCERRO\" src=\"https:\/\/bobvarela.com\/wp-content\/uploads\/2012\/11\/ALBERTOCERRO_thumb.jpg\" width=\"240\" height=\"243\" \/><\/a><\/font><\/p>\n<p align=\"justify\"><font size=\"3\">SAN JUAN, PR &#8211; Alberto Cerro, Mister Mundo Puerto Rico 2012 viaja hoy jueves, 7 de noviembre a Kent, Inglaterra a competir en el certamen m\u00e1s importante de hombres, Mister World que tendr\u00e1 la cifra record de 70 candidatos compitiendo por el t\u00edtulo del hombre m\u00e1s deseado del mundo. <\/font><\/p>\n<p align=\"justify\"><font size=\"3\">Nuestro flamante representante internacional es de la regi\u00f3n sureste de Puerto Rico, espec\u00edficamente del pueblo de Yabucoa, conocido por muchos como &quot;La Ciudad del Az\u00facar&quot; o &quot;Los Azucareros&quot;. Alberto de 23 a\u00f1os y orgulloso yabucoe\u00f1o estudia publicidad creativa en la Universidad del Sagrado Coraz\u00f3n. Con su carism\u00e1tica presencia se ha ganado el coraz\u00f3n de miles de puertorrique\u00f1as desde que fue anunciado como el nuevo Mister Mundo Puerto Rico, teniendo en cuenta que pondr\u00e1 el nombre de su pa\u00eds en alto.<\/font><\/p>\n<p align=\"center\"><a href=\"https:\/\/bobvarela.com\/wp-content\/uploads\/2012\/11\/ALBERTO-CERRO-MISTERMUNDOPR1.jpg\"><img loading=\"lazy\" decoding=\"async\" style=\"background-image: none; border-bottom: 0px; border-left: 0px; padding-left: 0px; padding-right: 0px; display: inline; border-top: 0px; border-right: 0px; padding-top: 0px\" title=\"ALBERTO-CERRO-MISTERMUNDOPR1\" border=\"0\" alt=\"ALBERTO-CERRO-MISTERMUNDOPR1\" src=\"https:\/\/bobvarela.com\/wp-content\/uploads\/2012\/11\/ALBERTO-CERRO-MISTERMUNDOPR1_thumb.jpg\" width=\"195\" height=\"243\" \/><\/a><\/p>\n<p align=\"justify\"><font size=\"3\">&quot;Estoy muy contento con la Organizaci\u00f3n de Miss Mundo Puerto Rico, ellos confiaron en mi trabajo y se ha visto el resultado. Me siento muy fel\u00edz de ser puertorrique\u00f1o y de representar a mi isla en un certamen tan importante como lo es Mister Mundo. Definitivamente tengo que darle gracias a DIOS por todas las oportunidades que me han llegado y porque puedo decir con la frente en alto que mi entrenamiento ha sido uno de constancia, perseverancia y empe\u00f1o. Tengo tanto que agradecer a mi equipo de trabajo que son la base y sustancia de lo que soy hoy como ser humano y candidato&quot;.<\/font><\/p>\n<p align=\"center\"><a href=\"https:\/\/bobvarela.com\/wp-content\/uploads\/2012\/11\/ALBERTO-CERRO-MISTERMUNDOPR2.jpg\"><img loading=\"lazy\" decoding=\"async\" style=\"background-image: none; border-bottom: 0px; border-left: 0px; padding-left: 0px; padding-right: 0px; display: inline; border-top: 0px; border-right: 0px; padding-top: 0px\" title=\"ALBERTO-CERRO-MISTERMUNDOPR2\" border=\"0\" alt=\"ALBERTO-CERRO-MISTERMUNDOPR2\" src=\"https:\/\/bobvarela.com\/wp-content\/uploads\/2012\/11\/ALBERTO-CERRO-MISTERMUNDOPR2_thumb.jpg\" width=\"164\" height=\"243\" \/><\/a><\/p>\n<p align=\"justify\"><font size=\"3\">Alberto se describe como un hombre honesto, real, amigable, disciplinado y muy trabajador. Sus pasatiempos son hacer ejercicios, correr bicicleta y le fascina hacer turismo interno. Le gusta viajar y conocer diferentes culturas y su lema es vivir cada d\u00eda como si fuera el \u00faltimo. <\/font><\/p>\n<p align=\"center\"><a href=\"https:\/\/bobvarela.com\/wp-content\/uploads\/2012\/11\/ALBERTO-CERRO-MISTERMUNDOPR3.jpg\"><img loading=\"lazy\" decoding=\"async\" style=\"background-image: none; border-bottom: 0px; border-left: 0px; padding-left: 0px; padding-right: 0px; display: inline; border-top: 0px; border-right: 0px; padding-top: 0px\" title=\"ALBERTO-CERRO-MISTERMUNDOPR3\" border=\"0\" alt=\"ALBERTO-CERRO-MISTERMUNDOPR3\" src=\"https:\/\/bobvarela.com\/wp-content\/uploads\/2012\/11\/ALBERTO-CERRO-MISTERMUNDOPR3_thumb.jpg\" width=\"178\" height=\"243\" \/><\/a><\/p>\n<p align=\"justify\"><font size=\"3\">El certamen de Mister Mundo se celebrar\u00e1 en Kent, Inglaterra el 24 de noviembre. Por el momento Alberto sigue enfocado en ganar la primera corona de Mister Mundo para Puerto Rico y ya est\u00e1 listo para enfrentarse a todos los retos que le esperan en Inglaterra.<\/font><\/p>\n<p align=\"center\"><a href=\"https:\/\/bobvarela.com\/wp-content\/uploads\/2012\/11\/ALBERTO-CERRO-MISTERMUNDOPR4.jpg\"><img loading=\"lazy\" decoding=\"async\" style=\"background-image: none; border-bottom: 0px; border-left: 0px; padding-left: 0px; padding-right: 0px; display: inline; border-top: 0px; border-right: 0px; padding-top: 0px\" title=\"ALBERTO-CERRO-MISTERMUNDOPR4\" border=\"0\" alt=\"ALBERTO-CERRO-MISTERMUNDOPR4\" src=\"https:\/\/bobvarela.com\/wp-content\/uploads\/2012\/11\/ALBERTO-CERRO-MISTERMUNDOPR4_thumb.jpg\" width=\"164\" height=\"243\" \/><\/a><\/p>\n<p align=\"justify\"><font size=\"3\">El equipo de trabajo de Alberto Cerro lo componen Diana Montero y Luis H. Cort\u00e9s de Latin International US Organization, Ismael M\u00e9ndez &#8211; Representante, Edwin Benitez de Cuerpos Fitness Club &#8211; Entrenador Personal, Berenice Ort\u00edz &#8211; Nutricionista Deportiva, Christian Trenche y Melvin Rom\u00e1n &#8211; Pasarela y Proyecci\u00f3n, Jos\u00e9 Texeira &#8211; Stylist, Luis &quot;Belleza&quot; V\u00e9lez &#8211; Fot\u00f3grafo, Miriam Pab\u00f3n &#8211; Dicci\u00f3n\/Actuaci\u00f3n\/Ingl\u00e9s, Ediel Omar Reyes y Yashira Aponte &#8211; Oratoria, Jos\u00e9 Ra\u00fal &#8211; Dise\u00f1ador y el Dr. Victor Ort\u00edz en Odontolog\u00eda Cosm\u00e9tica.<\/font><\/p>\n<p align=\"justify\"><font size=\"3\">Redes Sociales Alberto M. Cerro:<\/font><\/p>\n<p align=\"justify\"><font size=\"3\">Facebook: <\/font><a href=\"https:\/\/www.facebook.com\/MWPR2012\"><font size=\"3\">https:\/\/www.facebook.com\/MWPR2012<\/font><\/a><\/p>\n<p align=\"justify\"><font size=\"3\">Twitter: <\/font><a href=\"https:\/\/twitter.com\/acerropr\"><font size=\"3\">https:\/\/twitter.com\/acerropr<\/font><\/a><\/p>\n","protected":false},"excerpt":{"rendered":"<p>Alberto M. Cerro es estudiante de publicidad creativa, tiene 23 a\u00f1os, ha trabajado como modelo, apasionado del ejercicio y ser\u00e1 quien representar\u00e1 a Puerto Rico en Mister Mundo 2012. SAN JUAN, PR &#8211; Alberto Cerro, Mister Mundo Puerto Rico 2012&hellip;<\/p>\n<p class=\"more-link-p\"><a class=\"more-link\" href=\"https:\/\/bobvarela.com\/?p=43125\">Read more &rarr;<\/a><\/p>\n","protected":false},"author":1,"featured_media":0,"comment_status":"open","ping_status":"open","sticky":false,"template":"","format":"standard","meta":{"ngg_post_thumbnail":0,"footnotes":""},"categories":[5,165],"tags":[438],"class_list":["post-43125","post","type-post","status-publish","format-standard","hentry","category-concursos","category-mundo","tag-mister-mundo"],"_links":{"self":[{"href":"https:\/\/bobvarela.com\/index.php?rest_route=\/wp\/v2\/posts\/43125","targetHints":{"allow":["GET"]}}],"collection":[{"href":"https:\/\/bobvarela.com\/index.php?rest_route=\/wp\/v2\/posts"}],"about":[{"href":"https:\/\/bobvarela.com\/index.php?rest_route=\/wp\/v2\/types\/post"}],"author":[{"embeddable":true,"href":"https:\/\/bobvarela.com\/index.php?rest_route=\/wp\/v2\/users\/1"}],"replies":[{"embeddable":true,"href":"https:\/\/bobvarela.com\/index.php?rest_route=%2Fwp%2Fv2%2Fcomments&post=43125"}],"version-history":[{"count":1,"href":"https:\/\/bobvarela.com\/index.php?rest_route=\/wp\/v2\/posts\/43125\/revisions"}],"predecessor-version":[{"id":43126,"href":"https:\/\/bobvarela.com\/index.php?rest_route=\/wp\/v2\/posts\/43125\/revisions\/43126"}],"wp:attachment":[{"href":"https:\/\/bobvarela.com\/index.php?rest_route=%2Fwp%2Fv2%2Fmedia&parent=43125"}],"wp:term":[{"taxonomy":"category","embeddable":true,"href":"https:\/\/bobvarela.com\/index.php?rest_route=%2Fwp%2Fv2%2Fcategories&post=43125"},{"taxonomy":"post_tag","embeddable":true,"href":"https:\/\/bobvarela.com\/index.php?rest_route=%2Fwp%2Fv2%2Ftags&post=43125"}],"curies":[{"name":"wp","href":"https:\/\/api.w.org\/{rel}","templated":true}]}}