{"id":43141,"date":"2012-11-08T19:36:36","date_gmt":"2012-11-08T23:36:36","guid":{"rendered":"https:\/\/bobvarela.com\/?p=43141"},"modified":"2012-11-08T19:37:32","modified_gmt":"2012-11-08T23:37:32","slug":"brilla-ashley-beth-prez-en-el-salvador-y-se-corona-virreina-en-miss-mesoamrica-internacional","status":"publish","type":"post","link":"https:\/\/bobvarela.com\/?p=43141","title":{"rendered":"Brilla Ashley Beth P&eacute;rez en El Salvador y se corona Virreina en Miss Mesoam&eacute;rica Internacional 2012"},"content":{"rendered":"<p align=\"center\"><a href=\"https:\/\/bobvarela.com\/wp-content\/uploads\/2012\/11\/197325_394777323925178_2146975957_n.jpg\"><img loading=\"lazy\" decoding=\"async\" style=\"background-image: none; border-right-width: 0px; padding-left: 0px; padding-right: 0px; display: inline; border-top-width: 0px; border-bottom-width: 0px; border-left-width: 0px; padding-top: 0px\" title=\"197325_394777323925178_2146975957_n\" border=\"0\" alt=\"197325_394777323925178_2146975957_n\" src=\"https:\/\/bobvarela.com\/wp-content\/uploads\/2012\/11\/197325_394777323925178_2146975957_n_thumb.jpg\" width=\"262\" height=\"180\" \/><\/a><\/p>\n<p align=\"justify\"><font size=\"3\">San Juan, 8 de noviembre de 2012.- Ashley Beth Perez, Miss Meoam\u00e9rica Puerto Rico, obtuvo la poici\u00f3n de primera finlista y por ende se coron\u00f3 como Virreina de Miss Mesoam\u00e9rica internacional. el pasado&#160; s\u00e1bado 3 de noviembre en la gala final del prestigioso certamen celebrada en el Teatro Fepade en San Salvador.<\/font><\/p>\n<p align=\"justify\"><font size=\"3\"><a href=\"https:\/\/bobvarela.com\/wp-content\/uploads\/2012\/11\/602656_394788037257440_273045412_n.jpg\"><img loading=\"lazy\" decoding=\"async\" style=\"background-image: none; border-right-width: 0px; padding-left: 0px; padding-right: 0px; display: block; float: none; border-top-width: 0px; border-bottom-width: 0px; margin-left: auto; border-left-width: 0px; margin-right: auto; padding-top: 0px\" title=\"602656_394788037257440_273045412_n\" border=\"0\" alt=\"602656_394788037257440_273045412_n\" src=\"https:\/\/bobvarela.com\/wp-content\/uploads\/2012\/11\/602656_394788037257440_273045412_n_thumb.jpg\" width=\"293\" height=\"192\" \/><\/a><\/font><\/p>\n<p align=\"justify\"><font size=\"3\">Tras una semana de competencia, las candidatas provientes de los diferentes pa\u00edses se enfrentaron por \u00faltima vez al jurado, quien luego de haber evaluado a las j\u00f3venes seleccion\u00f3 como vencedora a Miss Espa\u00f1a, y a <b>Miss Puerto Rico<\/b>, como la nueva Virreina, quien adem\u00e1s se alz\u00f3 con la corona de Miss Puerto de la Libertad, el premio ecol\u00f3gico La Tortuga Verde y el premio a la mejor figura.<\/font><\/p>\n<p align=\"justify\"><font size=\"3\"><a href=\"https:\/\/bobvarela.com\/wp-content\/uploads\/2012\/11\/523433_394789373923973_1204842771_n.jpg\"><img loading=\"lazy\" decoding=\"async\" style=\"background-image: none; border-right-width: 0px; padding-left: 0px; padding-right: 0px; display: block; float: none; border-top-width: 0px; border-bottom-width: 0px; margin-left: auto; border-left-width: 0px; margin-right: auto; padding-top: 0px\" title=\"523433_394789373923973_1204842771_n\" border=\"0\" alt=\"523433_394789373923973_1204842771_n\" src=\"https:\/\/bobvarela.com\/wp-content\/uploads\/2012\/11\/523433_394789373923973_1204842771_n_thumb.jpg\" width=\"313\" height=\"210\" \/><\/a><\/font><\/p>\n<p align=\"justify\"><font size=\"3\">Para la beldad carolinense de 22 a\u00f1os, y quien en 2011 fuerra cuarta finalista de Miss Universe Puerto Rico, su experiencia en El Salvador fue hermosa, alegre y gratificante.. &quot;Sentir el cari\u00f1o de todos los fan\u00e1ticos es hermoso e indescriptible.. Me siento muy orgullosa de mi desempe\u00f1o y de haber representado dignamente a mi Isla. Puerto Rico se dio a conocer en el Salvador y en el Mundo una vez m\u00e1s y me siento feliz por mis \u00e9xitos&quot;, expres\u00f3 la reina.<\/font><\/p>\n<p align=\"center\"><font size=\"3\"><a href=\"https:\/\/bobvarela.com\/wp-content\/uploads\/2012\/11\/403516_394772433925667_782397538_n.jpg\"><img loading=\"lazy\" decoding=\"async\" style=\"background-image: none; border-right-width: 0px; padding-left: 0px; padding-right: 0px; display: inline; border-top-width: 0px; border-bottom-width: 0px; border-left-width: 0px; padding-top: 0px\" title=\"403516_394772433925667_782397538_n\" border=\"0\" alt=\"403516_394772433925667_782397538_n\" src=\"https:\/\/bobvarela.com\/wp-content\/uploads\/2012\/11\/403516_394772433925667_782397538_n_thumb.jpg\" width=\"357\" height=\"210\" \/><\/a><\/font><\/p>\n<p align=\"justify\"><font size=\"3\">La tambi\u00e9n modelo e instructura de MC Models es actualemnete una de las im\u00e1genes oficiales de la nueva campa\u00f1a de las tiendas Sears Se prepara adem\u00e1s para otros eventos de belleza y modelaje..<\/font><\/p>\n","protected":false},"excerpt":{"rendered":"<p>San Juan, 8 de noviembre de 2012.- Ashley Beth Perez, Miss Meoam\u00e9rica Puerto Rico, obtuvo la poici\u00f3n de primera finlista y por ende se coron\u00f3 como Virreina de Miss Mesoam\u00e9rica internacional. el pasado&#160; s\u00e1bado 3 de noviembre en la gala&hellip;<\/p>\n<p class=\"more-link-p\"><a class=\"more-link\" href=\"https:\/\/bobvarela.com\/?p=43141\">Read more &rarr;<\/a><\/p>\n","protected":false},"author":1,"featured_media":0,"comment_status":"open","ping_status":"open","sticky":false,"template":"","format":"standard","meta":{"ngg_post_thumbnail":0,"footnotes":""},"categories":[5],"tags":[],"class_list":["post-43141","post","type-post","status-publish","format-standard","hentry","category-concursos"],"_links":{"self":[{"href":"https:\/\/bobvarela.com\/index.php?rest_route=\/wp\/v2\/posts\/43141","targetHints":{"allow":["GET"]}}],"collection":[{"href":"https:\/\/bobvarela.com\/index.php?rest_route=\/wp\/v2\/posts"}],"about":[{"href":"https:\/\/bobvarela.com\/index.php?rest_route=\/wp\/v2\/types\/post"}],"author":[{"embeddable":true,"href":"https:\/\/bobvarela.com\/index.php?rest_route=\/wp\/v2\/users\/1"}],"replies":[{"embeddable":true,"href":"https:\/\/bobvarela.com\/index.php?rest_route=%2Fwp%2Fv2%2Fcomments&post=43141"}],"version-history":[{"count":2,"href":"https:\/\/bobvarela.com\/index.php?rest_route=\/wp\/v2\/posts\/43141\/revisions"}],"predecessor-version":[{"id":43143,"href":"https:\/\/bobvarela.com\/index.php?rest_route=\/wp\/v2\/posts\/43141\/revisions\/43143"}],"wp:attachment":[{"href":"https:\/\/bobvarela.com\/index.php?rest_route=%2Fwp%2Fv2%2Fmedia&parent=43141"}],"wp:term":[{"taxonomy":"category","embeddable":true,"href":"https:\/\/bobvarela.com\/index.php?rest_route=%2Fwp%2Fv2%2Fcategories&post=43141"},{"taxonomy":"post_tag","embeddable":true,"href":"https:\/\/bobvarela.com\/index.php?rest_route=%2Fwp%2Fv2%2Ftags&post=43141"}],"curies":[{"name":"wp","href":"https:\/\/api.w.org\/{rel}","templated":true}]}}