{"id":43150,"date":"2012-11-09T06:47:21","date_gmt":"2012-11-09T10:47:21","guid":{"rendered":"https:\/\/bobvarela.com\/?p=43150"},"modified":"2012-11-09T06:47:23","modified_gmt":"2012-11-09T10:47:23","slug":"miss-teen-international-2012-es-miss-puerto-rico","status":"publish","type":"post","link":"https:\/\/bobvarela.com\/?p=43150","title":{"rendered":"Miss Teen International 2012 es Miss Puerto Rico"},"content":{"rendered":"<p align=\"justify\"><font size=\"3\">San Juan, 8 de noviembre de 2012.- Valerie Hern\u00e1ndez, Miss Teen International Puerto Rico, se convirti\u00f3 en la nueva Miss Teen International 2012. el pasado lunes 4 de noviembre en la gala final del prestigioso certamen celebrada en el Teatro Eugene Oneil en la capital de Costa Rica.<\/font><\/p>\n<p align=\"center\"><a href=\"https:\/\/bobvarela.com\/wp-content\/uploads\/2012\/11\/LEO_2875.jpg\"><img loading=\"lazy\" decoding=\"async\" style=\"background-image: none; border-right-width: 0px; padding-left: 0px; padding-right: 0px; display: inline; border-top-width: 0px; border-bottom-width: 0px; border-left-width: 0px; padding-top: 0px\" title=\"LEO_2875\" border=\"0\" alt=\"LEO_2875\" src=\"https:\/\/bobvarela.com\/wp-content\/uploads\/2012\/11\/LEO_2875_thumb.jpg\" width=\"123\" height=\"184\" \/><\/a><\/p>\n<p align=\"justify\"><font size=\"3\">Tras una semana de competencia las candidatas, provientes de los diferentes partes del Mundo y que fueron tras el t\u00edtulo, se enfrentaron por \u00faltima vez al jurado, quien luego de haber evaluado a las j\u00f3venes seleccion\u00f3 como vencedora a <b>Valerie Hern\u00e1ndez<\/b>, Miss Puerto Rico, como la nueva portadora del t\u00edtulo.<\/font><\/p>\n<p align=\"center\"><a href=\"https:\/\/bobvarela.com\/wp-content\/uploads\/2012\/11\/LEO_2842.jpg\"><img loading=\"lazy\" decoding=\"async\" style=\"background-image: none; border-bottom: 0px; border-left: 0px; padding-left: 0px; padding-right: 0px; display: inline; border-top: 0px; border-right: 0px; padding-top: 0px\" title=\"LEO_2842\" border=\"0\" alt=\"LEO_2842\" src=\"https:\/\/bobvarela.com\/wp-content\/uploads\/2012\/11\/LEO_2842_thumb.jpg\" width=\"165\" height=\"221\" \/><\/a><\/p>\n<p align=\"justify\"><font size=\"3\">Para la beldad carolinense de 18 a\u00f1os, y cuarta ganadora boricua de esta competencia, la experiencia fue un sue\u00f1o hecho realidad. &quot;No se como describir lo que siento. Me siento muy orgullosa de mi deempe\u00f1o y de haber tra\u00eddo nuevamente el t\u00edtulo a Puerto Rico luego de siete a\u00f1os. Mi compromiso con la organizacion es llevar este t\u00edtulo con mucha honra, utilizarlo para lograr coa poitivas para la juventud y seguir creciendo como persona&quot;, expres\u00f3 emocionada a su llegada a la Isla.<\/font><\/p>\n<p align=\"center\"><font size=\"3\"><a href=\"https:\/\/bobvarela.com\/wp-content\/uploads\/2012\/11\/LEO_2863.jpg\"><img loading=\"lazy\" decoding=\"async\" style=\"background-image: none; border-bottom: 0px; border-left: 0px; padding-left: 0px; padding-right: 0px; display: inline; border-top: 0px; border-right: 0px; padding-top: 0px\" title=\"LEO_2863\" border=\"0\" alt=\"LEO_2863\" src=\"https:\/\/bobvarela.com\/wp-content\/uploads\/2012\/11\/LEO_2863_thumb.jpg\" width=\"155\" height=\"203\" \/><\/a><\/font><\/p>\n<p align=\"justify\"><font size=\"3\">Carlos Figueroa Figueroa, presidente de Teen World of Puerto Rico, Inc. dijo sentirse satisfecho y feliz con el desempe\u00f1o de Hern\u00e1ndez. &quot;Me siento orgulloso de Valerie por su desempe\u00f1o, dedicaci\u00f3n y buen deseo de superaci\u00f3n, eso la hizo ganadora&quot;,agreg\u00f3. <\/font><\/p>\n","protected":false},"excerpt":{"rendered":"<p>San Juan, 8 de noviembre de 2012.- Valerie Hern\u00e1ndez, Miss Teen International Puerto Rico, se convirti\u00f3 en la nueva Miss Teen International 2012. el pasado lunes 4 de noviembre en la gala final del prestigioso certamen celebrada en el Teatro&hellip;<\/p>\n<p class=\"more-link-p\"><a class=\"more-link\" href=\"https:\/\/bobvarela.com\/?p=43150\">Read more &rarr;<\/a><\/p>\n","protected":false},"author":1,"featured_media":0,"comment_status":"open","ping_status":"open","sticky":false,"template":"","format":"standard","meta":{"ngg_post_thumbnail":0,"footnotes":""},"categories":[5],"tags":[],"class_list":["post-43150","post","type-post","status-publish","format-standard","hentry","category-concursos"],"_links":{"self":[{"href":"https:\/\/bobvarela.com\/index.php?rest_route=\/wp\/v2\/posts\/43150","targetHints":{"allow":["GET"]}}],"collection":[{"href":"https:\/\/bobvarela.com\/index.php?rest_route=\/wp\/v2\/posts"}],"about":[{"href":"https:\/\/bobvarela.com\/index.php?rest_route=\/wp\/v2\/types\/post"}],"author":[{"embeddable":true,"href":"https:\/\/bobvarela.com\/index.php?rest_route=\/wp\/v2\/users\/1"}],"replies":[{"embeddable":true,"href":"https:\/\/bobvarela.com\/index.php?rest_route=%2Fwp%2Fv2%2Fcomments&post=43150"}],"version-history":[{"count":1,"href":"https:\/\/bobvarela.com\/index.php?rest_route=\/wp\/v2\/posts\/43150\/revisions"}],"predecessor-version":[{"id":43151,"href":"https:\/\/bobvarela.com\/index.php?rest_route=\/wp\/v2\/posts\/43150\/revisions\/43151"}],"wp:attachment":[{"href":"https:\/\/bobvarela.com\/index.php?rest_route=%2Fwp%2Fv2%2Fmedia&parent=43150"}],"wp:term":[{"taxonomy":"category","embeddable":true,"href":"https:\/\/bobvarela.com\/index.php?rest_route=%2Fwp%2Fv2%2Fcategories&post=43150"},{"taxonomy":"post_tag","embeddable":true,"href":"https:\/\/bobvarela.com\/index.php?rest_route=%2Fwp%2Fv2%2Ftags&post=43150"}],"curies":[{"name":"wp","href":"https:\/\/api.w.org\/{rel}","templated":true}]}}