{"id":43169,"date":"2012-11-11T08:46:53","date_gmt":"2012-11-11T12:46:53","guid":{"rendered":"https:\/\/bobvarela.com\/?p=43169"},"modified":"2012-11-11T08:46:56","modified_gmt":"2012-11-11T12:46:56","slug":"harry-robles-primavera-verano-2013-titulado-filigrana","status":"publish","type":"post","link":"https:\/\/bobvarela.com\/?p=43169","title":{"rendered":"Harry Robles primavera-verano 2013 titulado Filigrana"},"content":{"rendered":"<p align=\"justify\"><font size=\"3\">El 10 de noviembre de 2012 en el Hotel San Juan, el respetado dise\u00f1ador de modas puertorrique\u00f1o Harry Robles presento su colecci\u00f3n primavera-verano 2013 titulado \u201cFiligrana\u201d. Este Desfile fue a beneficio de la organzaci\u00f3n sin fines de lucro Limbs for Haiti.<\/font><\/p>\n<p align=\"justify\"><font size=\"3\"> La colecci\u00f3n de 40 cambios donde se unen las flores con las franjas, las transparencias con la opulencia, la textura con bordados que parecen saltar de vivos estampados. Una colecci\u00f3n donde no vimos los tradicionales tonos pasteles ni los colores c\u00edtricos. Robles integra acentos, bordados y telas met\u00e1licas con altos contrastes que provienen de ricos estampados , repujados y encajes.<\/font><\/p>\n<p align=\"justify\"><a href=\"https:\/\/bobvarela.com\/wp-content\/uploads\/2012\/11\/Harry-Robles-Primavera-verano-2013-014.jpg\"><img loading=\"lazy\" decoding=\"async\" style=\"background-image: none; border-bottom: 0px; border-left: 0px; padding-left: 0px; padding-right: 0px; display: inline; border-top: 0px; border-right: 0px; padding-top: 0px\" title=\"Harry Robles Primavera verano 2013 014\" border=\"0\" alt=\"Harry Robles Primavera verano 2013 014\" src=\"https:\/\/bobvarela.com\/wp-content\/uploads\/2012\/11\/Harry-Robles-Primavera-verano-2013-014_thumb.jpg\" width=\"184\" height=\"124\" \/><\/a><a href=\"https:\/\/bobvarela.com\/wp-content\/uploads\/2012\/11\/Harry-Robles-Primavera-verano-2013-002.jpg\"><img loading=\"lazy\" decoding=\"async\" style=\"background-image: none; border-bottom: 0px; border-left: 0px; padding-left: 0px; padding-right: 0px; display: inline; border-top: 0px; border-right: 0px; padding-top: 0px\" title=\"Harry Robles Primavera verano 2013 002\" border=\"0\" alt=\"Harry Robles Primavera verano 2013 002\" src=\"https:\/\/bobvarela.com\/wp-content\/uploads\/2012\/11\/Harry-Robles-Primavera-verano-2013-002_thumb.jpg\" width=\"184\" height=\"124\" \/><\/a><a href=\"https:\/\/bobvarela.com\/wp-content\/uploads\/2012\/11\/Harry-Robles-Primavera-verano-2013-007.jpg\"><img loading=\"lazy\" decoding=\"async\" style=\"background-image: none; border-bottom: 0px; border-left: 0px; padding-left: 0px; padding-right: 0px; display: inline; border-top: 0px; border-right: 0px; padding-top: 0px\" title=\"Harry Robles Primavera verano 2013 007\" border=\"0\" alt=\"Harry Robles Primavera verano 2013 007\" src=\"https:\/\/bobvarela.com\/wp-content\/uploads\/2012\/11\/Harry-Robles-Primavera-verano-2013-007_thumb.jpg\" width=\"184\" height=\"124\" \/><\/a><\/p>\n<p align=\"justify\"><font size=\"3\">El artista combina estampados y bloques de colores brillantes como el fuchsia, el azul p\u00farpura, el verde chatr\u00e9, el mostaza y el coral rojizo con inquietante efectividad, logrando as\u00ed crear alto impacto y memorable sofisticaci\u00f3n.<\/font><\/p>\n<p align=\"justify\"><font size=\"3\">Robles propuso estilos relajados sin ignorar la sensualidad de la silueta femenina en juguetones conjuntos de hot pants, conjuntos de pantal\u00f3n largo y chaquetas, y sus ya famosos vestidos coctel en l\u00ednea A, ajustados a la cintura y con falda campana. <\/font><\/p>\n<p align=\"justify\"><font size=\"3\">\u201cFiligrana\u201d cuenta con accesorios por Fabian de la Fuentes, zapatos de Suola, y maquillaje y peinados por los estilistas del Sal\u00f3n Mike n Alis.<\/font><\/p>\n<p><strong>ngg_shortcode_0_placeholder<\/strong>.<\/p>\n","protected":false},"excerpt":{"rendered":"<p>El 10 de noviembre de 2012 en el Hotel San Juan, el respetado dise\u00f1ador de modas puertorrique\u00f1o Harry Robles presento su colecci\u00f3n primavera-verano 2013 titulado \u201cFiligrana\u201d. Este Desfile fue a beneficio de la organzaci\u00f3n sin fines de lucro Limbs for&hellip;<\/p>\n<p class=\"more-link-p\"><a class=\"more-link\" href=\"https:\/\/bobvarela.com\/?p=43169\">Read more &rarr;<\/a><\/p>\n","protected":false},"author":1,"featured_media":0,"comment_status":"open","ping_status":"open","sticky":false,"template":"","format":"standard","meta":{"ngg_post_thumbnail":0,"footnotes":""},"categories":[4,295],"tags":[397],"class_list":["post-43169","post","type-post","status-publish","format-standard","hentry","category-moda","category-puerto-rico","tag-harry-robles"],"_links":{"self":[{"href":"https:\/\/bobvarela.com\/index.php?rest_route=\/wp\/v2\/posts\/43169","targetHints":{"allow":["GET"]}}],"collection":[{"href":"https:\/\/bobvarela.com\/index.php?rest_route=\/wp\/v2\/posts"}],"about":[{"href":"https:\/\/bobvarela.com\/index.php?rest_route=\/wp\/v2\/types\/post"}],"author":[{"embeddable":true,"href":"https:\/\/bobvarela.com\/index.php?rest_route=\/wp\/v2\/users\/1"}],"replies":[{"embeddable":true,"href":"https:\/\/bobvarela.com\/index.php?rest_route=%2Fwp%2Fv2%2Fcomments&post=43169"}],"version-history":[{"count":1,"href":"https:\/\/bobvarela.com\/index.php?rest_route=\/wp\/v2\/posts\/43169\/revisions"}],"predecessor-version":[{"id":43170,"href":"https:\/\/bobvarela.com\/index.php?rest_route=\/wp\/v2\/posts\/43169\/revisions\/43170"}],"wp:attachment":[{"href":"https:\/\/bobvarela.com\/index.php?rest_route=%2Fwp%2Fv2%2Fmedia&parent=43169"}],"wp:term":[{"taxonomy":"category","embeddable":true,"href":"https:\/\/bobvarela.com\/index.php?rest_route=%2Fwp%2Fv2%2Fcategories&post=43169"},{"taxonomy":"post_tag","embeddable":true,"href":"https:\/\/bobvarela.com\/index.php?rest_route=%2Fwp%2Fv2%2Ftags&post=43169"}],"curies":[{"name":"wp","href":"https:\/\/api.w.org\/{rel}","templated":true}]}}