{"id":43178,"date":"2012-11-12T08:56:01","date_gmt":"2012-11-12T12:56:01","guid":{"rendered":"https:\/\/bobvarela.com\/?p=43178"},"modified":"2012-11-12T08:56:04","modified_gmt":"2012-11-12T12:56:04","slug":"a-revalidar-la-corona-de-miss-turismo-latino","status":"publish","type":"post","link":"https:\/\/bobvarela.com\/?p=43178","title":{"rendered":"A REVALIDAR LA CORONA DE MISS TURISMO LATINO"},"content":{"rendered":"<p align=\"center\"><font size=\"3\"><a href=\"https:\/\/bobvarela.com\/wp-content\/uploads\/2012\/11\/cover-turismo.jpg\"><img loading=\"lazy\" decoding=\"async\" style=\"background-image: none; border-bottom: 0px; border-left: 0px; padding-left: 0px; padding-right: 0px; display: inline; border-top: 0px; border-right: 0px; padding-top: 0px\" title=\"cover turismo\" border=\"0\" alt=\"cover turismo\" src=\"https:\/\/bobvarela.com\/wp-content\/uploads\/2012\/11\/cover-turismo_thumb.jpg\" width=\"304\" height=\"135\" \/><\/a><\/font><\/p>\n<p align=\"justify\"><font size=\"3\">REINAS DE LA BELLEZA presenta a Alexandra Wiscovitch como nuestra representante por Puerto Rico al certamen Miss Turismo Latino, apostando a su personalidad y carisma para obtener el t\u00edtulo por segundo a\u00f1o consecutivo, donde la tambi\u00e9n puertorrique\u00f1a Linoshka Marlene estar\u00e1 coronando su sucesora el 30 de noviembre en el Sal\u00f3n de Eventos, Cuerpo Consular en Guayaquil, Ecuador.<\/font><\/p>\n<p align=\"justify\"><font size=\"3\">Alexandra de 19 a\u00f1os y natural del pueblo de Hormigueros es estudiante de de Microbiolog\u00eda Industrial en la Universidad de Puerto Rico Recinto de Mayag\u00fcez con miras a un doctorado en medicina y filosof\u00eda en gen\u00e9tica. A principios de noviembre tuvo la oportunidad de presentar su investigaci\u00f3n cient\u00edfica que se trata de conocer la variablidad gen\u00e9tica en el color de ojos y pelo de los puertorrique\u00f1os, en la conferencia Abrcms 2012 de la compa\u00f1\u00eda MARCS en California.<\/font><\/p>\n<p align=\"center\"><a href=\"https:\/\/bobvarela.com\/wp-content\/uploads\/2012\/11\/A_MTL2012_MG_3254.jpg\"><img loading=\"lazy\" decoding=\"async\" style=\"background-image: none; border-bottom: 0px; border-left: 0px; padding-left: 0px; padding-right: 0px; display: inline; border-top: 0px; border-right: 0px; padding-top: 0px\" title=\"A_MTL2012_MG_3254\" border=\"0\" alt=\"A_MTL2012_MG_3254\" src=\"https:\/\/bobvarela.com\/wp-content\/uploads\/2012\/11\/A_MTL2012_MG_3254_thumb.jpg\" width=\"156\" height=\"226\" \/><\/a><\/p>\n<p align=\"justify\"><font size=\"3\">En el 2009 fue coronada como la Reina de las Fiestas del pueblo de Hormigueros. <\/font><\/p>\n<p align=\"justify\"><font size=\"3\">Participo de la conducci\u00f3n del programa de televisi\u00f3n, &quot;Parada Porta del Sol&quot;, en el cual se dedicaba hacer turismo interno visitando varios pueblos para informar sobre sus costumbres y tradiciones. <\/font><\/p>\n<p align=\"justify\"><font size=\"3\">En la actualidad Alexandra se desempe\u00f1a en su tiempo libre como instructora de modelaje para ni\u00f1as en la Agencia Annjannette, mientras se ha destacado como modelo profesional en varias facetas como: pasarelas de dise\u00f1ador, fotograf\u00eda para revistas e imagen de campa\u00f1as publicitarias. <\/font><\/p>\n<p align=\"center\"><a href=\"https:\/\/bobvarela.com\/wp-content\/uploads\/2012\/11\/A_MTL2012_MG_3357.jpg\"><img loading=\"lazy\" decoding=\"async\" style=\"background-image: none; border-bottom: 0px; border-left: 0px; padding-left: 0px; padding-right: 0px; display: inline; border-top: 0px; border-right: 0px; padding-top: 0px\" title=\"A_MTL2012_MG_3357\" border=\"0\" alt=\"A_MTL2012_MG_3357\" src=\"https:\/\/bobvarela.com\/wp-content\/uploads\/2012\/11\/A_MTL2012_MG_3357_thumb.jpg\" width=\"114\" height=\"261\" \/><\/a><\/p>\n<p align=\"justify\"><font size=\"3\">El concurso ser\u00e1 celebrado del 23 al 30 de noviembre en Ecuador, donde las candidatas tendr\u00e1n la oportunidad de visitar varios lugares tur\u00edsticos como Guayaquil, Hacienda y Las Pe\u00f1as. Adem\u00e1s visitar\u00e1n la zona fr\u00eda de Riobamba, donde ser\u00e1 celebrada la presentaci\u00f3n a la prensa y la competencia de traje t\u00edpico.<\/font><\/p>\n<p align=\"justify\"><font size=\"3\">Para seguir los pasos de Alexandra visite la p\u00e1gina de facebook; Reinas de la Belleza Puerto Rico. Gracias por su acostumbrado apoyo!<\/font><\/p>\n","protected":false},"excerpt":{"rendered":"<p>REINAS DE LA BELLEZA presenta a Alexandra Wiscovitch como nuestra representante por Puerto Rico al certamen Miss Turismo Latino, apostando a su personalidad y carisma para obtener el t\u00edtulo por segundo a\u00f1o consecutivo, donde la tambi\u00e9n puertorrique\u00f1a Linoshka Marlene estar\u00e1&hellip;<\/p>\n<p class=\"more-link-p\"><a class=\"more-link\" href=\"https:\/\/bobvarela.com\/?p=43178\">Read more &rarr;<\/a><\/p>\n","protected":false},"author":1,"featured_media":0,"comment_status":"open","ping_status":"open","sticky":false,"template":"","format":"standard","meta":{"ngg_post_thumbnail":0,"footnotes":""},"categories":[5,446],"tags":[],"class_list":["post-43178","post","type-post","status-publish","format-standard","hentry","category-concursos","category-turismo"],"_links":{"self":[{"href":"https:\/\/bobvarela.com\/index.php?rest_route=\/wp\/v2\/posts\/43178","targetHints":{"allow":["GET"]}}],"collection":[{"href":"https:\/\/bobvarela.com\/index.php?rest_route=\/wp\/v2\/posts"}],"about":[{"href":"https:\/\/bobvarela.com\/index.php?rest_route=\/wp\/v2\/types\/post"}],"author":[{"embeddable":true,"href":"https:\/\/bobvarela.com\/index.php?rest_route=\/wp\/v2\/users\/1"}],"replies":[{"embeddable":true,"href":"https:\/\/bobvarela.com\/index.php?rest_route=%2Fwp%2Fv2%2Fcomments&post=43178"}],"version-history":[{"count":1,"href":"https:\/\/bobvarela.com\/index.php?rest_route=\/wp\/v2\/posts\/43178\/revisions"}],"predecessor-version":[{"id":43179,"href":"https:\/\/bobvarela.com\/index.php?rest_route=\/wp\/v2\/posts\/43178\/revisions\/43179"}],"wp:attachment":[{"href":"https:\/\/bobvarela.com\/index.php?rest_route=%2Fwp%2Fv2%2Fmedia&parent=43178"}],"wp:term":[{"taxonomy":"category","embeddable":true,"href":"https:\/\/bobvarela.com\/index.php?rest_route=%2Fwp%2Fv2%2Fcategories&post=43178"},{"taxonomy":"post_tag","embeddable":true,"href":"https:\/\/bobvarela.com\/index.php?rest_route=%2Fwp%2Fv2%2Ftags&post=43178"}],"curies":[{"name":"wp","href":"https:\/\/api.w.org\/{rel}","templated":true}]}}