{"id":43198,"date":"2012-11-13T19:40:10","date_gmt":"2012-11-13T23:40:10","guid":{"rendered":"https:\/\/bobvarela.com\/?p=43198"},"modified":"2012-11-13T19:40:13","modified_gmt":"2012-11-13T23:40:13","slug":"de-barranquitas-miss-teen-model-puerto-rico-2012","status":"publish","type":"post","link":"https:\/\/bobvarela.com\/?p=43198","title":{"rendered":"DE BARRANQUITAS MISS TEEN MODEL PUERTO RICO 2012"},"content":{"rendered":"<p align=\"justify\"><a href=\"https:\/\/bobvarela.com\/wp-content\/uploads\/2012\/11\/Sarah-Angely-Rodrguez-Miss-Teen-Model-Puerto-Rico-2012.jpg\"><font size=\"3\"><a href=\"https:\/\/bobvarela.com\/wp-content\/uploads\/2012\/11\/Sarah-Banner.jpg\"><img loading=\"lazy\" decoding=\"async\" style=\"background-image: none; border-bottom: 0px; border-left: 0px; padding-left: 0px; padding-right: 0px; display: block; float: none; margin-left: auto; border-top: 0px; margin-right: auto; border-right: 0px; padding-top: 0px\" title=\"Sarah Banner\" border=\"0\" alt=\"Sarah Banner\" src=\"https:\/\/bobvarela.com\/wp-content\/uploads\/2012\/11\/Sarah-Banner_thumb.jpg\" width=\"283\" height=\"193\" \/><\/a><\/font><\/a><\/p>\n<p align=\"justify\"><font size=\"3\">El pueblo de Barranquitas obtuvo un nuevo logro en eventos de belleza a nivel nacional. Y es que la nueva soberana de la belleza juvenil puertorrique\u00f1a lo es la barranquite\u00f1a, Sarah Angely Rodr\u00edguez, de 18 a\u00f1os y quien logr\u00f3 convertirse en la nueva Miss Teen Model Puerto Rico 2012. <\/font><\/p>\n<p align=\"justify\"><font size=\"3\"><img loading=\"lazy\" decoding=\"async\" style=\"background-image: none; border-bottom: 0px; border-left: 0px; padding-left: 0px; padding-right: 0px; display: inline; float: left; margin-left: 0px; border-top: 0px; margin-right: 0px; border-right: 0px; padding-top: 0px\" title=\"Sarah Angely Rodr\u00edguez, Miss Teen Model Puerto Rico 2012\" border=\"0\" alt=\"Sarah Angely Rodr\u00edguez, Miss Teen Model Puerto Rico 2012\" align=\"left\" src=\"https:\/\/bobvarela.com\/wp-content\/uploads\/2012\/11\/Sarah-Angely-Rodrguez-Miss-Teen-Model-Puerto-Rico-2012_thumb.jpg\" width=\"150\" height=\"229\" \/>Sarah Angely, quien es estudiante de Artes con concentraci\u00f3n en Psicolog\u00eda en la Universidad de Puerto Rico en Rio Piedras, logr\u00f3 imponerse a otras doce representantes de la isla en un espectacular evento celebrado en el Anfiteatro de la Universidad del Turabo en Caguas. Adem\u00e1s de la corona que la convierte en la nueva soberana juvenil de nuestra isla, Sarah tambi\u00e9n obtuvo los galardones de Mejor Rostro y Mejor Entrevista de Jurado. <\/font><\/p>\n<p align=\"justify\"><font size=\"3\">\u201cMe siento bien emocionada de poder lograr uno de mis sue\u00f1os, el ser la embajadora de la belleza juvenil a trav\u00e9s del t\u00edtulo de Miss Teen Model Puerto Rico. Estoy muy contenta de poder ser la imagen que represente a cada uno de los j\u00f3venes puertorrique\u00f1os, que al igual que yo, se esfuerzan por cumplir sus metas y que viven con sus miras puestas en lograr el \u00e9xito\u201d, expresa la reina quien estudio seis a\u00f1os de drama en la escuela especializada Jos\u00e9 Juli\u00e1n Acosta y quien entre otras cosas desea concientizar a j\u00f3venes y adultos sobre el trato responsable hacia las mascotas:<\/font><\/p>\n<p align=\"justify\"><font size=\"3\"><a href=\"https:\/\/bobvarela.com\/wp-content\/uploads\/2012\/11\/599212_10151114622708062_1152658701_n.jpg\"><img loading=\"lazy\" decoding=\"async\" style=\"background-image: none; border-bottom: 0px; border-left: 0px; padding-left: 0px; padding-right: 0px; display: block; float: none; margin-left: auto; border-top: 0px; margin-right: auto; border-right: 0px; padding-top: 0px\" title=\"599212_10151114622708062_1152658701_n\" border=\"0\" alt=\"599212_10151114622708062_1152658701_n\" src=\"https:\/\/bobvarela.com\/wp-content\/uploads\/2012\/11\/599212_10151114622708062_1152658701_n_thumb.jpg\" width=\"154\" height=\"229\" \/><\/a><\/font><\/p>\n<p align=\"justify\"><font size=\"3\">\u201cLos animalitos nos brindan amor y compa\u00f1\u00eda, y para muchos, llegan a ser miembros sumamente especiales en nuestra familia. Es verdaderamente lamentable ver cientos de ellos abandonados en nuestras calles. Creo que cada uno de nosotros podemos aportar para aliviar esta problem\u00e1tica;\u201d puntualiza la nueva reina juvenil quien estar\u00e1 promoviendo varias actividades y campa\u00f1as con este fin. <\/font><\/p>\n<p align=\"justify\"><font size=\"3\">Como parte de sus actividades en agenda la nueva Miss Teen Model Puerto Rico representar\u00e1 a la isla en el certamen internacional Miss Teen Mesoam\u00e9rica que se llevar\u00e1 a cabo en Guatemala a principio del mes de febrero. Para ello la soberana contar\u00e1 con ajuar de dise\u00f1adores como Myrna Couvertier, Domingo Carrero, Bliyi y accesorios de Kenneth Paul, entre otros.      <br \/><\/font><\/p>\n<p align=\"justify\"><font size=\"3\">&#160;&#160;&#160;&#160;&#160;&#160;&#160;&#160;&#160;&#160;&#160;&#160; <a href=\"https:\/\/bobvarela.com\/wp-content\/uploads\/2012\/11\/533688_10151230425659231_470869359_n.jpg\"><img loading=\"lazy\" decoding=\"async\" style=\"background-image: none; border-bottom: 0px; border-left: 0px; padding-left: 0px; padding-right: 0px; display: inline; border-top: 0px; border-right: 0px; padding-top: 0px\" title=\"533688_10151230425659231_470869359_n\" border=\"0\" alt=\"533688_10151230425659231_470869359_n\" src=\"https:\/\/bobvarela.com\/wp-content\/uploads\/2012\/11\/533688_10151230425659231_470869359_n_thumb.jpg\" width=\"124\" height=\"184\" \/><\/a><a href=\"https:\/\/bobvarela.com\/wp-content\/uploads\/2012\/11\/76206_10151230425854231_735051962_n.jpg\"><img loading=\"lazy\" decoding=\"async\" style=\"background-image: none; border-bottom: 0px; border-left: 0px; padding-left: 0px; padding-right: 0px; display: inline; border-top: 0px; border-right: 0px; padding-top: 0px\" title=\"76206_10151230425854231_735051962_n\" border=\"0\" alt=\"76206_10151230425854231_735051962_n\" src=\"https:\/\/bobvarela.com\/wp-content\/uploads\/2012\/11\/76206_10151230425854231_735051962_n_thumb.jpg\" width=\"124\" height=\"184\" \/><\/a><a href=\"https:\/\/bobvarela.com\/wp-content\/uploads\/2012\/11\/63303_10151230427969231_741719568_n.jpg\"><img loading=\"lazy\" decoding=\"async\" style=\"background-image: none; border-bottom: 0px; border-left: 0px; padding-left: 0px; padding-right: 0px; display: inline; border-top: 0px; border-right: 0px; padding-top: 0px\" title=\"63303_10151230427969231_741719568_n\" border=\"0\" alt=\"63303_10151230427969231_741719568_n\" src=\"https:\/\/bobvarela.com\/wp-content\/uploads\/2012\/11\/63303_10151230427969231_741719568_n_thumb.jpg\" width=\"124\" height=\"184\" \/><\/a><a href=\"https:\/\/bobvarela.com\/wp-content\/uploads\/2012\/11\/IMG_3372.jpg\"><img loading=\"lazy\" decoding=\"async\" style=\"background-image: none; border-bottom: 0px; border-left: 0px; padding-left: 0px; padding-right: 0px; display: inline; border-top: 0px; border-right: 0px; padding-top: 0px\" title=\"IMG_3372\" border=\"0\" alt=\"IMG_3372\" src=\"https:\/\/bobvarela.com\/wp-content\/uploads\/2012\/11\/IMG_3372_thumb.jpg\" width=\"124\" height=\"184\" \/><\/a><\/font><\/p>\n<p align=\"justify\"><font size=\"3\">Me parece grandioso el que un t\u00edtulo como Miss Teen Model Puerto Rico me permita la oportunidad de ser Puerto Rico ante el mundo. Es un privilegio y una gran responsabilidad que me llena de gran emoci\u00f3n. Ahora comienzo con mi preparaci\u00f3n para llegar a Guatemala y demostrar la calidad de la juventud de mi pueblo Barranquitas y de mi pa\u00eds, Puerto Rico\u201d finaliz\u00f3 la reina quien agradeci\u00f3 toda la ayuda de su promotor Edwin Lander quien tuvo a su cargo su preparaci\u00f3n para el evento. <\/font><\/p>\n<p align=\"center\"><a href=\"https:\/\/bobvarela.com\/wp-content\/uploads\/2012\/11\/IMG_9805.jpg\"><img loading=\"lazy\" decoding=\"async\" style=\"background-image: none; border-bottom: 0px; border-left: 0px; padding-left: 0px; padding-right: 0px; display: inline; border-top: 0px; border-right: 0px; padding-top: 0px\" title=\"IMG_9805\" border=\"0\" alt=\"IMG_9805\" src=\"https:\/\/bobvarela.com\/wp-content\/uploads\/2012\/11\/IMG_9805_thumb.jpg\" width=\"242\" height=\"166\" \/><\/a><\/p>\n<p align=\"justify\"><font size=\"3\">Junto a Sarah tambi\u00e9n se destacaron dentro del evento Miss Cayey, Natalia V\u00e9lez quien obtuvo la corona de Miss Teen Earth Puerto Rico y Miss Ponce, Ileyrimar Santos quien se coron\u00f3 como Miss Teen Turismo Puerto Rico 2012.<\/font><\/p>\n","protected":false},"excerpt":{"rendered":"<p>El pueblo de Barranquitas obtuvo un nuevo logro en eventos de belleza a nivel nacional. Y es que la nueva soberana de la belleza juvenil puertorrique\u00f1a lo es la barranquite\u00f1a, Sarah Angely Rodr\u00edguez, de 18 a\u00f1os y quien logr\u00f3 convertirse&hellip;<\/p>\n<p class=\"more-link-p\"><a class=\"more-link\" href=\"https:\/\/bobvarela.com\/?p=43198\">Read more &rarr;<\/a><\/p>\n","protected":false},"author":1,"featured_media":0,"comment_status":"open","ping_status":"open","sticky":false,"template":"","format":"standard","meta":{"ngg_post_thumbnail":0,"footnotes":""},"categories":[5],"tags":[],"class_list":["post-43198","post","type-post","status-publish","format-standard","hentry","category-concursos"],"_links":{"self":[{"href":"https:\/\/bobvarela.com\/index.php?rest_route=\/wp\/v2\/posts\/43198","targetHints":{"allow":["GET"]}}],"collection":[{"href":"https:\/\/bobvarela.com\/index.php?rest_route=\/wp\/v2\/posts"}],"about":[{"href":"https:\/\/bobvarela.com\/index.php?rest_route=\/wp\/v2\/types\/post"}],"author":[{"embeddable":true,"href":"https:\/\/bobvarela.com\/index.php?rest_route=\/wp\/v2\/users\/1"}],"replies":[{"embeddable":true,"href":"https:\/\/bobvarela.com\/index.php?rest_route=%2Fwp%2Fv2%2Fcomments&post=43198"}],"version-history":[{"count":1,"href":"https:\/\/bobvarela.com\/index.php?rest_route=\/wp\/v2\/posts\/43198\/revisions"}],"predecessor-version":[{"id":43199,"href":"https:\/\/bobvarela.com\/index.php?rest_route=\/wp\/v2\/posts\/43198\/revisions\/43199"}],"wp:attachment":[{"href":"https:\/\/bobvarela.com\/index.php?rest_route=%2Fwp%2Fv2%2Fmedia&parent=43198"}],"wp:term":[{"taxonomy":"category","embeddable":true,"href":"https:\/\/bobvarela.com\/index.php?rest_route=%2Fwp%2Fv2%2Fcategories&post=43198"},{"taxonomy":"post_tag","embeddable":true,"href":"https:\/\/bobvarela.com\/index.php?rest_route=%2Fwp%2Fv2%2Ftags&post=43198"}],"curies":[{"name":"wp","href":"https:\/\/api.w.org\/{rel}","templated":true}]}}