{"id":43245,"date":"2012-11-21T07:19:55","date_gmt":"2012-11-21T11:19:55","guid":{"rendered":"https:\/\/bobvarela.com\/?p=43245"},"modified":"2012-11-21T07:23:55","modified_gmt":"2012-11-21T11:23:55","slug":"de-puerto-rico-a-shanghai","status":"publish","type":"post","link":"https:\/\/bobvarela.com\/?p=43245","title":{"rendered":"De Puerto Rico a Shanghai     Elite Model Look"},"content":{"rendered":"<p align=\"justify\"><font size=\"3\"><a href=\"https:\/\/bobvarela.com\/wp-content\/uploads\/2012\/11\/MG_7306.jpg\"><img loading=\"lazy\" decoding=\"async\" style=\"background-image: none; border-right-width: 0px; padding-left: 0px; padding-right: 0px; display: inline; float: left; border-top-width: 0px; border-bottom-width: 0px; border-left-width: 0px; padding-top: 0px\" title=\"_MG_7306\" border=\"0\" alt=\"_MG_7306\" align=\"left\" src=\"https:\/\/bobvarela.com\/wp-content\/uploads\/2012\/11\/MG_7306_thumb.jpg\" width=\"149\" height=\"232\"\/><\/a>San Juan, P.R. &#8211; Tras haber ganado la competencia local de Elite Model Look Puerto Rico el pasado mes de septiembre, la modelo Paola Rom\u00e1n, de 17 a\u00f1os, acaba de llegar a Shanghai, China, donde representar\u00e1 a nuestra Isla en el Elite Model Look World Final (EML), certamen de modelos m\u00e1s prestigioso a nivel mundial, que tendr\u00e1 su noche final el 1 de diciembre.<\/font><\/p>\n<p align=\"justify\"><font size=\"3\">\u201cEsto comienza a ser una gran aventura, que espero traiga grandes cambios positivos a mi vida. He trabajado fuerte y con mucha dedicaci\u00f3n y me entusiasma la idea de conocer a otras chicas que comparten el mismo sue\u00f1o que yo, adem\u00e1s de importantes figuras en la industria del modelaje y por supuesto, la idea de viajar el mundo y conocer otras culturas\u201d, coment\u00f3 una emocionada Paola antes de partir.<\/font><\/p>\n<p align=\"justify\"><font size=\"3\">Su preparaci\u00f3n, a cargo de la agencia de modelos \u00danica, ha incluido un estricto r\u00e9gimen alimentario y un programa intenso de ejercicios, ya que la organizaci\u00f3n de EML le pidi\u00f3 bajar un poco m\u00e1s de peso para estilizar a\u00fan m\u00e1s su figura. Adem\u00e1s, ha reforzado sus clases de pasarela y proyecci\u00f3n y disfrut\u00f3 de la preparaci\u00f3n de un porfolio, entre otros. <\/font><\/p>\n<p align=\"justify\"><font size=\"3\">Seg\u00fan expres\u00f3 Caridad Fern\u00e1ndez, directora de la franquicia local de EML, \u201cPaola ha sido muy disciplinada. Ha demostrado las ganas de progresar y sobresalir desde el momento en que gan\u00f3 la competencia local y ha logrado cumplir con la meta propuesta antes de salir a representarnos internacionalmente. Confiamos en que tendr\u00e1 un excelente desempe\u00f1o, no tan solo en la noche final, sino durante las dos semanas que estar\u00e1 present\u00e1ndose ante los caza talentos m\u00e1s reconocidos del mundo e importantes figuras destacadas en la moda y el modelaje\u201d.<\/font><\/p>\n<p align=\"justify\"><a href=\"https:\/\/bobvarela.com\/wp-content\/uploads\/2012\/11\/MG_7880clean.jpg\"><img loading=\"lazy\" decoding=\"async\" style=\"background-image: none; border-right-width: 0px; padding-left: 0px; padding-right: 0px; display: block; float: none; border-top-width: 0px; border-bottom-width: 0px; margin-left: auto; border-left-width: 0px; margin-right: auto; padding-top: 0px\" title=\"_MG_7880clean\" border=\"0\" alt=\"_MG_7880clean\" src=\"https:\/\/bobvarela.com\/wp-content\/uploads\/2012\/11\/MG_7880clean_thumb.jpg\" width=\"158\" height=\"234\"\/><\/a><\/p>\n<p align=\"justify\"><font size=\"3\">Elite Model Look celebra este a\u00f1o su 29na edici\u00f3n, en donde decenas de participantes de todas partes del mundo competir\u00e1n para obtener contratos de representaci\u00f3n, valorados en cientos de miles de d\u00f3lares, con la prestigiosa agencia Elite.<\/font><\/p>\n<p align=\"justify\">Fotos cortesia de Jacob Fuentes \/ Nao Nao Group<\/p>\n","protected":false},"excerpt":{"rendered":"<p>San Juan, P.R. &#8211; Tras haber ganado la competencia local de Elite Model Look Puerto Rico el pasado mes de septiembre, la modelo Paola Rom\u00e1n, de 17 a\u00f1os, acaba de llegar a Shanghai, China, donde representar\u00e1 a nuestra Isla en&hellip;<\/p>\n<p class=\"more-link-p\"><a class=\"more-link\" href=\"https:\/\/bobvarela.com\/?p=43245\">Read more &rarr;<\/a><\/p>\n","protected":false},"author":1,"featured_media":0,"comment_status":"open","ping_status":"open","sticky":false,"template":"","format":"standard","meta":{"ngg_post_thumbnail":0,"footnotes":""},"categories":[5,195],"tags":[208],"class_list":["post-43245","post","type-post","status-publish","format-standard","hentry","category-concursos","category-elite-model","tag-elite-model-look"],"_links":{"self":[{"href":"https:\/\/bobvarela.com\/index.php?rest_route=\/wp\/v2\/posts\/43245","targetHints":{"allow":["GET"]}}],"collection":[{"href":"https:\/\/bobvarela.com\/index.php?rest_route=\/wp\/v2\/posts"}],"about":[{"href":"https:\/\/bobvarela.com\/index.php?rest_route=\/wp\/v2\/types\/post"}],"author":[{"embeddable":true,"href":"https:\/\/bobvarela.com\/index.php?rest_route=\/wp\/v2\/users\/1"}],"replies":[{"embeddable":true,"href":"https:\/\/bobvarela.com\/index.php?rest_route=%2Fwp%2Fv2%2Fcomments&post=43245"}],"version-history":[{"count":2,"href":"https:\/\/bobvarela.com\/index.php?rest_route=\/wp\/v2\/posts\/43245\/revisions"}],"predecessor-version":[{"id":43247,"href":"https:\/\/bobvarela.com\/index.php?rest_route=\/wp\/v2\/posts\/43245\/revisions\/43247"}],"wp:attachment":[{"href":"https:\/\/bobvarela.com\/index.php?rest_route=%2Fwp%2Fv2%2Fmedia&parent=43245"}],"wp:term":[{"taxonomy":"category","embeddable":true,"href":"https:\/\/bobvarela.com\/index.php?rest_route=%2Fwp%2Fv2%2Fcategories&post=43245"},{"taxonomy":"post_tag","embeddable":true,"href":"https:\/\/bobvarela.com\/index.php?rest_route=%2Fwp%2Fv2%2Ftags&post=43245"}],"curies":[{"name":"wp","href":"https:\/\/api.w.org\/{rel}","templated":true}]}}