{"id":43656,"date":"2012-12-21T07:31:03","date_gmt":"2012-12-21T11:31:03","guid":{"rendered":"https:\/\/bobvarela.com\/?p=43656"},"modified":"2012-12-21T07:31:03","modified_gmt":"2012-12-21T11:31:03","slug":"face-face-homenaje-a-lisa-cappalli-y-mili-arango","status":"publish","type":"post","link":"https:\/\/bobvarela.com\/?p=43656","title":{"rendered":"&quot;Face &agrave; Face&quot; Homenaje a Lisa Cappalli y Mili Arango"},"content":{"rendered":"<p align=\"center\"><font size=\"3\"><a href=\"https:\/\/bobvarela.com\/wp-content\/uploads\/2012\/12\/IMG_0015.jpg\"><img loading=\"lazy\" decoding=\"async\" style=\"background-image: none; border-bottom: 0px; border-left: 0px; padding-left: 0px; padding-right: 0px; display: inline; border-top: 0px; border-right: 0px; padding-top: 0px\" title=\"IMG_0015\" border=\"0\" alt=\"IMG_0015\" src=\"https:\/\/bobvarela.com\/wp-content\/uploads\/2012\/12\/IMG_0015_thumb.jpg\" width=\"286\" height=\"168\" \/><\/a><\/font><\/p>\n<p align=\"justify\"><font size=\"3\">El 18 de diciembre en el Hotel El Convento celebraron el encuentro de cara a cara con dos grandes artista del dise\u00f1o de moda una que hizo historia y la otra que con un estilo propio tambi\u00e9n dejar\u00e1 un legado en la historia de la moda puertorrique\u00f1a. Ellas son Mili Arango y una de sus hijas Lisa Capalli. <\/font><\/p>\n<p align=\"justify\"><font size=\"3\">Caridad Fern\u00e1ndez, due\u00f1a de la agencia \u00fanica indico lo siguiente: \u201cLa gran dise\u00f1adora Mili Arango, quien m\u00e1s all\u00e1 de dise\u00f1ar moda creaba arte en todo lo que tocaba. Una mujer con un estilo muy \u00danico y que trascendi\u00f3 a su tiempo\u2026 pero no les voy a contar detalles de esta fascinante mujer, pues muy pronto se publicar\u00e1 un libro titulado Mili Arango Vida y Milagro\u2026 lo interesante de este libro es que no es meramente una biograf\u00eda, va m\u00e1s all\u00e1 pues recoge la percepci\u00f3n de muchas de las personas que le rodearon y fueron parte importante en su vida familiares, amigos y amantes interesant\u00edsimo&#8230;tienen que leerlo.<\/font><\/p>\n<p align=\"justify\"><font size=\"3\">Con esa tradici\u00f3n en el arte y con inspiraci\u00f3n de los dise\u00f1os de su madre Lisa Cappalli crea una versi\u00f3n moderna de las creaciones de su madre. A continuaci\u00f3n foto de la presentaci\u00f3n <\/font><\/p>\n<p align=\"justify\"><strong><font size=\"3\">ngg_shortcode_0_placeholder<\/font><\/strong><\/p>\n","protected":false},"excerpt":{"rendered":"<p>El 18 de diciembre en el Hotel El Convento celebraron el encuentro de cara a cara con dos grandes artista del dise\u00f1o de moda una que hizo historia y la otra que con un estilo propio tambi\u00e9n dejar\u00e1 un legado&hellip;<\/p>\n<p class=\"more-link-p\"><a class=\"more-link\" href=\"https:\/\/bobvarela.com\/?p=43656\">Read more &rarr;<\/a><\/p>\n","protected":false},"author":1,"featured_media":0,"comment_status":"open","ping_status":"open","sticky":false,"template":"","format":"standard","meta":{"ngg_post_thumbnail":0,"footnotes":""},"categories":[4,295],"tags":[184],"class_list":["post-43656","post","type-post","status-publish","format-standard","hentry","category-moda","category-puerto-rico","tag-lisa-capalli"],"_links":{"self":[{"href":"https:\/\/bobvarela.com\/index.php?rest_route=\/wp\/v2\/posts\/43656","targetHints":{"allow":["GET"]}}],"collection":[{"href":"https:\/\/bobvarela.com\/index.php?rest_route=\/wp\/v2\/posts"}],"about":[{"href":"https:\/\/bobvarela.com\/index.php?rest_route=\/wp\/v2\/types\/post"}],"author":[{"embeddable":true,"href":"https:\/\/bobvarela.com\/index.php?rest_route=\/wp\/v2\/users\/1"}],"replies":[{"embeddable":true,"href":"https:\/\/bobvarela.com\/index.php?rest_route=%2Fwp%2Fv2%2Fcomments&post=43656"}],"version-history":[{"count":0,"href":"https:\/\/bobvarela.com\/index.php?rest_route=\/wp\/v2\/posts\/43656\/revisions"}],"wp:attachment":[{"href":"https:\/\/bobvarela.com\/index.php?rest_route=%2Fwp%2Fv2%2Fmedia&parent=43656"}],"wp:term":[{"taxonomy":"category","embeddable":true,"href":"https:\/\/bobvarela.com\/index.php?rest_route=%2Fwp%2Fv2%2Fcategories&post=43656"},{"taxonomy":"post_tag","embeddable":true,"href":"https:\/\/bobvarela.com\/index.php?rest_route=%2Fwp%2Fv2%2Ftags&post=43656"}],"curies":[{"name":"wp","href":"https:\/\/api.w.org\/{rel}","templated":true}]}}