{"id":43694,"date":"2013-01-08T18:58:32","date_gmt":"2013-01-08T22:58:32","guid":{"rendered":"https:\/\/bobvarela.com\/?p=43694"},"modified":"2013-01-08T18:58:32","modified_gmt":"2013-01-08T22:58:32","slug":"adamari-lpez-comparte-con-su-pblico-en-puerto-rico","status":"publish","type":"post","link":"https:\/\/bobvarela.com\/?p=43694","title":{"rendered":"Adamari L&oacute;pez comparte con su p&uacute;blico en Puerto Rico"},"content":{"rendered":"<p align=\"center\"><font size=\"3\"><a href=\"https:\/\/bobvarela.com\/wp-content\/uploads\/2013\/01\/900.jpg\"><img loading=\"lazy\" decoding=\"async\" style=\"background-image: none; border-bottom: 0px; border-left: 0px; padding-left: 0px; padding-right: 0px; display: inline; border-top: 0px; border-right: 0px; padding-top: 0px\" title=\"900\" border=\"0\" alt=\"900\" src=\"https:\/\/bobvarela.com\/wp-content\/uploads\/2013\/01\/900_thumb.jpg\" width=\"156\" height=\"218\" \/><\/a><\/font><\/p>\n<p align=\"justify\"><font size=\"3\">La reconocida actriz, presentadora de televisi\u00f3n y sobreviviente de c\u00e1ncer, Adamari L\u00f3pez compartir\u00e1 este fin de semana con el p\u00fablico puertorrique\u00f1o su inspiradora historia personal plasmada en su libro <strong>VIVIENDO<\/strong>.<\/font><\/p>\n<p align=\"center\"><font size=\"3\">S\u00e1bado, 12 de enero<\/font><\/p>\n<p align=\"center\"><strong><font size=\"3\">1:00PM<\/font><\/strong><\/p>\n<p align=\"center\"><font size=\"3\">WalMart Supercenter de Caguas<\/font><\/p>\n<p align=\"center\"><strong><font size=\"3\">5:00PM<\/font><\/strong><\/p>\n<p align=\"center\"><font size=\"3\">Walgreens, San Patricio Plaza<\/font><\/p>\n<p align=\"center\"><font size=\"3\">Domingo, 13 de enero<\/font><\/p>\n<p align=\"center\"><strong><font size=\"3\">11:00AM<\/font><\/strong><\/p>\n<p align=\"center\"><font size=\"3\">Libreria Libros AC Barra &amp; Bistro<\/font><\/p>\n<p align=\"center\"><font size=\"3\">Ciudadela, Santurce<\/font><\/p>\n","protected":false},"excerpt":{"rendered":"<p>La reconocida actriz, presentadora de televisi\u00f3n y sobreviviente de c\u00e1ncer, Adamari L\u00f3pez compartir\u00e1 este fin de semana con el p\u00fablico puertorrique\u00f1o su inspiradora historia personal plasmada en su libro VIVIENDO. S\u00e1bado, 12 de enero 1:00PM WalMart Supercenter de Caguas 5:00PM&hellip;<\/p>\n<p class=\"more-link-p\"><a class=\"more-link\" href=\"https:\/\/bobvarela.com\/?p=43694\">Read more &rarr;<\/a><\/p>\n","protected":false},"author":1,"featured_media":0,"comment_status":"open","ping_status":"open","sticky":false,"template":"","format":"standard","meta":{"ngg_post_thumbnail":0,"footnotes":""},"categories":[3],"tags":[452],"class_list":["post-43694","post","type-post","status-publish","format-standard","hentry","category-actividades","tag-adamari-lopez"],"_links":{"self":[{"href":"https:\/\/bobvarela.com\/index.php?rest_route=\/wp\/v2\/posts\/43694","targetHints":{"allow":["GET"]}}],"collection":[{"href":"https:\/\/bobvarela.com\/index.php?rest_route=\/wp\/v2\/posts"}],"about":[{"href":"https:\/\/bobvarela.com\/index.php?rest_route=\/wp\/v2\/types\/post"}],"author":[{"embeddable":true,"href":"https:\/\/bobvarela.com\/index.php?rest_route=\/wp\/v2\/users\/1"}],"replies":[{"embeddable":true,"href":"https:\/\/bobvarela.com\/index.php?rest_route=%2Fwp%2Fv2%2Fcomments&post=43694"}],"version-history":[{"count":0,"href":"https:\/\/bobvarela.com\/index.php?rest_route=\/wp\/v2\/posts\/43694\/revisions"}],"wp:attachment":[{"href":"https:\/\/bobvarela.com\/index.php?rest_route=%2Fwp%2Fv2%2Fmedia&parent=43694"}],"wp:term":[{"taxonomy":"category","embeddable":true,"href":"https:\/\/bobvarela.com\/index.php?rest_route=%2Fwp%2Fv2%2Fcategories&post=43694"},{"taxonomy":"post_tag","embeddable":true,"href":"https:\/\/bobvarela.com\/index.php?rest_route=%2Fwp%2Fv2%2Ftags&post=43694"}],"curies":[{"name":"wp","href":"https:\/\/api.w.org\/{rel}","templated":true}]}}