{"id":44429,"date":"2013-02-18T19:18:13","date_gmt":"2013-02-18T23:18:13","guid":{"rendered":"https:\/\/bobvarela.com\/?p=44429"},"modified":"2013-02-18T19:18:13","modified_gmt":"2013-02-18T23:18:13","slug":"preliminar-miss-teen-world-puerto-rico-2013traje-de-bao","status":"publish","type":"post","link":"https:\/\/bobvarela.com\/?p=44429","title":{"rendered":"Preliminar Miss Teen World Puerto Rico 2013&ndash;Traje de Ba&ntilde;o"},"content":{"rendered":"<p align=\"justify\"><font size=\"3\">Miss Teen World Puerto Rico comienz\u00f3 su proceso de selecci\u00f3n final de la nueva soberana para el 2013 con la celebraci\u00f3n de la entrevista personal de las candidatas el s\u00e1bado 16 de febrero y la competencia preliminar el domingo 17 de febrero.<\/font><\/p>\n<p align=\"justify\"><font size=\"3\">Tras varios meses de competencia, las candidatas que aspiran all t\u00edtulo de Miss Teen World Puerto Rico 2013 se enfrentaron por primera vez al jurado en dos de los eventos de mayor importancia dentro de la competencia: la entrevista personal y la competencia preliminar. Las chica se presentaron ante un panel de jueces compuesto por diferentes personalidades del mundo de la moda y bellleza, entrenadores f\u00edsicos, especialistas de la salud y profesionales de belleza.<\/font><\/p>\n<p align=\"justify\"><font size=\"3\">Las candidatas tuvieron la oportunidad de demostrar su personalidad ante el grupo de jueces, quienes evaluaron su desenvolvimiento y calidad comunicativa, as\u00ed como su escencia juvenil. Igualmente, en la gala preliminar, las j\u00f3venes modelaron su hermosos vestido de gala y presentaron su figura en traje de ba\u00f1o, para ser juzgadas por su proyecci\u00f3n, elegancia y porte. De dicha evaluaci\u00f3n ser\u00e1 seleccionado el codiciado grupo compuesto por 15 semifinalistas y que ser\u00e1 presentado en la Gala Final el pr\u00f3ximo domingo 24 de febrero. En la Preliminar tuvieron a Carlos Salgado como maestro de ceremonia y a&#160; Luis Guillermo como artista invitado<\/font><\/p>\n<p align=\"justify\"><font size=\"3\"> Adem\u00e1s de la nueva Miss Teen World Puerto Rico, en la noche final se elegir\u00e1 a tres reinas adicionales que tambi\u00e9n tendr\u00e1n la oportunidad de representar a Puerto Rico internacionalmente. \u00c9stas lucir\u00e1n coronas dise\u00f1adas tambi\u00e9n por George Wittels. Tanto ellas como la nueva soberana tendr\u00e1n la oportunidad de representar a la isla en uno de los varias competencias internacionales que son franquicia de la Organizaci\u00f3n: Miss Teen International , Miss Teenager, Miss Teen America, y miss teen earth international<\/font><\/p>\n<p align=\"justify\"><font size=\"3\">En la preliminar se ortogaron premios que se estaran mencionado en nuestro Facebook Fan Page.&#160; Unete a ella para que este a tanto de los premios ortogados en est a certamen:&#160; <a title=\"https:\/\/www.facebook.com\/Bobvarela.Inc\" href=\"https:\/\/www.facebook.com\/Bobvarela.Inc\">Bob Varela News Fan Page<\/a><\/font><\/p>\n<p align=\"justify\"><strong>ngg_shortcode_0_placeholder<\/strong><\/p>\n","protected":false},"excerpt":{"rendered":"<p>Miss Teen World Puerto Rico comienz\u00f3 su proceso de selecci\u00f3n final de la nueva soberana para el 2013 con la celebraci\u00f3n de la entrevista personal de las candidatas el s\u00e1bado 16 de febrero y la competencia preliminar el domingo 17&hellip;<\/p>\n<p class=\"more-link-p\"><a class=\"more-link\" href=\"https:\/\/bobvarela.com\/?p=44429\">Read more &rarr;<\/a><\/p>\n","protected":false},"author":1,"featured_media":0,"comment_status":"open","ping_status":"open","sticky":false,"template":"","format":"standard","meta":{"ngg_post_thumbnail":0,"footnotes":""},"categories":[410],"tags":[],"class_list":["post-44429","post","type-post","status-publish","format-standard","hentry","category-miss-teen-world-pr"],"_links":{"self":[{"href":"https:\/\/bobvarela.com\/index.php?rest_route=\/wp\/v2\/posts\/44429","targetHints":{"allow":["GET"]}}],"collection":[{"href":"https:\/\/bobvarela.com\/index.php?rest_route=\/wp\/v2\/posts"}],"about":[{"href":"https:\/\/bobvarela.com\/index.php?rest_route=\/wp\/v2\/types\/post"}],"author":[{"embeddable":true,"href":"https:\/\/bobvarela.com\/index.php?rest_route=\/wp\/v2\/users\/1"}],"replies":[{"embeddable":true,"href":"https:\/\/bobvarela.com\/index.php?rest_route=%2Fwp%2Fv2%2Fcomments&post=44429"}],"version-history":[{"count":0,"href":"https:\/\/bobvarela.com\/index.php?rest_route=\/wp\/v2\/posts\/44429\/revisions"}],"wp:attachment":[{"href":"https:\/\/bobvarela.com\/index.php?rest_route=%2Fwp%2Fv2%2Fmedia&parent=44429"}],"wp:term":[{"taxonomy":"category","embeddable":true,"href":"https:\/\/bobvarela.com\/index.php?rest_route=%2Fwp%2Fv2%2Fcategories&post=44429"},{"taxonomy":"post_tag","embeddable":true,"href":"https:\/\/bobvarela.com\/index.php?rest_route=%2Fwp%2Fv2%2Ftags&post=44429"}],"curies":[{"name":"wp","href":"https:\/\/api.w.org\/{rel}","templated":true}]}}