{"id":44544,"date":"2013-03-03T12:31:13","date_gmt":"2013-03-03T16:31:13","guid":{"rendered":"https:\/\/bobvarela.com\/?p=44544"},"modified":"2013-03-03T12:31:13","modified_gmt":"2013-03-03T16:31:13","slug":"gretchen-capo-es-la-nueva-imagen-de-liv-fitness","status":"publish","type":"post","link":"https:\/\/bobvarela.com\/?p=44544","title":{"rendered":"Gretchen Capo es la nueva imagen de LIV Fitness"},"content":{"rendered":"<p align=\"justify\"><font size=\"3\"><a href=\"https:\/\/bobvarela.com\/wp-content\/uploads\/2013\/03\/64816_10151420333804266_1676308470_n.jpg\"><img loading=\"lazy\" decoding=\"async\" style=\"background-image: none; border-bottom: 0px; border-left: 0px; padding-left: 0px; padding-right: 0px; display: inline; float: left; border-top: 0px; border-right: 0px; padding-top: 0px\" title=\"64816_10151420333804266_1676308470_n\" border=\"0\" alt=\"64816_10151420333804266_1676308470_n\" align=\"left\" src=\"https:\/\/bobvarela.com\/wp-content\/uploads\/2013\/03\/64816_10151420333804266_1676308470_n_thumb.jpg\" width=\"154\" height=\"143\" \/><\/a>La top model y empresaria, <b>Gretchen Capo<\/b>, fue seleccionada como la imagen para el mercado local de LIV Fitness. Como parte de la nueva campa\u00f1a de la lujosa cadena de gimnasios, se realiz\u00f3 un comercial en video, donde una hermosa Gretchen disfruta de un fabuloso estilo de vida que integra el acondicionamiento f\u00edsico entrenando en los establecimientos de LIV.<\/font><\/p>\n<p align=\"justify\"><font size=\"3\"><b><i>\u201cGracias a la experiencia, ya vas preparada para todo el proceso de grabaci\u00f3n, pero cuando te topas con directores internacionales que han ganado premios por su trabajo, sientes un gran reto por hacer un buen papel. Sabes que inmediatamente lo que hagas puede convertirse en un posible trampol\u00edn para futuros trabajos\u201d,<\/i><\/b> explic\u00f3 Capo, co-propietaria de la agencia de modelos Epic Models, sobre el proceso de grabaci\u00f3n. La direcci\u00f3n estuvo a cargo de <b>Miltos Pilalitos<\/b> y la cinematograf\u00eda de <b>Ray Roman<\/b>, ambos con importantes reconocimientos en la industria cinematogr\u00e1fica<b><i>. \u201cTrabajaron con mucho cuidado todos los detalles y a trav\u00e9s del comercial qued\u00f3 evidenciado el estilo de vida que representa LIV\u201d<\/i><\/b>, asegur\u00f3 la hermosa modelo y empresaria sobre el comercial que fue grabado completamente en Puerto Rico.<\/font><\/p>\n<p align=\"center\"><a href=\"https:\/\/bobvarela.com\/wp-content\/uploads\/2013\/03\/556086_10151428789863913_53426663_n.jpg\"><img loading=\"lazy\" decoding=\"async\" style=\"background-image: none; border-bottom: 0px; border-left: 0px; padding-left: 0px; padding-right: 0px; display: inline; border-top: 0px; border-right: 0px; padding-top: 0px\" title=\"556086_10151428789863913_53426663_n\" border=\"0\" alt=\"556086_10151428789863913_53426663_n\" src=\"https:\/\/bobvarela.com\/wp-content\/uploads\/2013\/03\/556086_10151428789863913_53426663_n_thumb.jpg\" width=\"294\" height=\"186\" \/><\/a><\/p>\n<p align=\"justify\"><font size=\"3\"><b>Gretchen Capo<\/b> es propietaria, junto a <b>Desiree Abrams<\/b>, de <b>Epic Models<\/b>, . Recientemente anunciaron que abrir\u00e1n la segunda instalaci\u00f3n de la exitosa agencia en Hatillo, donde ofrecer\u00e1n clases de pasarela, proyecci\u00f3n, etiqueta, actuaci\u00f3n, baile, entre otros. <\/font><\/p>\n","protected":false},"excerpt":{"rendered":"<p>La top model y empresaria, Gretchen Capo, fue seleccionada como la imagen para el mercado local de LIV Fitness. Como parte de la nueva campa\u00f1a de la lujosa cadena de gimnasios, se realiz\u00f3 un comercial en video, donde una hermosa&hellip;<\/p>\n<p class=\"more-link-p\"><a class=\"more-link\" href=\"https:\/\/bobvarela.com\/?p=44544\">Read more &rarr;<\/a><\/p>\n","protected":false},"author":1,"featured_media":0,"comment_status":"open","ping_status":"open","sticky":false,"template":"","format":"standard","meta":{"ngg_post_thumbnail":0,"footnotes":""},"categories":[3],"tags":[],"class_list":["post-44544","post","type-post","status-publish","format-standard","hentry","category-actividades"],"_links":{"self":[{"href":"https:\/\/bobvarela.com\/index.php?rest_route=\/wp\/v2\/posts\/44544","targetHints":{"allow":["GET"]}}],"collection":[{"href":"https:\/\/bobvarela.com\/index.php?rest_route=\/wp\/v2\/posts"}],"about":[{"href":"https:\/\/bobvarela.com\/index.php?rest_route=\/wp\/v2\/types\/post"}],"author":[{"embeddable":true,"href":"https:\/\/bobvarela.com\/index.php?rest_route=\/wp\/v2\/users\/1"}],"replies":[{"embeddable":true,"href":"https:\/\/bobvarela.com\/index.php?rest_route=%2Fwp%2Fv2%2Fcomments&post=44544"}],"version-history":[{"count":0,"href":"https:\/\/bobvarela.com\/index.php?rest_route=\/wp\/v2\/posts\/44544\/revisions"}],"wp:attachment":[{"href":"https:\/\/bobvarela.com\/index.php?rest_route=%2Fwp%2Fv2%2Fmedia&parent=44544"}],"wp:term":[{"taxonomy":"category","embeddable":true,"href":"https:\/\/bobvarela.com\/index.php?rest_route=%2Fwp%2Fv2%2Fcategories&post=44544"},{"taxonomy":"post_tag","embeddable":true,"href":"https:\/\/bobvarela.com\/index.php?rest_route=%2Fwp%2Fv2%2Ftags&post=44544"}],"curies":[{"name":"wp","href":"https:\/\/api.w.org\/{rel}","templated":true}]}}