{"id":44648,"date":"2013-03-15T06:32:57","date_gmt":"2013-03-15T10:32:57","guid":{"rendered":"https:\/\/bobvarela.com\/?p=44648"},"modified":"2013-03-15T06:32:57","modified_gmt":"2013-03-15T10:32:57","slug":"desfile-conversando-con-balenciaga-de-david-antonio","status":"publish","type":"post","link":"https:\/\/bobvarela.com\/?p=44648","title":{"rendered":"Desfile Conversando con Balenciaga de David Antonio"},"content":{"rendered":"<p align=\"justify\"><font size=\"3\">El 14 de marzo, en el Hotel Vanderbilt en Condado el dise\u00f1ador David Antonio su colecci\u00f3n titulado nace Conversando con Balenciaga. El desfile fue inspirado en Crist\u00f3bal Balenciaga Eizaguirre (1899-1972) que fue un vasco considerado rey de la alta costura, maestro de maestros, y a quien la Universidad de Navarra le adjudic\u00f3 haber elevado la moda a la categor\u00eda de arte.<\/font><\/p>\n<p align=\"justify\"><font size=\"3\">\u201cSiempre supe que la moda era arte, adorno, elegancia y belleza. Pero, igualmente, tuve la conciencia de que la moda era para construir, para elevar, para embellecer y resaltar la ya espectacular silueta de la mujer; de todas las mujeres, y no hay dos iguales\u201d, expres\u00f3 David Antonio.<\/font><\/p>\n<p align=\"justify\"><font size=\"3\">En Conversando con Balenciaga, David Antonio presento una colecci\u00f3n refrescante, moderna y muy contempor\u00e1nea que, aunque recuerda al genio espa\u00f1ol, transporto a \u201cun futuro que no debe nunca olvidarse de las mentes importantes que nos colocaron donde estamos\u201d.<\/font><\/p>\n<p align=\"justify\"><font size=\"3\">Los asistentes disfrutaron de piezas tanto para el d\u00eda como para la noche sobre estampados juguetones, lentejuelas llamativas y trabajos artesanales en cuero y en paillettes.<\/font><\/p>\n<p align=\"justify\"><font size=\"3\">Utilizo faldas globo, encajes contrastantes y pespuntes acolchados y acentuados con mucha efectividad.<\/font><\/p>\n<p align=\"justify\"><font size=\"3\">Para la noche, apuesto por las grandes galas de anta\u00f1o. Llamo la atenci\u00f3n las chaquetas de gran vestir asim\u00e9tricas, pedrer\u00eda alternativa y bordados.<\/font><\/p>\n<p align=\"justify\"><strong>ngg_shortcode_0_placeholder<\/strong><\/p>\n","protected":false},"excerpt":{"rendered":"<p>El 14 de marzo, en el Hotel Vanderbilt en Condado el dise\u00f1ador David Antonio su colecci\u00f3n titulado nace Conversando con Balenciaga. El desfile fue inspirado en Crist\u00f3bal Balenciaga Eizaguirre (1899-1972) que fue un vasco considerado rey de la alta costura,&hellip;<\/p>\n<p class=\"more-link-p\"><a class=\"more-link\" href=\"https:\/\/bobvarela.com\/?p=44648\">Read more &rarr;<\/a><\/p>\n","protected":false},"author":1,"featured_media":0,"comment_status":"open","ping_status":"open","sticky":false,"template":"","format":"standard","meta":{"ngg_post_thumbnail":0,"footnotes":""},"categories":[4,295],"tags":[],"class_list":["post-44648","post","type-post","status-publish","format-standard","hentry","category-moda","category-puerto-rico"],"_links":{"self":[{"href":"https:\/\/bobvarela.com\/index.php?rest_route=\/wp\/v2\/posts\/44648","targetHints":{"allow":["GET"]}}],"collection":[{"href":"https:\/\/bobvarela.com\/index.php?rest_route=\/wp\/v2\/posts"}],"about":[{"href":"https:\/\/bobvarela.com\/index.php?rest_route=\/wp\/v2\/types\/post"}],"author":[{"embeddable":true,"href":"https:\/\/bobvarela.com\/index.php?rest_route=\/wp\/v2\/users\/1"}],"replies":[{"embeddable":true,"href":"https:\/\/bobvarela.com\/index.php?rest_route=%2Fwp%2Fv2%2Fcomments&post=44648"}],"version-history":[{"count":0,"href":"https:\/\/bobvarela.com\/index.php?rest_route=\/wp\/v2\/posts\/44648\/revisions"}],"wp:attachment":[{"href":"https:\/\/bobvarela.com\/index.php?rest_route=%2Fwp%2Fv2%2Fmedia&parent=44648"}],"wp:term":[{"taxonomy":"category","embeddable":true,"href":"https:\/\/bobvarela.com\/index.php?rest_route=%2Fwp%2Fv2%2Fcategories&post=44648"},{"taxonomy":"post_tag","embeddable":true,"href":"https:\/\/bobvarela.com\/index.php?rest_route=%2Fwp%2Fv2%2Ftags&post=44648"}],"curies":[{"name":"wp","href":"https:\/\/api.w.org\/{rel}","templated":true}]}}