{"id":44691,"date":"2013-03-21T20:14:15","date_gmt":"2013-03-22T00:14:15","guid":{"rendered":"https:\/\/bobvarela.com\/?p=44691"},"modified":"2013-03-21T20:14:15","modified_gmt":"2013-03-22T00:14:15","slug":"corbatas-que-educarn-sobre-la-violencia-entre-adolescentes","status":"publish","type":"post","link":"https:\/\/bobvarela.com\/?p=44691","title":{"rendered":"Corbatas que educar&aacute;n sobre la violencia entre adolescentes"},"content":{"rendered":"<p align=\"justify\"><font size=\"3\"><b><i><a href=\"https:\/\/bobvarela.com\/wp-content\/uploads\/2013\/03\/wilnelia-corbata-7.jpg\"><img loading=\"lazy\" decoding=\"async\" style=\"background-image: none; border-bottom: 0px; border-left: 0px; padding-left: 0px; padding-right: 0px; display: inline; float: left; border-top: 0px; border-right: 0px; padding-top: 0px\" title=\"wilnelia corbata 7\" border=\"0\" alt=\"wilnelia corbata 7\" align=\"left\" src=\"https:\/\/bobvarela.com\/wp-content\/uploads\/2013\/03\/wilnelia-corbata-7_thumb.jpg\" width=\"145\" height=\"246\" \/><\/a>(San Juan, Puerto Rico)-<\/i><\/b> Una expresi\u00f3n art\u00edstica sobre una corbata que sirve como lienzo, servir\u00e1 para educar a los adolescentes sobre el maltrato y la violencia. La actividad <b>Corbata para dar Amor<\/b> que realiz\u00f3 con \u00e9xito la Fundaci\u00f3n de Wilnelia Merced reuni\u00f3 a un gran grupo personalidades en una exhibici\u00f3n de corbatas de diversas que fueron subastadas.<\/font><\/p>\n<p align=\"justify\"><font size=\"3\"><b><i>\u201cLa actividad fue un \u00e9xito y dio inicio a lo que ser\u00e1 nuestro proyecto para educar sobre la violencia entre los adolescentes. Tenemos varias iniciativas que estaremos desarrollando en conjunto con la Procuradur\u00eda de las Mujeres. La idea es recobrar el sentido de preservar los valores entre la familia\u201d<\/i><\/b>, inform\u00f3 <b>Wilnelia Merced<\/b>.<\/font><\/p>\n<p align=\"justify\"><font size=\"3\">La actividad<b> Corbata para Dar Amor <\/b>se celebr\u00f3 el jueves 14 de marzo en el Atrio Norte del Popular Center en Hato Rey. Diversas personalidades se dieron cita en una noche donde se presentaron sobre 200 corbatas de figuras locales e internacionales.<\/font><\/p>\n<p align=\"center\"><a href=\"https:\/\/bobvarela.com\/wp-content\/uploads\/2013\/03\/wilnelia-crobata-4.jpg\"><img loading=\"lazy\" decoding=\"async\" style=\"background-image: none; border-bottom: 0px; border-left: 0px; padding-left: 0px; padding-right: 0px; display: inline; border-top: 0px; border-right: 0px; padding-top: 0px\" title=\"wilnelia crobata 4\" border=\"0\" alt=\"wilnelia crobata 4\" src=\"https:\/\/bobvarela.com\/wp-content\/uploads\/2013\/03\/wilnelia-crobata-4_thumb.jpg\" width=\"296\" height=\"196\" \/><\/a><\/p>\n<p align=\"justify\"><font size=\"3\">El banquero Richard Carri\u00f3n, el golfista Chi Chi Rodr\u00edguez, la procuradora Wanda V\u00e1zquez, el medallista ol\u00edmpico Jaime Espinal, el ex gobernador Carlos Romero Barcel\u00f3 y el licenciado Manuel Rodr\u00edguez Orellana entre otros fueron algunas de los invitados de la noche.<\/font><\/p>\n<p align=\"justify\"><font size=\"3\">La iniciativa <b>Corbata para Dar Amo<\/b>r surgi\u00f3 en el 2005 con la primera edici\u00f3n, en esta segunda edici\u00f3n la Fundaci\u00f3n Wilnelia Merced Forsyth m\u00e1s all\u00e1 de reunir a las personalidades busca impactar a todo el pueblo. <\/font><\/p>\n<p align=\"justify\"><font size=\"3\">Durante el 2012 se reportaron 9,948 incidentes de violencia de g\u00e9nero unos 6,930 casos menos que en el 2011. <b><i>\u201cSi nos unimos todos y aprovechamos la expresi\u00f3n art\u00edsticas seguro podemos seguir reduciendo las incidencias\u201d<\/i><\/b>, dijo Merced a los presentes al tiempo que anunci\u00f3 que reunir\u00e1 a diferentes personas para como voluntarios ir a las escuelas y atender las horas en que los estudiantes est\u00e9n sin maestros.<\/font><\/p>\n<p align=\"center\"><a href=\"https:\/\/bobvarela.com\/wp-content\/uploads\/2013\/03\/wilnelia-corbata-1.jpg\"><img loading=\"lazy\" decoding=\"async\" style=\"background-image: none; border-bottom: 0px; border-left: 0px; padding-left: 0px; padding-right: 0px; display: inline; border-top: 0px; border-right: 0px; padding-top: 0px\" title=\"wilnelia corbata 1\" border=\"0\" alt=\"wilnelia corbata 1\" src=\"https:\/\/bobvarela.com\/wp-content\/uploads\/2013\/03\/wilnelia-corbata-1_thumb.jpg\" width=\"292\" height=\"196\" \/><\/a><\/p>\n<p align=\"justify\"><font size=\"3\"><b><i>\u201cNo ocuparemos la funci\u00f3n del maestro porque no daremos asignaturas sino que serviremos de recurso para que los estudiantes se mantengan en los salones con talleres que incluir\u00e1n la violencia entre menores. Buscaremos que los ni\u00f1os puedan identificar lo que es violencia porque algunos entienden que es algo normal porque lo ven como algo ordinario en sus hogares. Esto ayudar\u00e1 a evitar que los estudiantes busquen otros caminos ante la falta de clases\u201d<\/i><\/b>, dijo la ex Miss Mundo quien preside su fundaci\u00f3n.<\/font><\/p>\n<p><a href=\"https:\/\/bobvarela.com\/wp-content\/uploads\/2013\/03\/wilnelia-corbata-5.jpg\"><img loading=\"lazy\" decoding=\"async\" style=\"background-image: none; border-bottom: 0px; border-left: 0px; padding-left: 0px; padding-right: 0px; display: block; float: none; margin-left: auto; border-top: 0px; margin-right: auto; border-right: 0px; padding-top: 0px\" title=\"wilnelia corbata 5\" border=\"0\" alt=\"wilnelia corbata 5\" src=\"https:\/\/bobvarela.com\/wp-content\/uploads\/2013\/03\/wilnelia-corbata-5_thumb.jpg\" width=\"292\" height=\"196\" \/><\/a><\/p>\n<p align=\"justify\"><font size=\"3\"><b><i>\u201cLa violencia dom\u00e9stica dejo de ser una situaci\u00f3n que afecta solo a los adultos. Muchos de nuestros j\u00f3venes se encuentran en relaciones en las que la violencia y el maltrato es utilizado como una forma de control y manejo del coraje. Algunas de ellas como parte del modelaje de la crianza, otros como parte de la presi\u00f3n de pares. La Oficina de la Procuradora de las Mujeres reafirma su compromiso en la lucha por identificar las problem\u00e1ticas sociales que afectan predominantemente a las mujeres de nuestro pa\u00eds y a identificar los mecanismos para erradicarlas. La violencia entre los adolescentes es una realidad por lo que es preciso atender este asunto con la seriedad y compromiso que requiere\u201d<\/i><\/b>, indic\u00f3 la Procuradora de la Mujer, no sin antes agradecer a la Fundaci\u00f3n Wilnelia Merced -Forsyth por ser parte y unirse a las iniciativas m\u00e1s ambiciosas dirigidas a promover una mejor educaci\u00f3n y calidad de vida de los puertorrique\u00f1os combatiendo la violencia dom\u00e9stica. <\/font><\/p>\n<p align=\"justify\"><font size=\"3\">Merced agradeci\u00f3 a los medios de comunicaci\u00f3n que se unieron a su llamado.<\/font><\/p>\n<p align=\"justify\"><font size=\"3\">&#160;<a href=\"https:\/\/bobvarela.com\/wp-content\/uploads\/2013\/03\/wilnelia-corbata-4.jpg\"><img loading=\"lazy\" decoding=\"async\" style=\"background-image: none; border-bottom: 0px; border-left: 0px; padding-left: 0px; padding-right: 0px; display: block; float: none; margin-left: auto; border-top: 0px; margin-right: auto; border-right: 0px; padding-top: 0px\" title=\"wilnelia corbata 4\" border=\"0\" alt=\"wilnelia corbata 4\" src=\"https:\/\/bobvarela.com\/wp-content\/uploads\/2013\/03\/wilnelia-corbata-4_thumb.jpg\" width=\"292\" height=\"196\" \/><\/a><\/font><\/p>\n<p align=\"justify\"><font size=\"3\">Entre las figuras locales e internacionales que ya han pintado sus corbatas se encuentran: Naomi Campbell, Patrick Swayze, Amy Winehouse, Bette Midler, Susan Boyle, Sean Connery, Rod Stewart. Madonna, Elton John, Ricky Martin, Rub\u00e9n Blades, Paulina Rubio, Luis Fonsi, Olga Ta\u00f1\u00f3n, Andy Monta\u00f1ez, Daddy Yankee, Don Omar, Juli\u00e1n Gil, Carlos Delgado, Carlos arroyo, Tito Trinidad, Chichi Rodr\u00edguez, Carlos Romero Barcel\u00f3, Rafael Hern\u00e1ndez Col\u00f3n, Pedro Rossell\u00f3, Sila Calder\u00f3n, Luis Fortu\u00f1o, el actual gobernador Alejandro Garc\u00eda Padilla y su esposa, el presidente de la C\u00e1mara Jaime Perell\u00f3, Jaime Espinal, Norma Candal, Don Cholito, William Miranda Mar\u00edn y Antonio Martorell entre otros.<\/font><\/p>\n","protected":false},"excerpt":{"rendered":"<p>(San Juan, Puerto Rico)- Una expresi\u00f3n art\u00edstica sobre una corbata que sirve como lienzo, servir\u00e1 para educar a los adolescentes sobre el maltrato y la violencia. La actividad Corbata para dar Amor que realiz\u00f3 con \u00e9xito la Fundaci\u00f3n de Wilnelia&hellip;<\/p>\n<p class=\"more-link-p\"><a class=\"more-link\" href=\"https:\/\/bobvarela.com\/?p=44691\">Read more &rarr;<\/a><\/p>\n","protected":false},"author":1,"featured_media":0,"comment_status":"open","ping_status":"open","sticky":false,"template":"","format":"standard","meta":{"ngg_post_thumbnail":0,"footnotes":""},"categories":[3],"tags":[],"class_list":["post-44691","post","type-post","status-publish","format-standard","hentry","category-actividades"],"_links":{"self":[{"href":"https:\/\/bobvarela.com\/index.php?rest_route=\/wp\/v2\/posts\/44691","targetHints":{"allow":["GET"]}}],"collection":[{"href":"https:\/\/bobvarela.com\/index.php?rest_route=\/wp\/v2\/posts"}],"about":[{"href":"https:\/\/bobvarela.com\/index.php?rest_route=\/wp\/v2\/types\/post"}],"author":[{"embeddable":true,"href":"https:\/\/bobvarela.com\/index.php?rest_route=\/wp\/v2\/users\/1"}],"replies":[{"embeddable":true,"href":"https:\/\/bobvarela.com\/index.php?rest_route=%2Fwp%2Fv2%2Fcomments&post=44691"}],"version-history":[{"count":0,"href":"https:\/\/bobvarela.com\/index.php?rest_route=\/wp\/v2\/posts\/44691\/revisions"}],"wp:attachment":[{"href":"https:\/\/bobvarela.com\/index.php?rest_route=%2Fwp%2Fv2%2Fmedia&parent=44691"}],"wp:term":[{"taxonomy":"category","embeddable":true,"href":"https:\/\/bobvarela.com\/index.php?rest_route=%2Fwp%2Fv2%2Fcategories&post=44691"},{"taxonomy":"post_tag","embeddable":true,"href":"https:\/\/bobvarela.com\/index.php?rest_route=%2Fwp%2Fv2%2Ftags&post=44691"}],"curies":[{"name":"wp","href":"https:\/\/api.w.org\/{rel}","templated":true}]}}