{"id":44761,"date":"2013-04-08T06:59:22","date_gmt":"2013-04-08T10:59:22","guid":{"rendered":"https:\/\/bobvarela.com\/?p=44761"},"modified":"2013-04-08T06:59:22","modified_gmt":"2013-04-08T10:59:22","slug":"matrcula-abierta-para-el-ptima-summer-camp","status":"publish","type":"post","link":"https:\/\/bobvarela.com\/?p=44761","title":{"rendered":"Matr&iacute;cula abierta para el &Oacute;ptima Summer Camp"},"content":{"rendered":"<p align=\"justify\"><a href=\"https:\/\/bobvarela.com\/wp-content\/uploads\/2013\/04\/0686.jpg\"><img loading=\"lazy\" decoding=\"async\" style=\"background-image: none; border-bottom: 0px; border-left: 0px; padding-left: 0px; padding-right: 0px; display: block; float: none; margin-left: auto; border-top: 0px; margin-right: auto; border-right: 0px; padding-top: 0px\" title=\"0686\" border=\"0\" alt=\"0686\" src=\"https:\/\/bobvarela.com\/wp-content\/uploads\/2013\/04\/0686_thumb.jpg\" width=\"308\" height=\"213\" \/><\/a><\/p>\n<p align=\"justify\"><font size=\"3\">6 de abril de 2013 (Naranjito, PR) Si este verano quieres divertirte y aprender conocimientos para toda la vida, \u00d3ptima, Centro &amp; Agencia de Modelos anuncia matr\u00edcula abierta para su campamento de verano \u00d3ptima Summer Camp.<\/font><\/p>\n<p align=\"justify\"><font size=\"3\">Dos semana intensivas donde te adiestraremos en pasarela, foto pose, actuaci\u00f3n para comerciales, refinamiento, etiqueta, cuidado personal, nutrici\u00f3n y ejercicios, dicci\u00f3n, manualidades, clases de joyer\u00eda b\u00e1sica y desfiles de moda.<\/font><\/p>\n<p align=\"justify\"><font size=\"3\">\u00d3ptima Summer Camp se ofrecer\u00e1 a partir del 10 al 21 de junio. La primera sesi\u00f3n ser\u00e1 de 8:00 a.m. a 12:00 p.m., para ni\u00f1as de 3 a\u00f1os en adelante. Mientras que de 1:00 a 5:00 p.m. se atender\u00e1n las j\u00f3venes desde los 12 a\u00f1os en adelante. <\/font><\/p>\n<p><a href=\"https:\/\/bobvarela.com\/wp-content\/uploads\/2013\/04\/DSC00565.jpg\"><img loading=\"lazy\" decoding=\"async\" style=\"background-image: none; border-bottom: 0px; border-left: 0px; padding-left: 0px; padding-right: 0px; display: block; float: none; margin-left: auto; border-top: 0px; margin-right: auto; border-right: 0px; padding-top: 0px\" title=\"DSC00565\" border=\"0\" alt=\"DSC00565\" src=\"https:\/\/bobvarela.com\/wp-content\/uploads\/2013\/04\/DSC00565_thumb.jpg\" width=\"339\" height=\"190\" \/><\/a><\/p>\n<p align=\"justify\"><font size=\"3\">Contamos con profesionales dedicados a la fotograf\u00eda, estilismo, entrenamiento f\u00edsico, maquillaje, pasarela y actuaci\u00f3n que impartir\u00e1n sus conocimientos y experiencias con clases din\u00e1micas y entretenidas para las estudiantes. <\/font><\/p>\n<p align=\"justify\"><font size=\"3\">Adem\u00e1s, la reconocida dise\u00f1adora de accesorios Ivelisse Nieves ofrecer\u00e1 un innovador Curso de Joyer\u00eda B\u00e1sica para adultos, ni\u00f1as y j\u00f3venes que desean aprender a c\u00f3mo confeccionar accesorios y diademas. El curso para adultos se ofrecer\u00e1 desde el 22 de abril hasta el 3 de mayo y del 10 al 21 de junio. <\/font><\/p>\n<p align=\"justify\"><font size=\"3\">El campamento incluye: camisa, meriendas, certificado, carpeta, sesi\u00f3n de fotos y fashion show. Para informaci\u00f3n pueden comunicarse al 787.869.1572 \u00f3 al 787.510.6525. Tambi\u00e9n puede escribirnos a <\/font><a href=\"mailto:info@modelosoptima.com\"><font size=\"3\">info@modelosoptima.com<\/font><\/a><\/p>\n<p>Creditos Foto: Luis V\u00e9lez y Eliezer Hen\u00e1ndez&#160;&#160;&#160;&#160;&#160;&#160;&#160;&#160;&#160;&#160;&#160;&#160;&#160;&#160; Maquillaje: Luis A. Camacho<\/p>\n","protected":false},"excerpt":{"rendered":"<p>6 de abril de 2013 (Naranjito, PR) Si este verano quieres divertirte y aprender conocimientos para toda la vida, \u00d3ptima, Centro &amp; Agencia de Modelos anuncia matr\u00edcula abierta para su campamento de verano \u00d3ptima Summer Camp. Dos semana intensivas donde&hellip;<\/p>\n<p class=\"more-link-p\"><a class=\"more-link\" href=\"https:\/\/bobvarela.com\/?p=44761\">Read more &rarr;<\/a><\/p>\n","protected":false},"author":1,"featured_media":0,"comment_status":"open","ping_status":"open","sticky":false,"template":"","format":"standard","meta":{"ngg_post_thumbnail":0,"footnotes":""},"categories":[3,4],"tags":[],"class_list":["post-44761","post","type-post","status-publish","format-standard","hentry","category-actividades","category-moda"],"_links":{"self":[{"href":"https:\/\/bobvarela.com\/index.php?rest_route=\/wp\/v2\/posts\/44761","targetHints":{"allow":["GET"]}}],"collection":[{"href":"https:\/\/bobvarela.com\/index.php?rest_route=\/wp\/v2\/posts"}],"about":[{"href":"https:\/\/bobvarela.com\/index.php?rest_route=\/wp\/v2\/types\/post"}],"author":[{"embeddable":true,"href":"https:\/\/bobvarela.com\/index.php?rest_route=\/wp\/v2\/users\/1"}],"replies":[{"embeddable":true,"href":"https:\/\/bobvarela.com\/index.php?rest_route=%2Fwp%2Fv2%2Fcomments&post=44761"}],"version-history":[{"count":0,"href":"https:\/\/bobvarela.com\/index.php?rest_route=\/wp\/v2\/posts\/44761\/revisions"}],"wp:attachment":[{"href":"https:\/\/bobvarela.com\/index.php?rest_route=%2Fwp%2Fv2%2Fmedia&parent=44761"}],"wp:term":[{"taxonomy":"category","embeddable":true,"href":"https:\/\/bobvarela.com\/index.php?rest_route=%2Fwp%2Fv2%2Fcategories&post=44761"},{"taxonomy":"post_tag","embeddable":true,"href":"https:\/\/bobvarela.com\/index.php?rest_route=%2Fwp%2Fv2%2Ftags&post=44761"}],"curies":[{"name":"wp","href":"https:\/\/api.w.org\/{rel}","templated":true}]}}