{"id":44915,"date":"2013-04-17T20:59:08","date_gmt":"2013-04-18T00:59:08","guid":{"rendered":"https:\/\/bobvarela.com\/?p=44915"},"modified":"2013-04-17T20:59:08","modified_gmt":"2013-04-18T00:59:08","slug":"presentacion-tiny-world-by-juan-colon-el-2-de-mayo-de-2013","status":"publish","type":"post","link":"https:\/\/bobvarela.com\/?p=44915","title":{"rendered":"PRESENTACION TINY WORLD BY JUAN COLON  EL 2 de mayo de 2013"},"content":{"rendered":"<p align=\"justify\"><font size=\"3\"><a href=\"https:\/\/bobvarela.com\/wp-content\/uploads\/2013\/04\/prensa1.jpg\"><img loading=\"lazy\" decoding=\"async\" style=\"background-image: none; border-bottom: 0px; border-left: 0px; padding-left: 0px; padding-right: 0px; display: block; float: none; margin-left: auto; border-top: 0px; margin-right: auto; border-right: 0px; padding-top: 0px\" title=\"prensa1\" border=\"0\" alt=\"prensa1\" src=\"https:\/\/bobvarela.com\/wp-content\/uploads\/2013\/04\/prensa1_thumb.jpg\" width=\"274\" height=\"219\" \/><\/a><\/font><\/p>\n<p align=\"justify\"><font size=\"3\"><a href=\"https:\/\/bobvarela.com\/wp-content\/uploads\/2013\/04\/prensa5.jpg\"><img loading=\"lazy\" decoding=\"async\" style=\"background-image: none; border-bottom: 0px; border-left: 0px; padding-left: 0px; padding-right: 0px; display: inline; float: left; border-top: 0px; border-right: 0px; padding-top: 0px\" title=\"prensa5\" border=\"0\" alt=\"prensa5\" align=\"left\" src=\"https:\/\/bobvarela.com\/wp-content\/uploads\/2013\/04\/prensa5_thumb.jpg\" width=\"176\" height=\"254\" \/><\/a>La moda y la m\u00fasica se fusionar\u00e1n el pr\u00f3ximo jueves, 2 de mayo de 2013 a las 7:00 p.m. en el Museo de Vida Silvestre de San Juan, en el evento de modas <b><i>\u201cTINY WORLD, Holiday Resort 2013\u201d by Juan Col\u00f3n<\/i><\/b> a beneficio de la Fundaci\u00f3n Caritas Alegres, entidad filantr\u00f3pica de la animadora Xioana Nieves y la actriz Roselyn S\u00e1nchez. <\/font><\/p>\n<p align=\"justify\"><font size=\"3\">En un ambiente inspirado en el hielo y en las l\u00edneas simples a cargo de Jorge Vargas de ArteVivo Corp., esta nueva propuesta de modas comercial tiene el fin de presentar piezas de dise\u00f1ador a precios accesibles y exclusivos, y enfocada en la persona real y de estatura promedio. La peculiaridad de este evento es, precisamente, que todos los modelos, seleccionados por medio de una minuciosa audici\u00f3n, miden entre 5\u20192\u201d y 5\u20198\u201d de estatura, algo inusual en las pasarelas tradicionales. <\/font><\/p>\n<p align=\"center\"><a href=\"https:\/\/bobvarela.com\/wp-content\/uploads\/2013\/04\/DSC_3080.jpg\"><img loading=\"lazy\" decoding=\"async\" style=\"background-image: none; border-bottom: 0px; border-left: 0px; padding-left: 0px; padding-right: 0px; display: inline; border-top: 0px; border-right: 0px; padding-top: 0px\" title=\"DSC_3080\" border=\"0\" alt=\"DSC_3080\" src=\"https:\/\/bobvarela.com\/wp-content\/uploads\/2013\/04\/DSC_3080_thumb.jpg\" width=\"270\" height=\"177\" \/><\/a><\/p>\n<p align=\"justify\"><font size=\"3\">El dise\u00f1ador Juan Col\u00f3n nombra a su colecci\u00f3n TINY WORLD, debido a los cambios que el mundo est\u00e1 enfrentando, tanto sociales, culturales como f\u00edsicos. \u201cHe tomado como punto de partida varios ejemplos que resaltan la importancia de lo peque\u00f1o de las cosas. Estamos acostumbrados a escuchar que los mejores perfumes, al igual que el veneno, viene en frascos peque\u00f1os; pero para m\u00ed lo m\u00e1s importante es saber la capacidad que tenemos los seres humanos de refugiarnos en ciertos momentos de nuestra vida en un mundo diminuto, nuestro propio universo, para protegernos, pensar o dejar volar nuestra imaginaci\u00f3n y creatividad\u201d, explica el dise\u00f1ador, finalista de la segunda edici\u00f3n de Project Runway Latin America. La colecci\u00f3n ser\u00e1 complementada por accesorios del dise\u00f1ador Redo del Olmo, carteras de Pedro Gascot, calzado de Steve Madden y el arreglo de los modelos por el Instituto de Banca y BTCH Cosmetics.<\/font><\/p>\n<p align=\"center\"><a href=\"https:\/\/bobvarela.com\/wp-content\/uploads\/2013\/04\/prensa2.jpg\"><img loading=\"lazy\" decoding=\"async\" style=\"background-image: none; border-bottom: 0px; border-left: 0px; padding-left: 0px; padding-right: 0px; display: inline; border-top: 0px; border-right: 0px; padding-top: 0px\" title=\"prensa2\" border=\"0\" alt=\"prensa2\" src=\"https:\/\/bobvarela.com\/wp-content\/uploads\/2013\/04\/prensa2_thumb.jpg\" width=\"278\" height=\"195\" \/><\/a><\/p>\n<p align=\"justify\"><font size=\"3\">El evento tiene el fin de beneficiar a la Fundaci\u00f3n Caritas Alegres que es una entidad sin fines de lucro que provee asistencia a ni\u00f1os y familias de escasos recursos con necesidades relacionadas a la salud, educaci\u00f3n y vivienda, a la vez que fomenta otras actividades que les brinden una mejor calidad de vida. El dinero recaudado de este evento va destinado a comprar equipo tecnol\u00f3gico para ni\u00f1os no videntes, proveer asistencia financiera para atender condiciones de salud en familias de escasos recursos y al Proyecto Hogar Del Ni\u00f1o en Cupey-Restauraci\u00f3n de casita y centro de estudio.<\/font><\/p>\n<p align=\"center\"><a href=\"https:\/\/bobvarela.com\/wp-content\/uploads\/2013\/04\/prensa4.jpg\"><img loading=\"lazy\" decoding=\"async\" style=\"background-image: none; border-bottom: 0px; border-left: 0px; padding-left: 0px; padding-right: 0px; display: inline; border-top: 0px; border-right: 0px; padding-top: 0px\" title=\"prensa4\" border=\"0\" alt=\"prensa4\" src=\"https:\/\/bobvarela.com\/wp-content\/uploads\/2013\/04\/prensa4_thumb.jpg\" width=\"302\" height=\"198\" \/><\/a><\/p>\n<p align=\"justify\"><font size=\"3\">Xioana Nieves, co-fundadora de la Fundaci\u00f3n Caritas Alegres, extendi\u00f3 una invitaci\u00f3n al pueblo a que se d\u00e9 cita en el evento, ya que \u201cadem\u00e1s de pasar un rato ameno y disfrutar de la moda, m\u00fasica en vivo, el coctel y otras sorpresas, estar\u00e1n haciendo la diferencia en mejorar la calidad de vida de quienes tanto lo necesitan. La raz\u00f3n de ser de la Fundaci\u00f3n Caritas Alegres y por la cual llevamos trabajando por m\u00e1s de siete a\u00f1os es dar de lo que tenemos, ayudar a los dem\u00e1s y que nuestra Isla se llene de Caritas Alegres\u201d, destaca Nieves.<\/font><\/p>\n<p align=\"center\"><a href=\"https:\/\/bobvarela.com\/wp-content\/uploads\/2013\/04\/prensa3.jpg\"><img loading=\"lazy\" decoding=\"async\" style=\"background-image: none; border-bottom: 0px; border-left: 0px; padding-left: 0px; padding-right: 0px; display: inline; border-top: 0px; border-right: 0px; padding-top: 0px\" title=\"prensa3\" border=\"0\" alt=\"prensa3\" src=\"https:\/\/bobvarela.com\/wp-content\/uploads\/2013\/04\/prensa3_thumb.jpg\" width=\"302\" height=\"226\" \/><\/a><\/p>\n<p align=\"justify\"><font size=\"3\">Para m\u00e1s informaci\u00f3n y boletos para \u201cTINY WORLD 2013\u201d by: Juan Colon pueden comunicarse con Ticket Center a trav\u00e9s del 787-792-5000, o mediante Facebook <\/font><a href=\"https:\/\/www.fb.comfundacioncaritasalegres\/\"><font size=\"3\">www.fb.comFundacionCaritasAlegres<\/font><\/a><font size=\"3\">y <\/font><a href=\"https:\/\/www.fb.comjuancolonmoda\/\"><font size=\"3\">www.fb.comJuanColonModa<\/font><\/a><font size=\"3\"> .<\/font><\/p>\n","protected":false},"excerpt":{"rendered":"<p>La moda y la m\u00fasica se fusionar\u00e1n el pr\u00f3ximo jueves, 2 de mayo de 2013 a las 7:00 p.m. en el Museo de Vida Silvestre de San Juan, en el evento de modas \u201cTINY WORLD, Holiday Resort 2013\u201d by Juan&hellip;<\/p>\n<p class=\"more-link-p\"><a class=\"more-link\" href=\"https:\/\/bobvarela.com\/?p=44915\">Read more &rarr;<\/a><\/p>\n","protected":false},"author":1,"featured_media":0,"comment_status":"open","ping_status":"open","sticky":false,"template":"","format":"standard","meta":{"ngg_post_thumbnail":0,"footnotes":""},"categories":[4,295],"tags":[22],"class_list":["post-44915","post","type-post","status-publish","format-standard","hentry","category-moda","category-puerto-rico","tag-juan-colon"],"_links":{"self":[{"href":"https:\/\/bobvarela.com\/index.php?rest_route=\/wp\/v2\/posts\/44915","targetHints":{"allow":["GET"]}}],"collection":[{"href":"https:\/\/bobvarela.com\/index.php?rest_route=\/wp\/v2\/posts"}],"about":[{"href":"https:\/\/bobvarela.com\/index.php?rest_route=\/wp\/v2\/types\/post"}],"author":[{"embeddable":true,"href":"https:\/\/bobvarela.com\/index.php?rest_route=\/wp\/v2\/users\/1"}],"replies":[{"embeddable":true,"href":"https:\/\/bobvarela.com\/index.php?rest_route=%2Fwp%2Fv2%2Fcomments&post=44915"}],"version-history":[{"count":0,"href":"https:\/\/bobvarela.com\/index.php?rest_route=\/wp\/v2\/posts\/44915\/revisions"}],"wp:attachment":[{"href":"https:\/\/bobvarela.com\/index.php?rest_route=%2Fwp%2Fv2%2Fmedia&parent=44915"}],"wp:term":[{"taxonomy":"category","embeddable":true,"href":"https:\/\/bobvarela.com\/index.php?rest_route=%2Fwp%2Fv2%2Fcategories&post=44915"},{"taxonomy":"post_tag","embeddable":true,"href":"https:\/\/bobvarela.com\/index.php?rest_route=%2Fwp%2Fv2%2Ftags&post=44915"}],"curies":[{"name":"wp","href":"https:\/\/api.w.org\/{rel}","templated":true}]}}