{"id":45269,"date":"2013-05-07T07:07:36","date_gmt":"2013-05-07T11:07:36","guid":{"rendered":"https:\/\/bobvarela.com\/?p=45269"},"modified":"2013-05-07T07:09:50","modified_gmt":"2013-05-07T11:09:50","slug":"recyclable-fashion-show","status":"publish","type":"post","link":"https:\/\/bobvarela.com\/?p=45269","title":{"rendered":"Recyclable Fashion Show 2013"},"content":{"rendered":"<p>&#160;&#160;&#160;&#160;&#160;&#160;&#160;&#160;&#160;&#160;&#160;&#160;&#160;&#160;&#160;&#160;&#160;&#160;&#160;&#160;&#160;&#160;&#160;&#160;&#160;&#160;&#160;&#160;&#160;&#160;&#160;&#160;&#160;&#160; <a href=\"https:\/\/bobvarela.com\/wp-content\/uploads\/2013\/05\/IMG_0437.jpg\"><img loading=\"lazy\" decoding=\"async\" style=\"background-image: none; border-bottom: 0px; border-left: 0px; padding-left: 0px; padding-right: 0px; display: inline; border-top: 0px; border-right: 0px; padding-top: 0px\" title=\"IMG_0437\" border=\"0\" alt=\"IMG_0437\" src=\"https:\/\/bobvarela.com\/wp-content\/uploads\/2013\/05\/IMG_0437_thumb.jpg\" width=\"199\" height=\"134\" \/><\/a><a href=\"https:\/\/bobvarela.com\/wp-content\/uploads\/2013\/05\/IMG_0387.jpg\"><img loading=\"lazy\" decoding=\"async\" style=\"background-image: none; border-bottom: 0px; border-left: 0px; padding-left: 0px; padding-right: 0px; display: inline; border-top: 0px; border-right: 0px; padding-top: 0px\" title=\"IMG_0387\" border=\"0\" alt=\"IMG_0387\" src=\"https:\/\/bobvarela.com\/wp-content\/uploads\/2013\/05\/IMG_0387_thumb.jpg\" width=\"199\" height=\"134\" \/><\/a><\/p>\n<p align=\"justify\"><font size=\"3\">The American Institute of Architecture Students (AIAS-UPR) de la Escuela de Arquitectura de la Universidad de Puerto Rico \u2013 Recinto de R\u00edo Piedras sostuvo el quinto aniversario de su competencia anual de moda titulada \u201cRecyclable Fashion Show\u201d el 3 de mayo del 2013 en el Museo de Arte Contempor\u00e1neo de Puerto Rico. La misma apela y reta a todos los estudiantes de distintas disciplinas a elaborar exitosamente una pieza ic\u00f3nica de ropa mediante el uso de materiales reciclables. El jurado estaba compuesto por Jos\u00e9 Ra\u00fal (Dise\u00f1ador de Modas), Arnaldo Rivera Bra\u00f1a (Editor de Moda de la Revista Imagen), Willie Rosado (Stylist), Prof. Enid Soto (Profesora Esc. Arquitectura UPR) y Arq. Emmanuel Ram\u00edrez (Presidente AIA Puerto Rico).<\/font><\/p>\n<p align=\"justify\"><a href=\"https:\/\/bobvarela.com\/wp-content\/uploads\/2013\/05\/IMG_00382.jpg\"><font size=\"3\"><a href=\"https:\/\/bobvarela.com\/wp-content\/uploads\/2013\/05\/IMG_00383.jpg\"><img loading=\"lazy\" decoding=\"async\" style=\"background-image: none; border-bottom: 0px; border-left: 0px; padding-left: 0px; padding-right: 0px; display: inline; border-top: 0px; border-right: 0px; padding-top: 0px\" title=\"IMG_0038\" border=\"0\" alt=\"IMG_0038\" src=\"https:\/\/bobvarela.com\/wp-content\/uploads\/2013\/05\/IMG_0038_thumb.jpg\" width=\"199\" height=\"134\" \/><\/a><\/font><\/a><a href=\"https:\/\/bobvarela.com\/wp-content\/uploads\/2013\/05\/IMG_02152.jpg\"><font size=\"3\"><a href=\"https:\/\/bobvarela.com\/wp-content\/uploads\/2013\/05\/IMG_02153.jpg\"><img loading=\"lazy\" decoding=\"async\" style=\"background-image: none; border-bottom: 0px; border-left: 0px; padding-left: 0px; padding-right: 0px; display: inline; border-top: 0px; border-right: 0px; padding-top: 0px\" title=\"IMG_0215\" border=\"0\" alt=\"IMG_0215\" src=\"https:\/\/bobvarela.com\/wp-content\/uploads\/2013\/05\/IMG_0215_thumb.jpg\" width=\"199\" height=\"134\" \/><\/a><\/font><\/a><a href=\"https:\/\/bobvarela.com\/wp-content\/uploads\/2013\/05\/IMG_04232.jpg\"><font size=\"3\"><a href=\"https:\/\/bobvarela.com\/wp-content\/uploads\/2013\/05\/IMG_04233.jpg\"><img loading=\"lazy\" decoding=\"async\" style=\"background-image: none; border-bottom: 0px; border-left: 0px; padding-left: 0px; padding-right: 0px; display: inline; border-top: 0px; border-right: 0px; padding-top: 0px\" title=\"IMG_0423\" border=\"0\" alt=\"IMG_0423\" src=\"https:\/\/bobvarela.com\/wp-content\/uploads\/2013\/05\/IMG_0423_thumb.jpg\" width=\"199\" height=\"134\" \/><\/a><\/font><\/a><\/p>\n<p align=\"justify\"><font size=\"3\">Adem\u00e1s, Orlando Emmanuel, Karen Batista y Janice Emilia fueron los tres estudiante escogidos de Centro Moda Escuela de Dise\u00f1o de Lisa Thon para presentar su colecci\u00f3n en el evento. Jos\u00e9 Rivera del Instituto de Carlota Alfaro y Bellas Artes de UPR Rio Piedras obtuvo el tercer lugar. Amanda Torres de la Universidad Polit\u00e9nica fue merecedora del segundo lugar con traje \u201cstrapless\u201d hecho con latas de la cerveza Medalla. Los ganadores del evento con un vestido sofisticado de \u201cscreen\u201d o malla utilizado en las ventanas y cristal lo fueron Jonathan Garc\u00eda y Jesus Nieves, estudiantes de la Escuela de Arquitectura de la Universidad de Puerto Rico. Priscilla Huggins, modelo del traje ganador, obtuvo el premio de Mejor Pasarela.<\/font><\/p>\n<p><strong>ngg_shortcode_0_placeholder<\/strong><\/p>\n","protected":false},"excerpt":{"rendered":"<p>&#160;&#160;&#160;&#160;&#160;&#160;&#160;&#160;&#160;&#160;&#160;&#160;&#160;&#160;&#160;&#160;&#160;&#160;&#160;&#160;&#160;&#160;&#160;&#160;&#160;&#160;&#160;&#160;&#160;&#160;&#160;&#160;&#160;&#160; The American Institute of Architecture Students (AIAS-UPR) de la Escuela de Arquitectura de la Universidad de Puerto Rico \u2013 Recinto de R\u00edo Piedras sostuvo el quinto aniversario de su competencia anual de moda titulada \u201cRecyclable Fashion Show\u201d el 3&hellip;<\/p>\n<p class=\"more-link-p\"><a class=\"more-link\" href=\"https:\/\/bobvarela.com\/?p=45269\">Read more &rarr;<\/a><\/p>\n","protected":false},"author":1,"featured_media":0,"comment_status":"open","ping_status":"open","sticky":false,"template":"","format":"standard","meta":{"ngg_post_thumbnail":0,"footnotes":""},"categories":[5,4,295],"tags":[],"class_list":["post-45269","post","type-post","status-publish","format-standard","hentry","category-concursos","category-moda","category-puerto-rico"],"_links":{"self":[{"href":"https:\/\/bobvarela.com\/index.php?rest_route=\/wp\/v2\/posts\/45269","targetHints":{"allow":["GET"]}}],"collection":[{"href":"https:\/\/bobvarela.com\/index.php?rest_route=\/wp\/v2\/posts"}],"about":[{"href":"https:\/\/bobvarela.com\/index.php?rest_route=\/wp\/v2\/types\/post"}],"author":[{"embeddable":true,"href":"https:\/\/bobvarela.com\/index.php?rest_route=\/wp\/v2\/users\/1"}],"replies":[{"embeddable":true,"href":"https:\/\/bobvarela.com\/index.php?rest_route=%2Fwp%2Fv2%2Fcomments&post=45269"}],"version-history":[{"count":1,"href":"https:\/\/bobvarela.com\/index.php?rest_route=\/wp\/v2\/posts\/45269\/revisions"}],"predecessor-version":[{"id":45276,"href":"https:\/\/bobvarela.com\/index.php?rest_route=\/wp\/v2\/posts\/45269\/revisions\/45276"}],"wp:attachment":[{"href":"https:\/\/bobvarela.com\/index.php?rest_route=%2Fwp%2Fv2%2Fmedia&parent=45269"}],"wp:term":[{"taxonomy":"category","embeddable":true,"href":"https:\/\/bobvarela.com\/index.php?rest_route=%2Fwp%2Fv2%2Fcategories&post=45269"},{"taxonomy":"post_tag","embeddable":true,"href":"https:\/\/bobvarela.com\/index.php?rest_route=%2Fwp%2Fv2%2Ftags&post=45269"}],"curies":[{"name":"wp","href":"https:\/\/api.w.org\/{rel}","templated":true}]}}