{"id":45282,"date":"2013-05-10T20:50:52","date_gmt":"2013-05-11T00:50:52","guid":{"rendered":"https:\/\/bobvarela.com\/?p=45282"},"modified":"2013-05-10T21:07:27","modified_gmt":"2013-05-11T01:07:27","slug":"conferencia-prensa-miss-puerto-rico-petite-2013","status":"publish","type":"post","link":"https:\/\/bobvarela.com\/?p=45282","title":{"rendered":"Conferencia Prensa Miss Puerto Rico Petite 2013"},"content":{"rendered":"<p align=\"justify\"><font size=\"3\">SAN JUAN, PUERTO RICO \u2013 El Hotel Sheraton del Centro de Convenciones recibi\u00f3 el 8 de mayo, al impresionante grupo de Miss Puerto Rico Petite 2013, para ser presentadas por primera vez;<\/font><\/p>\n<p align=\"justify\"><a href=\"https:\/\/bobvarela.com\/wp-content\/uploads\/2013\/05\/IMG_2237.jpg\"><img loading=\"lazy\" decoding=\"async\" style=\"background-image: none; border-bottom: 0px; border-left: 0px; padding-left: 0px; padding-right: 0px; display: block; float: none; margin-left: auto; border-top: 0px; margin-right: auto; border-right: 0px; padding-top: 0px\" title=\"IMG_2237\" border=\"0\" alt=\"IMG_2237\" src=\"https:\/\/bobvarela.com\/wp-content\/uploads\/2013\/05\/IMG_2237_thumb.jpg\" width=\"299\" height=\"226\" \/><\/a><\/p>\n<p align=\"justify\"><font size=\"3\">Con trajes de ba\u00f1o de dos piezas dise\u00f1ados por&#160; la linea Colombiana Doll Closet by Dolly Cardona, las hermosas petites fueron presentados para los lentes fotogr\u00e1ficos de la prensa local, y familiares que dijeron presente para apoyar a sus candidatas.<\/font><\/p>\n<p align=\"justify\"><font size=\"3\">El Sr. Luis Santiago, presidente de los cert\u00e1menes Miss Puerto Rico Petite y Miss Puerto Rico Teen, aprovech\u00f3 la oportunidad para darles una bienvenida oficial a todas las delegadas y anunciar las actividades que ser\u00e1n parte de esta edici\u00f3n del certamen nacional.<\/font><\/p>\n<p align=\"justify\"><font size=\"3\">En la conferencia de prensa se aprovech\u00f3 para anunciar el primer evento oficial del certamen Miss Puerto Rico Petite 2013, el tradicional Carnaval de Reinas&#160; El mismo se llevar\u00e1 a cabo este pr\u00f3ximo domingo, 19 de mayo&#160; a las 7:00 pm en el ballroom del Hotel Sheraton. En el Carnaval de Reinas todas las candidatas estar\u00e1n desfilando en trajes de ba\u00f1o y trajes de coctel dise\u00f1ado por cada una de ellas, para el disfrute de todos los presentes. <\/font><\/p>\n<p align=\"justify\"><font size=\"3\">La nueva reina se coronar\u00e1 en la Gran Final la noche del 18 de agosto&#160; en el Centro de Bellas Artes de Guaynabo. <\/font><\/p>\n<p align=\"center\"><a href=\"https:\/\/bobvarela.com\/wp-content\/uploads\/2013\/05\/IMG_2477.jpg\"><img loading=\"lazy\" decoding=\"async\" style=\"background-image: none; border-bottom: 0px; border-left: 0px; padding-left: 0px; padding-right: 0px; display: inline; border-top: 0px; border-right: 0px; padding-top: 0px\" title=\"IMG_2477\" border=\"0\" alt=\"IMG_2477\" src=\"https:\/\/bobvarela.com\/wp-content\/uploads\/2013\/05\/IMG_2477_thumb.jpg\" width=\"182\" height=\"257\" \/><\/a><\/p>\n<p align=\"justify\"><font size=\"3\">A continuaci\u00f3n presentamos las chicas que estaran compitiendo en esta edici\u00f3n de Miss Puerto Rico Petite y que pudimos tomar fotos durante las conferencia de prensa<\/font><\/p>\n<p align=\"justify\"><font size=\"3\">Carolyn Victoria Zambrano &#8211; Miss Adjuntas Petite, Diane Ferrer &#8211; Miss Aibonito Petite, Tania Belliard- Miss Caguas Petite, Tanya Ver\u00f3nica Osorio &#8211; Miss Carolina Petite, Raquel Ort\u00edz &#8211; Miss Cayey Petite, Gladymar Rivera- Miss Dorado Petite, Sharon S\u00e1nchez- Miss Guaynabo Petite, Krystal Montalvo- Miss Hormigueros Petite, Amy Garc\u00eda &#8211; Miss Isabela Petite, Stephanie Ann Rivera- Miss Lares Petite, Franshesca Cardona &#8211; Miss Luquillo Petite, Rhaiza Mart\u00ednez- Miss Mayaguez Petite, Maria del Carmen Padilla- Miss Patillas Petite, Myrna Mel\u00e9ndez- Miss San Juan Petite, Jaylene Alvarez- Miss San Lorenzo Petite,&#160; Vierchely Cintr\u00f3n- Miss Toa Alta Petite, Sabrina Rodr\u00edguez &#8211; Miss Toa Baja Petite, Jessenia Mart\u00ednez- Miss Trujillo Alto Petite, Vanuckska Col\u00f3n &#8211; Miss Villalba Petite, y&#160; Stephanie Coimbre- Miss Yauco Petite<\/font><\/p>\n<p><strong>ngg_shortcode_0_placeholder<\/strong><\/p>\n","protected":false},"excerpt":{"rendered":"<p>SAN JUAN, PUERTO RICO \u2013 El Hotel Sheraton del Centro de Convenciones recibi\u00f3 el 8 de mayo, al impresionante grupo de Miss Puerto Rico Petite 2013, para ser presentadas por primera vez; Con trajes de ba\u00f1o de dos piezas dise\u00f1ados&hellip;<\/p>\n<p class=\"more-link-p\"><a class=\"more-link\" href=\"https:\/\/bobvarela.com\/?p=45282\">Read more &rarr;<\/a><\/p>\n","protected":false},"author":1,"featured_media":0,"comment_status":"open","ping_status":"open","sticky":false,"template":"","format":"standard","meta":{"ngg_post_thumbnail":0,"footnotes":""},"categories":[5,65],"tags":[],"class_list":["post-45282","post","type-post","status-publish","format-standard","hentry","category-concursos","category-petite"],"_links":{"self":[{"href":"https:\/\/bobvarela.com\/index.php?rest_route=\/wp\/v2\/posts\/45282","targetHints":{"allow":["GET"]}}],"collection":[{"href":"https:\/\/bobvarela.com\/index.php?rest_route=\/wp\/v2\/posts"}],"about":[{"href":"https:\/\/bobvarela.com\/index.php?rest_route=\/wp\/v2\/types\/post"}],"author":[{"embeddable":true,"href":"https:\/\/bobvarela.com\/index.php?rest_route=\/wp\/v2\/users\/1"}],"replies":[{"embeddable":true,"href":"https:\/\/bobvarela.com\/index.php?rest_route=%2Fwp%2Fv2%2Fcomments&post=45282"}],"version-history":[{"count":2,"href":"https:\/\/bobvarela.com\/index.php?rest_route=\/wp\/v2\/posts\/45282\/revisions"}],"predecessor-version":[{"id":45284,"href":"https:\/\/bobvarela.com\/index.php?rest_route=\/wp\/v2\/posts\/45282\/revisions\/45284"}],"wp:attachment":[{"href":"https:\/\/bobvarela.com\/index.php?rest_route=%2Fwp%2Fv2%2Fmedia&parent=45282"}],"wp:term":[{"taxonomy":"category","embeddable":true,"href":"https:\/\/bobvarela.com\/index.php?rest_route=%2Fwp%2Fv2%2Fcategories&post=45282"},{"taxonomy":"post_tag","embeddable":true,"href":"https:\/\/bobvarela.com\/index.php?rest_route=%2Fwp%2Fv2%2Ftags&post=45282"}],"curies":[{"name":"wp","href":"https:\/\/api.w.org\/{rel}","templated":true}]}}