{"id":45301,"date":"2013-05-12T08:19:08","date_gmt":"2013-05-12T12:19:08","guid":{"rendered":"https:\/\/bobvarela.com\/?p=45301"},"modified":"2013-05-12T08:19:08","modified_gmt":"2013-05-12T12:19:08","slug":"puerto-rico-primer-finalista-del-turismo-internacional","status":"publish","type":"post","link":"https:\/\/bobvarela.com\/?p=45301","title":{"rendered":"PUERTO RICO PRIMER FINALISTA DEL TURISMO INTERNACIONAL"},"content":{"rendered":"<h6 align=\"center\"><font size=\"3\"><a href=\"https:\/\/bobvarela.com\/wp-content\/uploads\/2013\/05\/cid_tie_8D01D16440B4ED6_1974_B15D.jpg\"><img loading=\"lazy\" decoding=\"async\" style=\"background-image: none; border-bottom: 0px; border-left: 0px; padding-left: 0px; padding-right: 0px; display: inline; border-top: 0px; border-right: 0px; padding-top: 0px\" title=\"!cid_tie_8D01D16440B4ED6_1974_B15D\" border=\"0\" alt=\"!cid_tie_8D01D16440B4ED6_1974_B15D\" src=\"https:\/\/bobvarela.com\/wp-content\/uploads\/2013\/05\/cid_tie_8D01D16440B4ED6_1974_B15D_thumb.jpg\" width=\"252\" height=\"145\" \/><\/a><\/font><\/h6>\n<h6 align=\"justify\"><font size=\"3\">El arecibe\u00f1o Phillipp Batista, logro posicionarse como primer finalista de la 6ta edici\u00f3n de Mr Turismo Internacional celebrado en Panam\u00e1 donde el costarricense Jos\u00e9 Daniel Ram\u00edrez resulto ganador. <\/font><font size=\"3\">El ganador del t\u00edtulo Mr Press Media se coloco entre los favoritos desde su llegada logrando cautivar a los paname\u00f1os con su simpat\u00eda y el don de gente que lo caracterizan.<\/font><\/h6>\n<h6 align=\"center\"><font size=\"3\"><a href=\"https:\/\/bobvarela.com\/wp-content\/uploads\/2013\/05\/FINALISTAS2.jpg\"><img loading=\"lazy\" decoding=\"async\" style=\"background-image: none; border-bottom: 0px; border-left: 0px; padding-left: 0px; padding-right: 0px; display: inline; border-top: 0px; border-right: 0px; padding-top: 0px\" title=\"FINALISTAS2\" border=\"0\" alt=\"FINALISTAS2\" src=\"https:\/\/bobvarela.com\/wp-content\/uploads\/2013\/05\/FINALISTAS2_thumb.jpg\" width=\"227\" height=\"220\" \/><\/a><\/font><\/h6>\n<h6 align=\"justify\"><font size=\"3\">Durante la gala final los candidatos lucieron moda de Johnny Cotton para el n\u00famero de apertura y la competencia de traje de ba\u00f1o. Luego los 14 candidatos desfilaron en moda de Gala para el escogido <\/font><font size=\"3\">de los 7 finalistas: Costa Rica (Jos\u00e9 Daniel Ram\u00edrez), Mexico (Yonathan de la Garza), Puerto Rico (Phillipp Batista), Nicaragua (Felix Elias Medal), USA (puertorrique\u00f1o Matthew Daniel), Argentina (Benjam\u00edn Lukovzky) y Venezuela (Jos\u00e9 Perdomo).<\/font><\/h6>\n<p align=\"center\"><font size=\"3\"><a href=\"https:\/\/bobvarela.com\/wp-content\/uploads\/2013\/05\/T-FINALISTAS.jpg\"><img loading=\"lazy\" decoding=\"async\" style=\"background-image: none; border-bottom: 0px; border-left: 0px; padding-left: 0px; padding-right: 0px; display: inline; border-top: 0px; border-right: 0px; padding-top: 0px\" title=\"T-FINALISTAS\" border=\"0\" alt=\"T-FINALISTAS\" src=\"https:\/\/bobvarela.com\/wp-content\/uploads\/2013\/05\/T-FINALISTAS_thumb.jpg\" width=\"216\" height=\"199\" \/><\/a><\/font><\/p>\n<h6 align=\"justify\"><font size=\"3\">Puerto Rico cargo con los premios de Fotog\u00e9nico y Mejor Imagen Marco Aldani (Cadena Espa\u00f1ola l\u00edder en peluquer\u00eda y est\u00e9tica), para la cual servir\u00e1 de imagen en Panam\u00e1.&#160; Otros premios especiales fueron el de mejor cuerpo y personalidad para Mexico (Yonathan de la Garza), traje de fantas\u00eda Rep\u00fablica Dominicana (Pedro Payano) y mejor orador Costa Rica (Jos\u00e9 Daniel Ram\u00edrez) <\/font><font size=\"3\">quien logro con este premio entrar directo al cuadro final.<\/font><\/h6>\n<p align=\"justify\">&#160;<\/p>\n<p> <font size=\"3\"><\/font>  <\/p>\n<h6 align=\"justify\"><font size=\"3\"><a href=\"https:\/\/bobvarela.com\/wp-content\/uploads\/2013\/05\/puertorico.jpg\"><img loading=\"lazy\" decoding=\"async\" style=\"background-image: none; border-bottom: 0px; border-left: 0px; padding-left: 0px; padding-right: 0px; display: inline; float: left; border-top: 0px; border-right: 0px; padding-top: 0px\" title=\"puertorico\" border=\"0\" alt=\"puertorico\" align=\"left\" src=\"https:\/\/bobvarela.com\/wp-content\/uploads\/2013\/05\/puertorico_thumb.jpg\" width=\"130\" height=\"202\" \/><\/a>Para la entrevista formal y competencia de gala Phillipp estuvo ataviado de negro a cargo de la Casa de Etiquetas Antonio&#8217;s mientras que para su evaluaci\u00f3n de cuerpo lucio un ba\u00f1ador de Tommie Hernandez y accesorios de Krystalos. <\/font><\/h6>\n<p align=\"justify\">&#160;<\/p>\n<p> <font size=\"3\"><\/font>  <\/p>\n<h6 align=\"justify\"><font size=\"3\">En un aparte, Phillipp envia un caluroso saludo a todos los que lo apoyaron tanto en Puerto Ricocomo en Panam\u00e1 y un caluroso abrazo a todas las madres puertorrique\u00f1as en especial a su progenitora Minerva Ortiz, su esposa Rivka Morales y a su hijo Sharif.<\/font><\/h6>\n<p> <font size=\"3\"><\/font>  <\/p>\n<h6 align=\"justify\"><font size=\"3\"><\/font><\/h6>\n<h6 align=\"justify\"><font size=\"3\"><a href=\"https:\/\/bobvarela.com\/wp-content\/uploads\/2013\/05\/T-FOTOGENICO.jpg\"><img loading=\"lazy\" decoding=\"async\" style=\"background-image: none; border-bottom: 0px; border-left: 0px; padding-left: 0px; padding-right: 0px; display: inline; float: right; border-top: 0px; border-right: 0px; padding-top: 0px\" title=\"T-FOTOGENICO\" border=\"0\" alt=\"T-FOTOGENICO\" align=\"right\" src=\"https:\/\/bobvarela.com\/wp-content\/uploads\/2013\/05\/T-FOTOGENICO_thumb.jpg\" width=\"115\" height=\"201\" \/><\/a>Batista regresar\u00e1 a Puerto Rico el pr\u00f3ximo mi\u00e9rcoles 15 de mayo ya que por compromisos <\/font><font size=\"3\">con su t\u00edtulo tiene varios trabajos que realizar antes de regresar a la isla. Adem\u00e1s cabe resaltar que recibio una invitaci\u00f3n a Mexico para conquistar nuevos mercados.<\/font><\/h6>\n<p align=\"justify\"><font size=\"3\"><\/font><\/p>\n<p align=\"justify\"><font size=\"3\">Para m\u00e1s detalles e informaci\u00f3n pendiente<\/font><\/p>\n<p align=\"justify\"><a href=\"https:\/\/www.facebook.com\/MrTourismInternationalPuertoRico?fref=ts\"><font size=\"3\">https:\/\/www.facebook.com\/MrTourismInternationalPuertoRico?fref=ts<\/font><\/a><\/p>\n","protected":false},"excerpt":{"rendered":"<p>El arecibe\u00f1o Phillipp Batista, logro posicionarse como primer finalista de la 6ta edici\u00f3n de Mr Turismo Internacional celebrado en Panam\u00e1 donde el costarricense Jos\u00e9 Daniel Ram\u00edrez resulto ganador. El ganador del t\u00edtulo Mr Press Media se coloco entre los favoritos&hellip;<\/p>\n<p class=\"more-link-p\"><a class=\"more-link\" href=\"https:\/\/bobvarela.com\/?p=45301\">Read more &rarr;<\/a><\/p>\n","protected":false},"author":1,"featured_media":0,"comment_status":"open","ping_status":"open","sticky":false,"template":"","format":"standard","meta":{"ngg_post_thumbnail":0,"footnotes":""},"categories":[5,446],"tags":[],"class_list":["post-45301","post","type-post","status-publish","format-standard","hentry","category-concursos","category-turismo"],"_links":{"self":[{"href":"https:\/\/bobvarela.com\/index.php?rest_route=\/wp\/v2\/posts\/45301","targetHints":{"allow":["GET"]}}],"collection":[{"href":"https:\/\/bobvarela.com\/index.php?rest_route=\/wp\/v2\/posts"}],"about":[{"href":"https:\/\/bobvarela.com\/index.php?rest_route=\/wp\/v2\/types\/post"}],"author":[{"embeddable":true,"href":"https:\/\/bobvarela.com\/index.php?rest_route=\/wp\/v2\/users\/1"}],"replies":[{"embeddable":true,"href":"https:\/\/bobvarela.com\/index.php?rest_route=%2Fwp%2Fv2%2Fcomments&post=45301"}],"version-history":[{"count":0,"href":"https:\/\/bobvarela.com\/index.php?rest_route=\/wp\/v2\/posts\/45301\/revisions"}],"wp:attachment":[{"href":"https:\/\/bobvarela.com\/index.php?rest_route=%2Fwp%2Fv2%2Fmedia&parent=45301"}],"wp:term":[{"taxonomy":"category","embeddable":true,"href":"https:\/\/bobvarela.com\/index.php?rest_route=%2Fwp%2Fv2%2Fcategories&post=45301"},{"taxonomy":"post_tag","embeddable":true,"href":"https:\/\/bobvarela.com\/index.php?rest_route=%2Fwp%2Fv2%2Ftags&post=45301"}],"curies":[{"name":"wp","href":"https:\/\/api.w.org\/{rel}","templated":true}]}}