{"id":45322,"date":"2013-05-14T06:57:37","date_gmt":"2013-05-14T10:57:37","guid":{"rendered":"https:\/\/bobvarela.com\/?p=45322"},"modified":"2013-05-14T06:57:37","modified_gmt":"2013-05-14T10:57:37","slug":"paws-in-gangway-2013-segunda-parte","status":"publish","type":"post","link":"https:\/\/bobvarela.com\/?p=45322","title":{"rendered":"PAWS in Gangway 2013 segunda parte"},"content":{"rendered":"<p align=\"justify\"><font size=\"3\">El pasado, 11 de mayo de 2013 el Museo de Vida Silvestre le abri\u00f3 sus puertas a una pasarela diferente y con el prop\u00f3sito de fomentar el servicio p\u00fablico y la responsabilidad social en los j\u00f3venes. El Fashion Show \u201cPAWS in Gangway\u201d, fue realizado con un v\u00ednculo sostenido directamente con albergues de animales, para propiciar la recaudaci\u00f3n de comida para los perros que reciben servicios en estas entidades: Centro Control y Adopci\u00f3n de Animales en San Juan y El Santuario El Faro de Animales en Humacao. Partiendo de la premisa de la necesidad real de abastecimiento de comida y apoyo de las entidades que se dedican atender esta poblaci\u00f3n canina. Adem\u00e1s, de crear conciencia del abandono y el maltrato de animales.<\/font><\/p>\n<p align=\"justify\"><font size=\"3\">La Fundaci\u00f3n Therapy Dogs se uni\u00f3 a este evento y compartieron pasarela con las modelos en el openning donde pudimos disfrutar de un preview de las colecciones de dise\u00f1adores del patio que y apoyaron esta causa.<\/font><\/p>\n<p align=\"justify\"><font size=\"3\">En esta occasion presentamos en orden los desfiles de <\/font><font size=\"3\">Edwin Figueroa, Marisol Matos, <\/font><font size=\"3\">Arquelio Rivera, Jossie Medina, Ropajes (Rikii Sanabria), Korazonadazz by Nana ( accesorios), Rudeth Le\u00f3n, Pluzz Boutique     <br \/>y Jos\u00e9 Luis Negr\u00f3n<\/font><\/p>\n<p><strong>ngg_shortcode_0_placeholder<\/strong><\/p>\n","protected":false},"excerpt":{"rendered":"<p>El pasado, 11 de mayo de 2013 el Museo de Vida Silvestre le abri\u00f3 sus puertas a una pasarela diferente y con el prop\u00f3sito de fomentar el servicio p\u00fablico y la responsabilidad social en los j\u00f3venes. El Fashion Show \u201cPAWS&hellip;<\/p>\n<p class=\"more-link-p\"><a class=\"more-link\" href=\"https:\/\/bobvarela.com\/?p=45322\">Read more &rarr;<\/a><\/p>\n","protected":false},"author":1,"featured_media":0,"comment_status":"open","ping_status":"open","sticky":false,"template":"","format":"standard","meta":{"ngg_post_thumbnail":0,"footnotes":""},"categories":[4,295],"tags":[],"class_list":["post-45322","post","type-post","status-publish","format-standard","hentry","category-moda","category-puerto-rico"],"_links":{"self":[{"href":"https:\/\/bobvarela.com\/index.php?rest_route=\/wp\/v2\/posts\/45322","targetHints":{"allow":["GET"]}}],"collection":[{"href":"https:\/\/bobvarela.com\/index.php?rest_route=\/wp\/v2\/posts"}],"about":[{"href":"https:\/\/bobvarela.com\/index.php?rest_route=\/wp\/v2\/types\/post"}],"author":[{"embeddable":true,"href":"https:\/\/bobvarela.com\/index.php?rest_route=\/wp\/v2\/users\/1"}],"replies":[{"embeddable":true,"href":"https:\/\/bobvarela.com\/index.php?rest_route=%2Fwp%2Fv2%2Fcomments&post=45322"}],"version-history":[{"count":0,"href":"https:\/\/bobvarela.com\/index.php?rest_route=\/wp\/v2\/posts\/45322\/revisions"}],"wp:attachment":[{"href":"https:\/\/bobvarela.com\/index.php?rest_route=%2Fwp%2Fv2%2Fmedia&parent=45322"}],"wp:term":[{"taxonomy":"category","embeddable":true,"href":"https:\/\/bobvarela.com\/index.php?rest_route=%2Fwp%2Fv2%2Fcategories&post=45322"},{"taxonomy":"post_tag","embeddable":true,"href":"https:\/\/bobvarela.com\/index.php?rest_route=%2Fwp%2Fv2%2Ftags&post=45322"}],"curies":[{"name":"wp","href":"https:\/\/api.w.org\/{rel}","templated":true}]}}