{"id":45543,"date":"2013-06-01T13:17:21","date_gmt":"2013-06-01T17:17:21","guid":{"rendered":"https:\/\/bobvarela.com\/?p=45543"},"modified":"2013-06-01T13:28:43","modified_gmt":"2013-06-01T17:28:43","slug":"de-mayaguez-la-miss-puerto-rico-turismo-latino","status":"publish","type":"post","link":"https:\/\/bobvarela.com\/?p=45543","title":{"rendered":"DE MAYAGUEZ LA MISS  PUERTO RICO TURISMO LATINO"},"content":{"rendered":"<h6 align=\"center\"><font size=\"3\"><\/font>&nbsp;<\/h6>\n<h6 align=\"justify\"><a href=\"https:\/\/bobvarela.com\/wp-content\/uploads\/2013\/06\/MPRTL-2013-497.jpg\"><img loading=\"lazy\" decoding=\"async\" style=\"background-image: none; border-bottom: 0px; border-left: 0px; padding-left: 0px; padding-right: 0px; display: block; float: none; margin-left: auto; border-top: 0px; margin-right: auto; border-right: 0px; padding-top: 0px\" title=\"MPRTL 2013 497\" border=\"0\" alt=\"MPRTL 2013 497\" src=\"https:\/\/bobvarela.com\/wp-content\/uploads\/2013\/06\/MPRTL-2013-497_thumb.jpg\" width=\"214\" height=\"157\"\/><\/a><\/h6>\n<h6 align=\"justify\"><font size=\"3\"><a href=\"https:\/\/bobvarela.com\/wp-content\/uploads\/2013\/06\/MPRTL-2013-499.jpg\"><img loading=\"lazy\" decoding=\"async\" style=\"background-image: none; border-bottom: 0px; border-left: 0px; padding-left: 0px; padding-right: 0px; display: inline; float: left; border-top: 0px; border-right: 0px; padding-top: 0px\" title=\"MPRTL 2013 499\" border=\"0\" alt=\"MPRTL 2013 499\" align=\"left\" src=\"https:\/\/bobvarela.com\/wp-content\/uploads\/2013\/06\/MPRTL-2013-499_thumb.jpg\" width=\"136\" height=\"214\"\/><\/a>REINAS DE LA BELLEZA presenta a la joven mayaguezana, de 19 a\u00f1os, <\/font><font size=\"3\">Amanda Ayala, como Miss Puerto Rico al certamen internacional Miss Turismo Latino 2013, <\/font><font size=\"3\">en su s\u00e9ptima edici\u00f3n a celebrarse por primera vez en la Ciudad de Riobamba en Ecuador, <\/font><font size=\"3\">del 30 de octubre al 11 de noviembre.<\/font><\/h6>\n<p align=\"justify\"><font size=\"3\"><\/font>&nbsp; <\/p>\n<p align=\"justify\"><font size=\"3\">Amanda es estudiante de segundo a\u00f1o de biolog\u00eda en la Pontificia Universidad C\u00e1tolica, Recinto de Mayaguez.<\/font> <\/p>\n<p align=\"justify\"><font size=\"3\">Amanda se distingue por ser una chica disciplinada y responsable, cualidades que la han hecho destacarse en varias facetas desde ni\u00f1a cuando a la temprana edad de 5 a\u00f1os realizo un anuncio para radio exhortando al recogido de basura y a la limpieza de nuestra isla. <\/font><\/p>\n<p align=\"justify\"><a href=\"https:\/\/bobvarela.com\/wp-content\/uploads\/2013\/06\/MPRTL-2013-523.jpg\"><img loading=\"lazy\" decoding=\"async\" style=\"background-image: none; border-bottom: 0px; border-left: 0px; padding-left: 0px; padding-right: 0px; display: inline; border-top: 0px; border-right: 0px; padding-top: 0px\" title=\"MPRTL 2013 523\" border=\"0\" alt=\"MPRTL 2013 523\" src=\"https:\/\/bobvarela.com\/wp-content\/uploads\/2013\/06\/MPRTL-2013-523_thumb.jpg\" width=\"204\" height=\"143\"\/><\/a><a href=\"https:\/\/bobvarela.com\/wp-content\/uploads\/2013\/06\/MPRTL-2013-518.jpg\"><img loading=\"lazy\" decoding=\"async\" style=\"background-image: none; border-bottom: 0px; border-left: 0px; padding-left: 0px; padding-right: 0px; display: inline; border-top: 0px; border-right: 0px; padding-top: 0px\" title=\"MPRTL 2013 518\" border=\"0\" alt=\"MPRTL 2013 518\" src=\"https:\/\/bobvarela.com\/wp-content\/uploads\/2013\/06\/MPRTL-2013-518_thumb.jpg\" width=\"184\" height=\"140\"\/><\/a><a href=\"https:\/\/bobvarela.com\/wp-content\/uploads\/2013\/06\/MPRTL-2013-521.jpg\"><img loading=\"lazy\" decoding=\"async\" style=\"background-image: none; border-bottom: 0px; border-left: 0px; padding-left: 0px; padding-right: 0px; display: inline; border-top: 0px; border-right: 0px; padding-top: 0px\" title=\"MPRTL 2013 521\" border=\"0\" alt=\"MPRTL 2013 521\" src=\"https:\/\/bobvarela.com\/wp-content\/uploads\/2013\/06\/MPRTL-2013-521_thumb.jpg\" width=\"178\" height=\"145\"\/><\/a><font size=\"3\"><\/font><\/p>\n<h6 align=\"justify\"><font size=\"3\">Comenzo su obra ben\u00e9fica desde ni\u00f1a en las \u201cgirls scouts\u201d visitando <\/font><font size=\"3\">Hogares de ancianos, colectando dinero, comida y ropa para donaciones a diferentes albergues. <\/font><font size=\"3\">Pertenecio al equipo de patinaje de hielo de Aguadilla y entre sus pasatiempos <\/font><font size=\"3\">se encuentran hacer ejercicios, ir a la playa y el turismo Interno e ir de &#8220;shopping&#8221;.<\/font><\/h6>\n<p align=\"justify\"><a href=\"https:\/\/bobvarela.com\/wp-content\/uploads\/2013\/06\/MPRTL-2013-486.jpg\"><img loading=\"lazy\" decoding=\"async\" style=\"background-image: none; border-bottom: 0px; border-left: 0px; padding-left: 0px; padding-right: 0px; display: inline; border-top: 0px; border-right: 0px; padding-top: 0px\" title=\"MPRTL 2013 486\" border=\"0\" alt=\"MPRTL 2013 486\" src=\"https:\/\/bobvarela.com\/wp-content\/uploads\/2013\/06\/MPRTL-2013-486_thumb.jpg\" width=\"199\" height=\"134\"\/><\/a><a href=\"https:\/\/bobvarela.com\/wp-content\/uploads\/2013\/06\/MPRTL-2013-495.jpg\"><img loading=\"lazy\" decoding=\"async\" style=\"background-image: none; border-bottom: 0px; border-left: 0px; padding-left: 0px; padding-right: 0px; display: inline; border-top: 0px; border-right: 0px; padding-top: 0px\" title=\"MPRTL 2013 495\" border=\"0\" alt=\"MPRTL 2013 495\" src=\"https:\/\/bobvarela.com\/wp-content\/uploads\/2013\/06\/MPRTL-2013-495_thumb.jpg\" width=\"199\" height=\"134\"\/><\/a><a href=\"https:\/\/bobvarela.com\/wp-content\/uploads\/2013\/06\/MPRTL-2013-478.jpg\"><img loading=\"lazy\" decoding=\"async\" style=\"background-image: none; border-bottom: 0px; border-left: 0px; padding-left: 0px; padding-right: 0px; display: inline; border-top: 0px; border-right: 0px; padding-top: 0px\" title=\"MPRTL 2013 478\" border=\"0\" alt=\"MPRTL 2013 478\" src=\"https:\/\/bobvarela.com\/wp-content\/uploads\/2013\/06\/MPRTL-2013-478_thumb.jpg\" width=\"199\" height=\"134\"\/><\/a><\/p>\n<h6 align=\"justify\"><font size=\"3\">En la actualidad pertenece a la agencia de modelos ANNJANNETTE y se ha destacado <\/font><font size=\"3\">como modelo profesional para fotograf\u00eda de revistas y campa\u00f1as publicitarias <\/font><font size=\"3\">y fue 3era finalista de la Cara de Imagen 2012.<\/font><\/h6>\n<p align=\"justify\">&nbsp;<\/p>\n<p align=\"justify\"><font size=\"3\">Ha participado de pasarelas de moda para dise\u00f1adores locales e internacionales <\/font><font size=\"3\">en el West Fashion Week y Rep\u00fablica Dominicana Fashion Week.<\/font> <\/p>\n<p align=\"justify\"><a href=\"https:\/\/bobvarela.com\/wp-content\/uploads\/2013\/06\/MPRTL-2013-524.jpg\"><img loading=\"lazy\" decoding=\"async\" style=\"background-image: none; border-bottom: 0px; border-left: 0px; padding-left: 0px; padding-right: 0px; display: inline; border-top: 0px; border-right: 0px; padding-top: 0px\" title=\"MPRTL 2013 524\" border=\"0\" alt=\"MPRTL 2013 524\" src=\"https:\/\/bobvarela.com\/wp-content\/uploads\/2013\/06\/MPRTL-2013-524_thumb.jpg\" width=\"199\" height=\"134\"\/><\/a><a href=\"https:\/\/bobvarela.com\/wp-content\/uploads\/2013\/06\/MPRTL-2013-530.jpg\"><img loading=\"lazy\" decoding=\"async\" style=\"background-image: none; border-bottom: 0px; border-left: 0px; padding-left: 0px; padding-right: 0px; display: inline; border-top: 0px; border-right: 0px; padding-top: 0px\" title=\"MPRTL 2013 530\" border=\"0\" alt=\"MPRTL 2013 530\" src=\"https:\/\/bobvarela.com\/wp-content\/uploads\/2013\/06\/MPRTL-2013-530_thumb.jpg\" width=\"182\" height=\"132\"\/><\/a><a href=\"https:\/\/bobvarela.com\/wp-content\/uploads\/2013\/06\/MPRTL-2013-479.jpg\"><img loading=\"lazy\" decoding=\"async\" style=\"background-image: none; border-bottom: 0px; border-left: 0px; padding-left: 0px; padding-right: 0px; display: inline; border-top: 0px; border-right: 0px; padding-top: 0px\" title=\"MPRTL 2013 479\" border=\"0\" alt=\"MPRTL 2013 479\" src=\"https:\/\/bobvarela.com\/wp-content\/uploads\/2013\/06\/MPRTL-2013-479_thumb.jpg\" width=\"202\" height=\"136\"\/><\/a><a href=\"https:\/\/bobvarela.com\/wp-content\/uploads\/2013\/06\/MPRTL-2013-4831.jpg\"><img loading=\"lazy\" decoding=\"async\" style=\"background-image: none; border-bottom: 0px; border-left: 0px; padding-left: 0px; padding-right: 0px; display: inline; border-top: 0px; border-right: 0px; padding-top: 0px\" title=\"MPRTL 2013 483\" border=\"0\" alt=\"MPRTL 2013 483\" src=\"https:\/\/bobvarela.com\/wp-content\/uploads\/2013\/06\/MPRTL-2013-483_thumb1.jpg\" width=\"202\" height=\"155\"\/><\/a><a href=\"https:\/\/bobvarela.com\/wp-content\/uploads\/2013\/06\/MPRTL-2013-4851.jpg\"><img loading=\"lazy\" decoding=\"async\" style=\"background-image: none; border-bottom: 0px; border-left: 0px; padding-left: 0px; padding-right: 0px; display: inline; border-top: 0px; border-right: 0px; padding-top: 0px\" title=\"MPRTL 2013 485\" border=\"0\" alt=\"MPRTL 2013 485\" src=\"https:\/\/bobvarela.com\/wp-content\/uploads\/2013\/06\/MPRTL-2013-485_thumb1.jpg\" width=\"191\" height=\"155\"\/><\/a><a href=\"https:\/\/bobvarela.com\/wp-content\/uploads\/2013\/06\/MPRTL-2013-500.jpg\"><img loading=\"lazy\" decoding=\"async\" style=\"background-image: none; border-bottom: 0px; border-left: 0px; padding-left: 0px; padding-right: 0px; display: inline; border-top: 0px; border-right: 0px; padding-top: 0px\" title=\"MPRTL 2013 500\" border=\"0\" alt=\"MPRTL 2013 500\" src=\"https:\/\/bobvarela.com\/wp-content\/uploads\/2013\/06\/MPRTL-2013-500_thumb.jpg\" width=\"161\" height=\"154\"\/><\/a> <\/p>\n<p align=\"justify\"><font size=\"3\">Miss Turismo Latino es un plataforma de belleza, enfocada en promover el turismo <\/font><font size=\"3\">y lograr un intercambio cultural entre los pa\u00edses latinos.<\/font> <\/p>\n<p><strong>ngg_shortcode_0_placeholder<\/strong>.<\/p>\n","protected":false},"excerpt":{"rendered":"<p>&nbsp; REINAS DE LA BELLEZA presenta a la joven mayaguezana, de 19 a\u00f1os, Amanda Ayala, como Miss Puerto Rico al certamen internacional Miss Turismo Latino 2013, en su s\u00e9ptima edici\u00f3n a celebrarse por primera vez en la Ciudad de Riobamba&hellip;<\/p>\n<p class=\"more-link-p\"><a class=\"more-link\" href=\"https:\/\/bobvarela.com\/?p=45543\">Read more &rarr;<\/a><\/p>\n","protected":false},"author":1,"featured_media":0,"comment_status":"open","ping_status":"open","sticky":false,"template":"","format":"standard","meta":{"ngg_post_thumbnail":0,"footnotes":""},"categories":[5,446],"tags":[],"class_list":["post-45543","post","type-post","status-publish","format-standard","hentry","category-concursos","category-turismo"],"_links":{"self":[{"href":"https:\/\/bobvarela.com\/index.php?rest_route=\/wp\/v2\/posts\/45543","targetHints":{"allow":["GET"]}}],"collection":[{"href":"https:\/\/bobvarela.com\/index.php?rest_route=\/wp\/v2\/posts"}],"about":[{"href":"https:\/\/bobvarela.com\/index.php?rest_route=\/wp\/v2\/types\/post"}],"author":[{"embeddable":true,"href":"https:\/\/bobvarela.com\/index.php?rest_route=\/wp\/v2\/users\/1"}],"replies":[{"embeddable":true,"href":"https:\/\/bobvarela.com\/index.php?rest_route=%2Fwp%2Fv2%2Fcomments&post=45543"}],"version-history":[{"count":1,"href":"https:\/\/bobvarela.com\/index.php?rest_route=\/wp\/v2\/posts\/45543\/revisions"}],"predecessor-version":[{"id":45550,"href":"https:\/\/bobvarela.com\/index.php?rest_route=\/wp\/v2\/posts\/45543\/revisions\/45550"}],"wp:attachment":[{"href":"https:\/\/bobvarela.com\/index.php?rest_route=%2Fwp%2Fv2%2Fmedia&parent=45543"}],"wp:term":[{"taxonomy":"category","embeddable":true,"href":"https:\/\/bobvarela.com\/index.php?rest_route=%2Fwp%2Fv2%2Fcategories&post=45543"},{"taxonomy":"post_tag","embeddable":true,"href":"https:\/\/bobvarela.com\/index.php?rest_route=%2Fwp%2Fv2%2Ftags&post=45543"}],"curies":[{"name":"wp","href":"https:\/\/api.w.org\/{rel}","templated":true}]}}