{"id":45592,"date":"2013-06-08T07:10:15","date_gmt":"2013-06-08T11:10:15","guid":{"rendered":"https:\/\/bobvarela.com\/?p=45592"},"modified":"2013-06-10T20:15:08","modified_gmt":"2013-06-11T00:15:08","slug":"las-dos-fridas-de-ivelisse-nieves","status":"publish","type":"post","link":"https:\/\/bobvarela.com\/?p=45592","title":{"rendered":"Las Dos Fridas de Ivelisse Nieves"},"content":{"rendered":"<p align=\"justify\"><font size=\"3\">El 7 de junio,&#160; en el Hotel Verdanza&#160; La dese\u00f1adora Ivelisse Nieves present\u00f3 su desfile \u201cLas Dos Fridas\u201d.&#160;&#160; Este desfile fue a beneficio de la Casa de Ni\u00f1os Manuel Fern\u00e1ndez Juncos.&#160; E<\/font><font size=\"3\">l maquillaje estuvo a cargo de Esteban Monte Salon y la l\u00ednea de cosm\u00e9ticos de Est\u00e9e Lauder. El styling a cargo de 1550 Fashion Group<\/font><\/p>\n<p align=\"justify\"><font size=\"3\"><a href=\"https:\/\/bobvarela.com\/wp-content\/uploads\/2013\/06\/IMG_0094.jpg\"><img loading=\"lazy\" decoding=\"async\" style=\"background-image: none; border-bottom: 0px; border-left: 0px; padding-left: 0px; padding-right: 0px; display: inline; border-top: 0px; border-right: 0px; padding-top: 0px\" title=\"IMG_0094\" border=\"0\" alt=\"IMG_0094\" src=\"https:\/\/bobvarela.com\/wp-content\/uploads\/2013\/06\/IMG_0094_thumb.jpg\" width=\"199\" height=\"134\" \/><\/a><a href=\"https:\/\/bobvarela.com\/wp-content\/uploads\/2013\/06\/IMG_0159.jpg\"><img loading=\"lazy\" decoding=\"async\" style=\"background-image: none; border-bottom: 0px; border-left: 0px; padding-left: 0px; padding-right: 0px; display: inline; border-top: 0px; border-right: 0px; padding-top: 0px\" title=\"IMG_0159\" border=\"0\" alt=\"IMG_0159\" src=\"https:\/\/bobvarela.com\/wp-content\/uploads\/2013\/06\/IMG_0159_thumb.jpg\" width=\"199\" height=\"134\" \/><\/a><a href=\"https:\/\/bobvarela.com\/wp-content\/uploads\/2013\/06\/IMG_0168.jpg\"><img loading=\"lazy\" decoding=\"async\" style=\"background-image: none; border-bottom: 0px; border-left: 0px; padding-left: 0px; padding-right: 0px; display: inline; border-top: 0px; border-right: 0px; padding-top: 0px\" title=\"IMG_0168\" border=\"0\" alt=\"IMG_0168\" src=\"https:\/\/bobvarela.com\/wp-content\/uploads\/2013\/06\/IMG_0168_thumb.jpg\" width=\"199\" height=\"134\" \/><\/a><a href=\"https:\/\/bobvarela.com\/wp-content\/uploads\/2013\/06\/IMG_0177.jpg\"><img loading=\"lazy\" decoding=\"async\" style=\"background-image: none; border-bottom: 0px; border-left: 0px; padding-left: 0px; padding-right: 0px; display: inline; border-top: 0px; border-right: 0px; padding-top: 0px\" title=\"IMG_0177\" border=\"0\" alt=\"IMG_0177\" src=\"https:\/\/bobvarela.com\/wp-content\/uploads\/2013\/06\/IMG_0177_thumb.jpg\" width=\"199\" height=\"134\" \/><\/a><a href=\"https:\/\/bobvarela.com\/wp-content\/uploads\/2013\/06\/IMG_0218.jpg\"><img loading=\"lazy\" decoding=\"async\" style=\"background-image: none; border-bottom: 0px; border-left: 0px; padding-left: 0px; padding-right: 0px; display: inline; border-top: 0px; border-right: 0px; padding-top: 0px\" title=\"IMG_0218\" border=\"0\" alt=\"IMG_0218\" src=\"https:\/\/bobvarela.com\/wp-content\/uploads\/2013\/06\/IMG_0218_thumb.jpg\" width=\"199\" height=\"134\" \/><\/a><a href=\"https:\/\/bobvarela.com\/wp-content\/uploads\/2013\/06\/IMG_0233.jpg\"><img loading=\"lazy\" decoding=\"async\" style=\"background-image: none; border-bottom: 0px; border-left: 0px; padding-left: 0px; padding-right: 0px; display: inline; border-top: 0px; border-right: 0px; padding-top: 0px\" title=\"IMG_0233\" border=\"0\" alt=\"IMG_0233\" src=\"https:\/\/bobvarela.com\/wp-content\/uploads\/2013\/06\/IMG_0233_thumb.jpg\" width=\"199\" height=\"134\" \/><\/a><\/font><\/p>\n<p align=\"justify\"><font size=\"3\"> La apertura del evento fue una Danza Contempor\u00e1nea del Grupo Logo de Mono dirigido por el Sr. David Soto y la coreograf\u00eda por el Sr. Miguel Qui\u00f1ones<\/font><\/p>\n<p align=\"justify\"><a href=\"https:\/\/bobvarela.com\/wp-content\/uploads\/2013\/06\/IMG_0302.jpg\"><img loading=\"lazy\" decoding=\"async\" style=\"background-image: none; border-bottom: 0px; border-left: 0px; padding-left: 0px; padding-right: 0px; display: inline; border-top: 0px; border-right: 0px; padding-top: 0px\" title=\"IMG_0302\" border=\"0\" alt=\"IMG_0302\" src=\"https:\/\/bobvarela.com\/wp-content\/uploads\/2013\/06\/IMG_0302_thumb.jpg\" width=\"199\" height=\"134\" \/><\/a><a href=\"https:\/\/bobvarela.com\/wp-content\/uploads\/2013\/06\/IMG_0318.jpg\"><img loading=\"lazy\" decoding=\"async\" style=\"background-image: none; border-bottom: 0px; border-left: 0px; padding-left: 0px; padding-right: 0px; display: inline; border-top: 0px; border-right: 0px; padding-top: 0px\" title=\"IMG_0318\" border=\"0\" alt=\"IMG_0318\" src=\"https:\/\/bobvarela.com\/wp-content\/uploads\/2013\/06\/IMG_0318_thumb.jpg\" width=\"199\" height=\"134\" \/><\/a><a href=\"https:\/\/bobvarela.com\/wp-content\/uploads\/2013\/06\/IMG_0330.jpg\"><img loading=\"lazy\" decoding=\"async\" style=\"background-image: none; border-bottom: 0px; border-left: 0px; padding-left: 0px; padding-right: 0px; display: inline; border-top: 0px; border-right: 0px; padding-top: 0px\" title=\"IMG_0330\" border=\"0\" alt=\"IMG_0330\" src=\"https:\/\/bobvarela.com\/wp-content\/uploads\/2013\/06\/IMG_0330_thumb.jpg\" width=\"199\" height=\"134\" \/><\/a><a href=\"https:\/\/bobvarela.com\/wp-content\/uploads\/2013\/06\/IMG_0337.jpg\"><img loading=\"lazy\" decoding=\"async\" style=\"background-image: none; border-bottom: 0px; border-left: 0px; padding-left: 0px; padding-right: 0px; display: inline; border-top: 0px; border-right: 0px; padding-top: 0px\" title=\"IMG_0337\" border=\"0\" alt=\"IMG_0337\" src=\"https:\/\/bobvarela.com\/wp-content\/uploads\/2013\/06\/IMG_0337_thumb.jpg\" width=\"190\" height=\"134\" \/><\/a><a href=\"https:\/\/bobvarela.com\/wp-content\/uploads\/2013\/06\/IMG_0338.jpg\"><img loading=\"lazy\" decoding=\"async\" style=\"background-image: none; border-bottom: 0px; border-left: 0px; padding-left: 0px; padding-right: 0px; display: inline; border-top: 0px; border-right: 0px; padding-top: 0px\" title=\"IMG_0338\" border=\"0\" alt=\"IMG_0338\" src=\"https:\/\/bobvarela.com\/wp-content\/uploads\/2013\/06\/IMG_0338_thumb.jpg\" width=\"199\" height=\"134\" \/><\/a><a href=\"https:\/\/bobvarela.com\/wp-content\/uploads\/2013\/06\/IMG_0343.jpg\"><img loading=\"lazy\" decoding=\"async\" style=\"background-image: none; border-bottom: 0px; border-left: 0px; padding-left: 0px; padding-right: 0px; display: inline; border-top: 0px; border-right: 0px; padding-top: 0px\" title=\"IMG_0343\" border=\"0\" alt=\"IMG_0343\" src=\"https:\/\/bobvarela.com\/wp-content\/uploads\/2013\/06\/IMG_0343_thumb.jpg\" width=\"199\" height=\"134\" \/><\/a><a href=\"https:\/\/bobvarela.com\/wp-content\/uploads\/2013\/06\/IMG_0362.jpg\"><img loading=\"lazy\" decoding=\"async\" style=\"background-image: none; border-bottom: 0px; border-left: 0px; padding-left: 0px; padding-right: 0px; display: inline; border-top: 0px; border-right: 0px; padding-top: 0px\" title=\"IMG_0362\" border=\"0\" alt=\"IMG_0362\" src=\"https:\/\/bobvarela.com\/wp-content\/uploads\/2013\/06\/IMG_0362_thumb.jpg\" width=\"199\" height=\"134\" \/><\/a><font size=\"3\"><\/font><a href=\"https:\/\/bobvarela.com\/wp-content\/uploads\/2013\/06\/IMG_0368.jpg\"><img loading=\"lazy\" decoding=\"async\" style=\"background-image: none; border-bottom: 0px; border-left: 0px; padding-left: 0px; padding-right: 0px; display: inline; border-top: 0px; border-right: 0px; padding-top: 0px\" title=\"IMG_0368\" border=\"0\" alt=\"IMG_0368\" src=\"https:\/\/bobvarela.com\/wp-content\/uploads\/2013\/06\/IMG_0368_thumb.jpg\" width=\"199\" height=\"134\" \/><\/a><a href=\"https:\/\/bobvarela.com\/wp-content\/uploads\/2013\/06\/IMG_0327.jpg\"><img loading=\"lazy\" decoding=\"async\" style=\"background-image: none; border-bottom: 0px; border-left: 0px; padding-left: 0px; padding-right: 0px; display: inline; border-top: 0px; border-right: 0px; padding-top: 0px\" title=\"IMG_0327\" border=\"0\" alt=\"IMG_0327\" src=\"https:\/\/bobvarela.com\/wp-content\/uploads\/2013\/06\/IMG_0327_thumb.jpg\" width=\"199\" height=\"134\" \/><\/a><a href=\"https:\/\/bobvarela.com\/wp-content\/uploads\/2013\/06\/IMG_0380.jpg\"><img loading=\"lazy\" decoding=\"async\" style=\"background-image: none; border-bottom: 0px; border-left: 0px; padding-left: 0px; padding-right: 0px; display: block; float: none; margin-left: auto; border-top: 0px; margin-right: auto; border-right: 0px; padding-top: 0px\" title=\"IMG_0380\" border=\"0\" alt=\"IMG_0380\" src=\"https:\/\/bobvarela.com\/wp-content\/uploads\/2013\/06\/IMG_0380_thumb.jpg\" width=\"199\" height=\"134\" \/><\/a><\/p>\n<p align=\"justify\"><font size=\"3\">La nueva colecci\u00f3n de joyer\u00eda y carteras est\u00e1 inspirada en la obra de arte de Frida Kahlo: <i>My dress hanging there.<\/i> Dentro de esta obra preludian los s\u00edmbolos con influencia de exvotos, lo popular, lo religioso y los s\u00edmbolos mexicanos sellando su obra.&#160; Para ver mas fotos de Backstage Entra Aqui <a title=\"https:\/\/www.facebook.com\/media\/set\/?set=a.10151485987518668.1073741837.170458963667&amp;type=1\" href=\"https:\/\/www.facebook.com\/media\/set\/?set=a.10151485987518668.1073741837.170458963667&amp;type=1\" target=\"_blank\">Las Dos Fridas 2013 Backstage<\/a><\/font><\/p>\n<p><strong>ngg_shortcode_0_placeholder<\/strong><\/p>\n","protected":false},"excerpt":{"rendered":"<p>El 7 de junio,&#160; en el Hotel Verdanza&#160; La dese\u00f1adora Ivelisse Nieves present\u00f3 su desfile \u201cLas Dos Fridas\u201d.&#160;&#160; Este desfile fue a beneficio de la Casa de Ni\u00f1os Manuel Fern\u00e1ndez Juncos.&#160; El maquillaje estuvo a cargo de Esteban Monte Salon&hellip;<\/p>\n<p class=\"more-link-p\"><a class=\"more-link\" href=\"https:\/\/bobvarela.com\/?p=45592\">Read more &rarr;<\/a><\/p>\n","protected":false},"author":1,"featured_media":0,"comment_status":"open","ping_status":"open","sticky":false,"template":"","format":"standard","meta":{"ngg_post_thumbnail":0,"footnotes":""},"categories":[4,295],"tags":[],"class_list":["post-45592","post","type-post","status-publish","format-standard","hentry","category-moda","category-puerto-rico"],"_links":{"self":[{"href":"https:\/\/bobvarela.com\/index.php?rest_route=\/wp\/v2\/posts\/45592","targetHints":{"allow":["GET"]}}],"collection":[{"href":"https:\/\/bobvarela.com\/index.php?rest_route=\/wp\/v2\/posts"}],"about":[{"href":"https:\/\/bobvarela.com\/index.php?rest_route=\/wp\/v2\/types\/post"}],"author":[{"embeddable":true,"href":"https:\/\/bobvarela.com\/index.php?rest_route=\/wp\/v2\/users\/1"}],"replies":[{"embeddable":true,"href":"https:\/\/bobvarela.com\/index.php?rest_route=%2Fwp%2Fv2%2Fcomments&post=45592"}],"version-history":[{"count":1,"href":"https:\/\/bobvarela.com\/index.php?rest_route=\/wp\/v2\/posts\/45592\/revisions"}],"predecessor-version":[{"id":45626,"href":"https:\/\/bobvarela.com\/index.php?rest_route=\/wp\/v2\/posts\/45592\/revisions\/45626"}],"wp:attachment":[{"href":"https:\/\/bobvarela.com\/index.php?rest_route=%2Fwp%2Fv2%2Fmedia&parent=45592"}],"wp:term":[{"taxonomy":"category","embeddable":true,"href":"https:\/\/bobvarela.com\/index.php?rest_route=%2Fwp%2Fv2%2Fcategories&post=45592"},{"taxonomy":"post_tag","embeddable":true,"href":"https:\/\/bobvarela.com\/index.php?rest_route=%2Fwp%2Fv2%2Ftags&post=45592"}],"curies":[{"name":"wp","href":"https:\/\/api.w.org\/{rel}","templated":true}]}}