{"id":45635,"date":"2013-06-10T21:19:44","date_gmt":"2013-06-11T01:19:44","guid":{"rendered":"https:\/\/bobvarela.com\/?p=45635"},"modified":"2013-06-10T21:19:44","modified_gmt":"2013-06-11T01:19:44","slug":"proyecto-uno-presenta-en-al-rojo-vivo-su-ms-reciente-video-que-siga-la-fiesta","status":"publish","type":"post","link":"https:\/\/bobvarela.com\/?p=45635","title":{"rendered":"Proyecto Uno presenta en Al Rojo Vivo su m&aacute;s reciente video &quot;Que siga la fiesta&quot;"},"content":{"rendered":"<p align=\"center\"><font size=\"3\"><b><strong><a href=\"https:\/\/bobvarela.com\/wp-content\/uploads\/2013\/06\/Proyecto_Uno_173d6ce.jpg\"><img loading=\"lazy\" decoding=\"async\" style=\"background-image: none; border-bottom: 0px; border-left: 0px; padding-left: 0px; padding-right: 0px; display: inline; border-top: 0px; border-right: 0px; padding-top: 0px\" title=\"Proyecto_Uno_173d6ce\" border=\"0\" alt=\"Proyecto_Uno_173d6ce\" src=\"https:\/\/bobvarela.com\/wp-content\/uploads\/2013\/06\/Proyecto_Uno_173d6ce_thumb.jpg\" width=\"320\" height=\"213\" \/><\/a><\/strong><\/b><\/font><\/p>\n<p align=\"justify\"><font size=\"3\"><b><strong><\/strong><\/b><\/font><\/p>\n<p align=\"justify\"><font size=\"3\"><b><strong>Miami, FL | 10 de junio del 2013 | Media Force Public Relations<\/strong> &#8211; <\/b>Proyecto Uno escoge este martes 11 de junio como d\u00eda de regocijo, ya que celebran el lanzamiento a nivel internacional de su m\u00e1s reciente video &quot;Que siga la fiesta&quot;. Al mismo tiempo saca a la venta y en exclusivo por ITunes, el tema musical que lleva el mismo t\u00edtulo.<\/font><\/p>\n<p> <font size=\"3\">   <\/p>\n<p align=\"justify\">Luego de realizar varias presentaciones en algunos pa\u00edses de Latinoam\u00e9rica, Proyecto Uno se prepara para un reto mayor, superar las expectativas de hace dos a\u00f1os, cuando la agrupaci\u00f3n lanz\u00f3 &quot;El party&quot;.<\/p>\n<p align=\"justify\">Muchos fan\u00e1ticos esperaban desde hace tiempo esta producci\u00f3n, y por consiguiente, la gerencia de la agrupaci\u00f3n decidi\u00f3 realizar el lanzamiento desde Estados Unidos y para el mundo, siendo el programa Al Rojo Vivo de Telemundo el elegido para su difusi\u00f3n.<\/p>\n<p align=\"justify\">Nelson Zapata, vocalista y fundador de Proyecto Uno, nos comenta sobre la producci\u00f3n del video que fue realizado en un bus o &quot;chiva&quot; como se conoce en algunos pa\u00edses de Am\u00e9rica Latina, al que todos se suben y terminan bailando y cantando, contagiados por la alegr\u00eda y ritmo pegajoso que caracteriza a esta agrupaci\u00f3n. &quot;Nosotros enviamos un adelanto a algunos amigos del medio musical, y todos coincidieron en que esta canci\u00f3n es la que mejor nos representa porque es m\u00fasica para sentirse contento, bailar y sobre todo disfrutar las cosas maravillosas que nos regala la vida&quot;.<\/p>\n<p align=\"justify\">Desde ya, Proyecto Uno est\u00e1 planificando lo que ser\u00e1 su pr\u00f3xima gira en la que prometen visitar buena parte de Latinoam\u00e9rica, para cumplir con todo ese p\u00fablico que siempre les ha recibido con cari\u00f1o y ahora est\u00e1 deseoso de conocer esta nueva producci\u00f3n.<\/p>\n<p> <\/font>  <\/p>\n<p align=\"center\"><font size=\"3\">###<\/font><\/p>\n<p align=\"center\"><font size=\"3\">Para m\u00e1s informaci\u00f3n sobre la agrupaci\u00f3n, pueden visitar: <\/font><a href=\"https:\/\/mediaforcecommunications.us5.list-manage1.com\/track\/click?u=c2204b3b88bbc4199b1027745&amp;id=4f75111d55&amp;e=79eea3cf81\"><font size=\"3\">https:\/\/www.proyectouno.net<\/font><\/a><\/p>\n<p align=\"center\"><font size=\"3\">Pueden seguirlos en Facebook: <\/font><a href=\"https:\/\/mediaforcecommunications.us5.list-manage.com\/track\/click?u=c2204b3b88bbc4199b1027745&amp;id=894afb1a6a&amp;e=79eea3cf81\"><font size=\"3\">https:\/\/www.facebook.com\/PROYECTOUNO123<\/font><\/a><\/p>\n<p align=\"center\"><font size=\"3\">o en Twitter: <\/font><a href=\"https:\/\/mediaforcecommunications.us5.list-manage.com\/track\/click?u=c2204b3b88bbc4199b1027745&amp;id=623396fb74&amp;e=79eea3cf81\"><font size=\"3\">https:\/\/www.twitter.com\/PROYECTOUNO<\/font><\/a><\/p>\n","protected":false},"excerpt":{"rendered":"<p>Miami, FL | 10 de junio del 2013 | Media Force Public Relations &#8211; Proyecto Uno escoge este martes 11 de junio como d\u00eda de regocijo, ya que celebran el lanzamiento a nivel internacional de su m\u00e1s reciente video &quot;Que&hellip;<\/p>\n<p class=\"more-link-p\"><a class=\"more-link\" href=\"https:\/\/bobvarela.com\/?p=45635\">Read more &rarr;<\/a><\/p>\n","protected":false},"author":1,"featured_media":0,"comment_status":"open","ping_status":"open","sticky":false,"template":"","format":"standard","meta":{"ngg_post_thumbnail":0,"footnotes":""},"categories":[3,127],"tags":[],"class_list":["post-45635","post","type-post","status-publish","format-standard","hentry","category-actividades","category-musica"],"_links":{"self":[{"href":"https:\/\/bobvarela.com\/index.php?rest_route=\/wp\/v2\/posts\/45635","targetHints":{"allow":["GET"]}}],"collection":[{"href":"https:\/\/bobvarela.com\/index.php?rest_route=\/wp\/v2\/posts"}],"about":[{"href":"https:\/\/bobvarela.com\/index.php?rest_route=\/wp\/v2\/types\/post"}],"author":[{"embeddable":true,"href":"https:\/\/bobvarela.com\/index.php?rest_route=\/wp\/v2\/users\/1"}],"replies":[{"embeddable":true,"href":"https:\/\/bobvarela.com\/index.php?rest_route=%2Fwp%2Fv2%2Fcomments&post=45635"}],"version-history":[{"count":0,"href":"https:\/\/bobvarela.com\/index.php?rest_route=\/wp\/v2\/posts\/45635\/revisions"}],"wp:attachment":[{"href":"https:\/\/bobvarela.com\/index.php?rest_route=%2Fwp%2Fv2%2Fmedia&parent=45635"}],"wp:term":[{"taxonomy":"category","embeddable":true,"href":"https:\/\/bobvarela.com\/index.php?rest_route=%2Fwp%2Fv2%2Fcategories&post=45635"},{"taxonomy":"post_tag","embeddable":true,"href":"https:\/\/bobvarela.com\/index.php?rest_route=%2Fwp%2Fv2%2Ftags&post=45635"}],"curies":[{"name":"wp","href":"https:\/\/api.w.org\/{rel}","templated":true}]}}