{"id":45885,"date":"2013-07-02T21:58:22","date_gmt":"2013-07-03T01:58:22","guid":{"rendered":"https:\/\/bobvarela.com\/?p=45885"},"modified":"2013-07-02T21:58:23","modified_gmt":"2013-07-03T01:58:23","slug":"santorini-summer-sunset-2013","status":"publish","type":"post","link":"https:\/\/bobvarela.com\/?p=45885","title":{"rendered":"Santorini Summer Sunset 2013"},"content":{"rendered":"<p align=\"justify\"><font size=\"3\">El&nbsp; 30 de Junio como parte&nbsp; Santorini Summer Sunset en el El Livin (Parque Luis Mu\u00f1oz Rivera) la dese\u00f1adora VeroniKa Pag\u00e1n hizo una presentaci\u00f3n en traje de ba\u00f1o para mujeres y Vilebrequin para hombres&nbsp;&nbsp; A continuaci\u00f3n algunas fotos de la actividad<\/font> <\/p>\n<p><a href=\"https:\/\/bobvarela.com\/wp-content\/uploads\/2013\/07\/IMG_1021.jpg\"><img loading=\"lazy\" decoding=\"async\" style=\"background-image: none; border-bottom: 0px; border-left: 0px; padding-left: 0px; padding-right: 0px; display: inline; border-top: 0px; border-right: 0px; padding-top: 0px\" title=\"IMG_1021\" border=\"0\" alt=\"IMG_1021\" src=\"https:\/\/bobvarela.com\/wp-content\/uploads\/2013\/07\/IMG_1021_thumb.jpg\" width=\"199\" height=\"134\"\/><\/a><a href=\"https:\/\/bobvarela.com\/wp-content\/uploads\/2013\/07\/IMG_0850.jpg\"><img loading=\"lazy\" decoding=\"async\" style=\"background-image: none; border-bottom: 0px; border-left: 0px; padding-left: 0px; padding-right: 0px; display: inline; border-top: 0px; border-right: 0px; padding-top: 0px\" title=\"IMG_0850\" border=\"0\" alt=\"IMG_0850\" src=\"https:\/\/bobvarela.com\/wp-content\/uploads\/2013\/07\/IMG_0850_thumb.jpg\" width=\"199\" height=\"134\"\/><\/a><a href=\"https:\/\/bobvarela.com\/wp-content\/uploads\/2013\/07\/IMG_0853.jpg\"><img loading=\"lazy\" decoding=\"async\" style=\"background-image: none; border-bottom: 0px; border-left: 0px; padding-left: 0px; padding-right: 0px; display: inline; border-top: 0px; border-right: 0px; padding-top: 0px\" title=\"IMG_0853\" border=\"0\" alt=\"IMG_0853\" src=\"https:\/\/bobvarela.com\/wp-content\/uploads\/2013\/07\/IMG_0853_thumb.jpg\" width=\"199\" height=\"134\"\/><\/a><a href=\"https:\/\/bobvarela.com\/wp-content\/uploads\/2013\/07\/IMG_0874.jpg\"><img loading=\"lazy\" decoding=\"async\" style=\"background-image: none; border-bottom: 0px; border-left: 0px; padding-left: 0px; padding-right: 0px; display: inline; border-top: 0px; border-right: 0px; padding-top: 0px\" title=\"IMG_0874\" border=\"0\" alt=\"IMG_0874\" src=\"https:\/\/bobvarela.com\/wp-content\/uploads\/2013\/07\/IMG_0874_thumb.jpg\" width=\"199\" height=\"134\"\/><\/a><a href=\"https:\/\/bobvarela.com\/wp-content\/uploads\/2013\/07\/IMG_0919.jpg\"><img loading=\"lazy\" decoding=\"async\" style=\"background-image: none; border-bottom: 0px; border-left: 0px; padding-left: 0px; padding-right: 0px; display: inline; border-top: 0px; border-right: 0px; padding-top: 0px\" title=\"IMG_0919\" border=\"0\" alt=\"IMG_0919\" src=\"https:\/\/bobvarela.com\/wp-content\/uploads\/2013\/07\/IMG_0919_thumb.jpg\" width=\"199\" height=\"134\"\/><\/a><a href=\"https:\/\/bobvarela.com\/wp-content\/uploads\/2013\/07\/IMG_0986.jpg\"><img loading=\"lazy\" decoding=\"async\" style=\"background-image: none; border-bottom: 0px; border-left: 0px; padding-left: 0px; padding-right: 0px; display: inline; border-top: 0px; border-right: 0px; padding-top: 0px\" title=\"IMG_0986\" border=\"0\" alt=\"IMG_0986\" src=\"https:\/\/bobvarela.com\/wp-content\/uploads\/2013\/07\/IMG_0986_thumb.jpg\" width=\"199\" height=\"134\"\/><\/a> <\/p>\n<p><strong>ngg_shortcode_0_placeholder<\/strong><\/p>\n","protected":false},"excerpt":{"rendered":"<p>El&nbsp; 30 de Junio como parte&nbsp; Santorini Summer Sunset en el El Livin (Parque Luis Mu\u00f1oz Rivera) la dese\u00f1adora VeroniKa Pag\u00e1n hizo una presentaci\u00f3n en traje de ba\u00f1o para mujeres y Vilebrequin para hombres&nbsp;&nbsp; A continuaci\u00f3n algunas fotos de la&hellip;<\/p>\n<p class=\"more-link-p\"><a class=\"more-link\" href=\"https:\/\/bobvarela.com\/?p=45885\">Read more &rarr;<\/a><\/p>\n","protected":false},"author":1,"featured_media":0,"comment_status":"open","ping_status":"open","sticky":false,"template":"","format":"standard","meta":{"ngg_post_thumbnail":0,"footnotes":""},"categories":[4,295],"tags":[],"class_list":["post-45885","post","type-post","status-publish","format-standard","hentry","category-moda","category-puerto-rico"],"_links":{"self":[{"href":"https:\/\/bobvarela.com\/index.php?rest_route=\/wp\/v2\/posts\/45885","targetHints":{"allow":["GET"]}}],"collection":[{"href":"https:\/\/bobvarela.com\/index.php?rest_route=\/wp\/v2\/posts"}],"about":[{"href":"https:\/\/bobvarela.com\/index.php?rest_route=\/wp\/v2\/types\/post"}],"author":[{"embeddable":true,"href":"https:\/\/bobvarela.com\/index.php?rest_route=\/wp\/v2\/users\/1"}],"replies":[{"embeddable":true,"href":"https:\/\/bobvarela.com\/index.php?rest_route=%2Fwp%2Fv2%2Fcomments&post=45885"}],"version-history":[{"count":0,"href":"https:\/\/bobvarela.com\/index.php?rest_route=\/wp\/v2\/posts\/45885\/revisions"}],"wp:attachment":[{"href":"https:\/\/bobvarela.com\/index.php?rest_route=%2Fwp%2Fv2%2Fmedia&parent=45885"}],"wp:term":[{"taxonomy":"category","embeddable":true,"href":"https:\/\/bobvarela.com\/index.php?rest_route=%2Fwp%2Fv2%2Fcategories&post=45885"},{"taxonomy":"post_tag","embeddable":true,"href":"https:\/\/bobvarela.com\/index.php?rest_route=%2Fwp%2Fv2%2Ftags&post=45885"}],"curies":[{"name":"wp","href":"https:\/\/api.w.org\/{rel}","templated":true}]}}