{"id":45892,"date":"2013-07-03T20:41:29","date_gmt":"2013-07-04T00:41:29","guid":{"rendered":"https:\/\/bobvarela.com\/?p=45892"},"modified":"2013-07-03T20:41:29","modified_gmt":"2013-07-04T00:41:29","slug":"kimberly-dos-ramos-favorita-en-premios-tu-mundo","status":"publish","type":"post","link":"https:\/\/bobvarela.com\/?p=45892","title":{"rendered":"Kimberly Dos Ramos favorita en Premios Tu Mundo"},"content":{"rendered":"<p align=\"center\"><strong><a href=\"https:\/\/bobvarela.com\/wp-content\/uploads\/2013\/07\/Kimberly_Entrevista_Premios_Tu_Mundo_.jpg\"><img loading=\"lazy\" decoding=\"async\" style=\"background-image: none; border-bottom: 0px; border-left: 0px; padding-left: 0px; padding-right: 0px; display: inline; border-top: 0px; border-right: 0px; padding-top: 0px\" title=\"Kimberly_Entrevista_Premios_Tu_Mundo_\" border=\"0\" alt=\"Kimberly_Entrevista_Premios_Tu_Mundo_\" src=\"https:\/\/bobvarela.com\/wp-content\/uploads\/2013\/07\/Kimberly_Entrevista_Premios_Tu_Mundo__thumb.jpg\" width=\"368\" height=\"244\" \/><\/a><\/strong><\/p>\n<p align=\"justify\"><font size=\"3\"><strong>Miami, Florida | 3 de julio de 2013 | Media Force Public Relations<\/strong> \u2013 La joven actriz Kimberly Dos Ramos, conoci\u00f3 recientemente sobre su nominaci\u00f3n a los Premios Tu Mundo -que otorga la prestigiosa cadena de televisi\u00f3n Telemundo- por su participaci\u00f3n en la telenovela \u201cEl Rostro de la Venganza\u201d.<\/font><\/p>\n<p align=\"justify\"><font size=\"3\">Kimberly Dos Ramos fue nominada en la categor\u00eda de Mejor Actriz de Reparto por su interpretaci\u00f3n de \u201cKaterina Alvarado\u201d, un personaje de ni\u00f1a terrible que le ha dejado innumerables satisfacciones, \u201cKaterina era una chica caprichosa que manipulaba a su adinerado padre porque le faltaba su mam\u00e1, ella compensaba a trav\u00e9s de lo material la carencia de cari\u00f1o, es una historia que nos lleva a la reflexi\u00f3n, muchos j\u00f3venes pasan por situaciones similares y a veces los juzgamos sin entender sus razones\u201d, explica la actriz.<\/font><\/p>\n<p>&#160;<\/p>\n<div style=\"padding-bottom: 0px; padding-left: 0px; width: 481px; padding-right: 0px; display: block; float: none; margin-left: auto; margin-right: auto; padding-top: 0px\" id=\"scid:5737277B-5D6D-4f48-ABFC-DD9C333F4C5D:ef0ea71a-9196-49cb-929e-92b4d2909d9c\" class=\"wlWriterEditableSmartContent\">\n<div><object width=\"481\" height=\"270\"><param name=\"movie\" value=\"https:\/\/www.youtube.com\/v\/GFWzYP3FRDY?hl=en&amp;hd=1\"\/><embed src=\"https:\/\/www.youtube.com\/v\/GFWzYP3FRDY?hl=en&amp;hd=1\" type=\"application\/x-shockwave-flash\" width=\"481\" height=\"270\"\/><\/object><\/div>\n<\/div>\n<p>&#160;<\/p>\n<p align=\"justify\"><font size=\"3\">La joven figura que entr\u00f3 por la puerta grande en Telemundo, compite en esta categor\u00eda junto a las actrices Sabrina Seara, Carmen Aub, Cynthia Olavarr\u00eda, Paloma M\u00e1rquez, Alexandra de la Mora, Ang\u00e9lica Celaya y Sof\u00eda Lama, sin embargo, desde ya su grupo de fans est\u00e1 convocando a trav\u00e9s de las redes sociales a todos sus seguidores para que voten por ella en <\/font><a href=\"https:\/\/mediaforcecommunications.us5.list-manage.com\/track\/click?u=c2204b3b88bbc4199b1027745&amp;id=4e8187ba52&amp;e=79eea3cf81\"><font size=\"3\">https:\/\/msnlatino.telemundo.com\/entretenimiento\/Premios_Tu_Mundo\/Vota\/Mejor-Actriz-de-Reparto<\/font><\/a><\/p>\n<p align=\"justify\"><font size=\"3\">Kimberly tambi\u00e9n est\u00e1 contenta porque la semana que viene es el estreno de \u201cMarido en Alquiler\u201d, la nueva telenovela de Telemundo en la que ser\u00e1 una estudiante de psicolog\u00eda de car\u00e1cter muy afable, pero que tiene grandes diferencias con su madre.<\/font> <\/p>\n<p align=\"center\">###<\/p>\n<p align=\"center\">Para seguir a Kimberly por Twitter: <a href=\"https:\/\/mediaforcecommunications.us5.list-manage1.com\/track\/click?u=c2204b3b88bbc4199b1027745&amp;id=02c4f6bcc8&amp;e=79eea3cf81\">https:\/\/twitter.com\/kimy2ramos<\/a> y en Facebook: <a href=\"https:\/\/mediaforcecommunications.us5.list-manage2.com\/track\/click?u=c2204b3b88bbc4199b1027745&amp;id=c8ad1a0659&amp;e=79eea3cf81\">https:\/\/www.facebook.com\/DosRamosKimberly<\/a><\/p>\n","protected":false},"excerpt":{"rendered":"<p>Miami, Florida | 3 de julio de 2013 | Media Force Public Relations \u2013 La joven actriz Kimberly Dos Ramos, conoci\u00f3 recientemente sobre su nominaci\u00f3n a los Premios Tu Mundo -que otorga la prestigiosa cadena de televisi\u00f3n Telemundo- por su&hellip;<\/p>\n<p class=\"more-link-p\"><a class=\"more-link\" href=\"https:\/\/bobvarela.com\/?p=45892\">Read more &rarr;<\/a><\/p>\n","protected":false},"author":1,"featured_media":0,"comment_status":"open","ping_status":"open","sticky":false,"template":"","format":"standard","meta":{"ngg_post_thumbnail":0,"footnotes":""},"categories":[3,6],"tags":[],"class_list":["post-45892","post","type-post","status-publish","format-standard","hentry","category-actividades","category-arte"],"_links":{"self":[{"href":"https:\/\/bobvarela.com\/index.php?rest_route=\/wp\/v2\/posts\/45892","targetHints":{"allow":["GET"]}}],"collection":[{"href":"https:\/\/bobvarela.com\/index.php?rest_route=\/wp\/v2\/posts"}],"about":[{"href":"https:\/\/bobvarela.com\/index.php?rest_route=\/wp\/v2\/types\/post"}],"author":[{"embeddable":true,"href":"https:\/\/bobvarela.com\/index.php?rest_route=\/wp\/v2\/users\/1"}],"replies":[{"embeddable":true,"href":"https:\/\/bobvarela.com\/index.php?rest_route=%2Fwp%2Fv2%2Fcomments&post=45892"}],"version-history":[{"count":0,"href":"https:\/\/bobvarela.com\/index.php?rest_route=\/wp\/v2\/posts\/45892\/revisions"}],"wp:attachment":[{"href":"https:\/\/bobvarela.com\/index.php?rest_route=%2Fwp%2Fv2%2Fmedia&parent=45892"}],"wp:term":[{"taxonomy":"category","embeddable":true,"href":"https:\/\/bobvarela.com\/index.php?rest_route=%2Fwp%2Fv2%2Fcategories&post=45892"},{"taxonomy":"post_tag","embeddable":true,"href":"https:\/\/bobvarela.com\/index.php?rest_route=%2Fwp%2Fv2%2Ftags&post=45892"}],"curies":[{"name":"wp","href":"https:\/\/api.w.org\/{rel}","templated":true}]}}