{"id":45985,"date":"2013-07-05T08:49:01","date_gmt":"2013-07-05T12:49:01","guid":{"rendered":"https:\/\/bobvarela.com\/?p=45985"},"modified":"2013-07-05T08:49:01","modified_gmt":"2013-07-05T12:49:01","slug":"laurl-minx-by-eva-lutz-and-kilian-kerner-in-the-mercedes-benz-fashion-week-berlin-springsummer-2014","status":"publish","type":"post","link":"https:\/\/bobvarela.com\/?p=45985","title":{"rendered":"LAUR&Egrave;L, MINX BY EVA LUTZ, and KILIAN KERNER in the Mercedes-Benz Fashion Week Berlin Spring\/Summer 2014"},"content":{"rendered":"<p align=\"justify\"><font size=\"3\">LAUR\u00c8L<\/font><\/p>\n<p align=\"justify\"><a href=\"https:\/\/bobvarela.com\/wp-content\/uploads\/2013\/07\/ss-2014_fashion-week-berlin_DE_laurel_35860.jpg\"><img loading=\"lazy\" decoding=\"async\" style=\"background-image: none; border-bottom: 0px; border-left: 0px; margin: 0px; padding-left: 0px; padding-right: 0px; display: inline; border-top: 0px; border-right: 0px; padding-top: 0px\" title=\"A model walks the runway at the Laurel Show during the Mercedes-Benz Fashion Week Spring\/Summer 2014 at Brandenburg Gate on July 4, 2013 in Berlin, Germany.\" border=\"0\" alt=\"A model walks the runway at the Laurel Show during the Mercedes-Benz Fashion Week Spring\/Summer 2014 at Brandenburg Gate on July 4, 2013 in Berlin, Germany.\" src=\"https:\/\/bobvarela.com\/wp-content\/uploads\/2013\/07\/ss-2014_fashion-week-berlin_DE_laurel_35860_thumb.jpg\" width=\"124\" height=\"182\" \/><\/a><a href=\"https:\/\/bobvarela.com\/wp-content\/uploads\/2013\/07\/ss-2014_fashion-week-berlin_DE_laurel_35843.jpg\"><img loading=\"lazy\" decoding=\"async\" style=\"background-image: none; border-bottom: 0px; border-left: 0px; margin: 0px; padding-left: 0px; padding-right: 0px; display: inline; border-top: 0px; border-right: 0px; padding-top: 0px\" title=\"A model walks the runway at the Laurel Show during the Mercedes-Benz Fashion Week Spring\/Summer 2014 at Brandenburg Gate on July 4, 2013 in Berlin, Germany.\" border=\"0\" alt=\"A model walks the runway at the Laurel Show during the Mercedes-Benz Fashion Week Spring\/Summer 2014 at Brandenburg Gate on July 4, 2013 in Berlin, Germany.\" src=\"https:\/\/bobvarela.com\/wp-content\/uploads\/2013\/07\/ss-2014_fashion-week-berlin_DE_laurel_35843_thumb.jpg\" width=\"124\" height=\"184\" \/><\/a><a href=\"https:\/\/bobvarela.com\/wp-content\/uploads\/2013\/07\/ss-2014_fashion-week-berlin_DE_laurel_35844.jpg\"><img loading=\"lazy\" decoding=\"async\" style=\"background-image: none; border-bottom: 0px; border-left: 0px; margin: 0px; padding-left: 0px; padding-right: 0px; display: inline; border-top: 0px; border-right: 0px; padding-top: 0px\" title=\"A model walks the runway at the Laurel Show during the Mercedes-Benz Fashion Week Spring\/Summer 2014 at Brandenburg Gate on July 4, 2013 in Berlin, Germany.\" border=\"0\" alt=\"A model walks the runway at the Laurel Show during the Mercedes-Benz Fashion Week Spring\/Summer 2014 at Brandenburg Gate on July 4, 2013 in Berlin, Germany.\" src=\"https:\/\/bobvarela.com\/wp-content\/uploads\/2013\/07\/ss-2014_fashion-week-berlin_DE_laurel_35844_thumb.jpg\" width=\"121\" height=\"184\" \/><\/a><a href=\"https:\/\/bobvarela.com\/wp-content\/uploads\/2013\/07\/ss-2014_fashion-week-berlin_DE_laurel_35853.jpg\"><img loading=\"lazy\" decoding=\"async\" style=\"background-image: none; border-bottom: 0px; border-left: 0px; margin: 0px; padding-left: 0px; padding-right: 0px; display: inline; border-top: 0px; border-right: 0px; padding-top: 0px\" title=\"A model walks the runway at the Laurel Show during the Mercedes-Benz Fashion Week Spring\/Summer 2014 at Brandenburg Gate on July 4, 2013 in Berlin, Germany.\" border=\"0\" alt=\"A model walks the runway at the Laurel Show during the Mercedes-Benz Fashion Week Spring\/Summer 2014 at Brandenburg Gate on July 4, 2013 in Berlin, Germany.\" src=\"https:\/\/bobvarela.com\/wp-content\/uploads\/2013\/07\/ss-2014_fashion-week-berlin_DE_laurel_35853_thumb.jpg\" width=\"124\" height=\"182\" \/><\/a><a href=\"https:\/\/bobvarela.com\/wp-content\/uploads\/2013\/07\/ss-2014_fashion-week-berlin_DE_laurel_35854.jpg\"><img loading=\"lazy\" decoding=\"async\" style=\"background-image: none; border-bottom: 0px; border-left: 0px; padding-left: 0px; padding-right: 0px; display: inline; border-top: 0px; border-right: 0px; padding-top: 0px\" title=\"A model walks the runway at the Laurel Show during the Mercedes-Benz Fashion Week Spring\/Summer 2014 at Brandenburg Gate on July 4, 2013 in Berlin, Germany.\" border=\"0\" alt=\"A model walks the runway at the Laurel Show during the Mercedes-Benz Fashion Week Spring\/Summer 2014 at Brandenburg Gate on July 4, 2013 in Berlin, Germany.\" src=\"https:\/\/bobvarela.com\/wp-content\/uploads\/2013\/07\/ss-2014_fashion-week-berlin_DE_laurel_35854_thumb.jpg\" width=\"124\" height=\"184\" \/><\/a><\/p>\n<p align=\"justify\"><font size=\"3\">LAUR\u00c8L is an internationally renowned premium brand from Germany &#8211; exciting, appealing and always feminine! LAUR\u00c8L fashion stands for &quot;luxury ease&quot; &#8211; a new laid-back style which reflects the identity of the modern woman, combining independence and strength with femininity. Looks with a feel-good style that can be worn 24\/7. The slogan \u201cSee \u00b7 Feel \u00b7 Love\u201d represents the message which the brand LAUR\u00c8L stands for. Women are to &quot;see&quot; the creations, &quot;feel&quot; them on their body and &quot;fall in love&quot; with LAUR\u00c8L. <\/font><\/p>\n<p align=\"justify\"><\/p>\n<p align=\"justify\"><font size=\"3\">MINX BY EVA LUTZ<\/font><\/p>\n<p align=\"justify\"><a href=\"https:\/\/bobvarela.com\/wp-content\/uploads\/2013\/07\/ss-2014_fashion-week-berlin_DE_minx-by-eva-lutz_35028.jpg\"><img loading=\"lazy\" decoding=\"async\" style=\"background-image: none; border-bottom: 0px; border-left: 0px; margin: 0px; padding-left: 0px; padding-right: 0px; display: inline; border-top: 0px; border-right: 0px; padding-top: 0px\" title=\"BERLIN, GERMANY - JULY 03:  A model walks the runway at the Minx By Eva Lutz show during Mercedes-Benz Fashion Week Spring\/Summer 2014 at Brandenburg Gate on July 3, 2013 in Berlin, Germany.  (Photo by Frazer Harrison\/Getty Images)\" border=\"0\" alt=\"BERLIN, GERMANY - JULY 03:  A model walks the runway at the Minx By Eva Lutz show during Mercedes-Benz Fashion Week Spring\/Summer 2014 at Brandenburg Gate on July 3, 2013 in Berlin, Germany.  (Photo by Frazer Harrison\/Getty Images)\" src=\"https:\/\/bobvarela.com\/wp-content\/uploads\/2013\/07\/ss-2014_fashion-week-berlin_DE_minx-by-eva-lutz_35028_thumb.jpg\" width=\"124\" height=\"184\" \/><\/a><a href=\"https:\/\/bobvarela.com\/wp-content\/uploads\/2013\/07\/ss-2014_fashion-week-berlin_DE_minx-by-eva-lutz_35038.jpg\"><img loading=\"lazy\" decoding=\"async\" style=\"background-image: none; border-bottom: 0px; border-left: 0px; margin: 0px; padding-left: 0px; padding-right: 0px; display: inline; border-top: 0px; border-right: 0px; padding-top: 0px\" title=\"BERLIN, GERMANY - JULY 03:  A model walks the runway at the Minx By Eva Lutz show during Mercedes-Benz Fashion Week Spring\/Summer 2014 at Brandenburg Gate on July 3, 2013 in Berlin, Germany.  (Photo by Frazer Harrison\/Getty Images)\" border=\"0\" alt=\"BERLIN, GERMANY - JULY 03:  A model walks the runway at the Minx By Eva Lutz show during Mercedes-Benz Fashion Week Spring\/Summer 2014 at Brandenburg Gate on July 3, 2013 in Berlin, Germany.  (Photo by Frazer Harrison\/Getty Images)\" src=\"https:\/\/bobvarela.com\/wp-content\/uploads\/2013\/07\/ss-2014_fashion-week-berlin_DE_minx-by-eva-lutz_35038_thumb.jpg\" width=\"124\" height=\"184\" \/><\/a><a href=\"https:\/\/bobvarela.com\/wp-content\/uploads\/2013\/07\/ss-2014_fashion-week-berlin_DE_minx-by-eva-lutz_35039.jpg\"><img loading=\"lazy\" decoding=\"async\" style=\"background-image: none; border-bottom: 0px; border-left: 0px; margin: 0px; padding-left: 0px; padding-right: 0px; display: inline; border-top: 0px; border-right: 0px; padding-top: 0px\" title=\"BERLIN, GERMANY - JULY 03:  A model walks the runway at the Minx By Eva Lutz show during Mercedes-Benz Fashion Week Spring\/Summer 2014 at Brandenburg Gate on July 3, 2013 in Berlin, Germany.  (Photo by Frazer Harrison\/Getty Images)\" border=\"0\" alt=\"BERLIN, GERMANY - JULY 03:  A model walks the runway at the Minx By Eva Lutz show during Mercedes-Benz Fashion Week Spring\/Summer 2014 at Brandenburg Gate on July 3, 2013 in Berlin, Germany.  (Photo by Frazer Harrison\/Getty Images)\" src=\"https:\/\/bobvarela.com\/wp-content\/uploads\/2013\/07\/ss-2014_fashion-week-berlin_DE_minx-by-eva-lutz_35039_thumb.jpg\" width=\"124\" height=\"184\" \/><\/a><a href=\"https:\/\/bobvarela.com\/wp-content\/uploads\/2013\/07\/ss-2014_fashion-week-berlin_DE_minx-by-eva-lutz_35046.jpg\"><img loading=\"lazy\" decoding=\"async\" style=\"background-image: none; border-bottom: 0px; border-left: 0px; margin: 0px; padding-left: 0px; padding-right: 0px; display: inline; border-top: 0px; border-right: 0px; padding-top: 0px\" title=\"BERLIN, GERMANY - JULY 03:  Jana Drews walks the runway at Minx By Eva Lutz show during Mercedes-Benz Fashion Week Spring\/Summer 2014 at Brandenburg Gate on July 3, 2013 in Berlin, Germany.  (Photo by Frazer Harrison\/Getty Images) *** Local Caption *** Jana Drews\" border=\"0\" alt=\"BERLIN, GERMANY - JULY 03:  Jana Drews walks the runway at Minx By Eva Lutz show during Mercedes-Benz Fashion Week Spring\/Summer 2014 at Brandenburg Gate on July 3, 2013 in Berlin, Germany.  (Photo by Frazer Harrison\/Getty Images) *** Local Caption *** Jana Drews\" src=\"https:\/\/bobvarela.com\/wp-content\/uploads\/2013\/07\/ss-2014_fashion-week-berlin_DE_minx-by-eva-lutz_35046_thumb.jpg\" width=\"124\" height=\"184\" \/><\/a><a href=\"https:\/\/bobvarela.com\/wp-content\/uploads\/2013\/07\/ss-2014_fashion-week-berlin_DE_minx-by-eva-lutz_35027.jpg\"><img loading=\"lazy\" decoding=\"async\" style=\"background-image: none; border-bottom: 0px; border-left: 0px; padding-left: 0px; padding-right: 0px; display: inline; border-top: 0px; border-right: 0px; padding-top: 0px\" title=\"BERLIN, GERMANY - JULY 03:  A model walks the runway at the Minx By Eva Lutz show during Mercedes-Benz Fashion Week Spring\/Summer 2014 at Brandenburg Gate on July 3, 2013 in Berlin, Germany.  (Photo by Frazer Harrison\/Getty Images)\" border=\"0\" alt=\"BERLIN, GERMANY - JULY 03:  A model walks the runway at the Minx By Eva Lutz show during Mercedes-Benz Fashion Week Spring\/Summer 2014 at Brandenburg Gate on July 3, 2013 in Berlin, Germany.  (Photo by Frazer Harrison\/Getty Images)\" src=\"https:\/\/bobvarela.com\/wp-content\/uploads\/2013\/07\/ss-2014_fashion-week-berlin_DE_minx-by-eva-lutz_35027_thumb.jpg\" width=\"124\" height=\"184\" \/><\/a><\/p>\n<p align=\"justify\"><font size=\"3\">Fashion is more than beautiful clothing. Fashion inspires one\u2019s personality and leaves an imprint on one\u2019s personal environment. Fashion is, if anything, about motivation and passion.\u201d This is the philosophy that inspires Eva Lutz to create the significant, unique Minx styling. Clear lines, elaborate fits and innovative materials \u2013 pure and in manifold variations \u2013 mark the fashion statement of the designer\u2019s collections. Eva Lutz uses sophisticated combinations of materials and high quality garments to create an individual fit for self-confident and modern women. Minx is uncomplicated, comfortable and of playful elegance. Discreet details leave an individual touch. Employed, successful and at the same time a family person \u2013 this represents the modern woman. Minx is the fashion label that addresses this self-confident women of today.<\/font><\/p>\n<p align=\"justify\"><\/p>\n<p align=\"justify\"><font size=\"3\">KILIAN KERNER<\/font><\/p>\n<p align=\"justify\"><a href=\"https:\/\/bobvarela.com\/wp-content\/uploads\/2013\/07\/ss-2014_fashion-week-berlin_DE_kilian-kerner_34645.jpg\"><img loading=\"lazy\" decoding=\"async\" style=\"background-image: none; border-bottom: 0px; border-left: 0px; margin: 0px; padding-left: 0px; padding-right: 0px; display: inline; border-top: 0px; border-right: 0px; padding-top: 0px\" title=\"BERLIN, GERMANY - JULY 02:  A model walks the runway at the Kilian Kerner show during Mercedes-Benz Fashion Week Spring\/Summer 2014 at Brandenburg Gate on July 2, 2013 in Berlin, Germany.  (Photo by Frazer Harrison\/Getty Images)\" border=\"0\" alt=\"BERLIN, GERMANY - JULY 02:  A model walks the runway at the Kilian Kerner show during Mercedes-Benz Fashion Week Spring\/Summer 2014 at Brandenburg Gate on July 2, 2013 in Berlin, Germany.  (Photo by Frazer Harrison\/Getty Images)\" src=\"https:\/\/bobvarela.com\/wp-content\/uploads\/2013\/07\/ss-2014_fashion-week-berlin_DE_kilian-kerner_34645_thumb.jpg\" width=\"124\" height=\"180\" \/><\/a><a href=\"https:\/\/bobvarela.com\/wp-content\/uploads\/2013\/07\/ss-2014_fashion-week-berlin_DE_kilian-kerner_34650.jpg\"><img loading=\"lazy\" decoding=\"async\" style=\"background-image: none; border-bottom: 0px; border-left: 0px; margin: 0px; padding-left: 0px; padding-right: 0px; display: inline; border-top: 0px; border-right: 0px; padding-top: 0px\" title=\"BERLIN, GERMANY - JULY 02:  A model walks the runway at the Kilian Kerner show during Mercedes-Benz Fashion Week Spring\/Summer 2014 at Brandenburg Gate on July 2, 2013 in Berlin, Germany.  (Photo by Frazer Harrison\/Getty Images)\" border=\"0\" alt=\"BERLIN, GERMANY - JULY 02:  A model walks the runway at the Kilian Kerner show during Mercedes-Benz Fashion Week Spring\/Summer 2014 at Brandenburg Gate on July 2, 2013 in Berlin, Germany.  (Photo by Frazer Harrison\/Getty Images)\" src=\"https:\/\/bobvarela.com\/wp-content\/uploads\/2013\/07\/ss-2014_fashion-week-berlin_DE_kilian-kerner_34650_thumb.jpg\" width=\"124\" height=\"180\" \/><\/a><a href=\"https:\/\/bobvarela.com\/wp-content\/uploads\/2013\/07\/ss-2014_fashion-week-berlin_DE_kilian-kerner_34629.jpg\"><img loading=\"lazy\" decoding=\"async\" style=\"background-image: none; border-bottom: 0px; border-left: 0px; margin: 0px; padding-left: 0px; padding-right: 0px; display: inline; border-top: 0px; border-right: 0px; padding-top: 0px\" title=\"A model walks the runway at the Kilian Kerner show during Mercedes-Benz Fashion Week Spring\/Summer 2014 at Brandenburg Gate on July 2, 2013 in Berlin, Germany.\" border=\"0\" alt=\"A model walks the runway at the Kilian Kerner show during Mercedes-Benz Fashion Week Spring\/Summer 2014 at Brandenburg Gate on July 2, 2013 in Berlin, Germany.\" src=\"https:\/\/bobvarela.com\/wp-content\/uploads\/2013\/07\/ss-2014_fashion-week-berlin_DE_kilian-kerner_34629_thumb.jpg\" width=\"124\" height=\"176\" \/><\/a><a href=\"https:\/\/bobvarela.com\/wp-content\/uploads\/2013\/07\/ss-2014_fashion-week-berlin_DE_kilian-kerner_34632.jpg\"><img loading=\"lazy\" decoding=\"async\" style=\"background-image: none; border-bottom: 0px; border-left: 0px; margin: 0px; padding-left: 0px; padding-right: 0px; display: inline; border-top: 0px; border-right: 0px; padding-top: 0px\" title=\"BERLIN, GERMANY - JULY 02:  A model walks the runway at the Kilian Kerner Show during Mercedes-Benz Fashion Week Spring\/Summer 2014 at Brandenburg Gate on July 2, 2013 in Berlin, Germany.  (Photo by Frazer Harrison\/Getty Images)\" border=\"0\" alt=\"BERLIN, GERMANY - JULY 02:  A model walks the runway at the Kilian Kerner Show during Mercedes-Benz Fashion Week Spring\/Summer 2014 at Brandenburg Gate on July 2, 2013 in Berlin, Germany.  (Photo by Frazer Harrison\/Getty Images)\" src=\"https:\/\/bobvarela.com\/wp-content\/uploads\/2013\/07\/ss-2014_fashion-week-berlin_DE_kilian-kerner_34632_thumb.jpg\" width=\"124\" height=\"172\" \/><\/a><a href=\"https:\/\/bobvarela.com\/wp-content\/uploads\/2013\/07\/ss-2014_fashion-week-berlin_DE_kilian-kerner_34637.jpg\"><img loading=\"lazy\" decoding=\"async\" style=\"background-image: none; border-bottom: 0px; border-left: 0px; padding-left: 0px; padding-right: 0px; display: inline; border-top: 0px; border-right: 0px; padding-top: 0px\" title=\"BERLIN, GERMANY - JULY 02:  A model walks the runway at the Kilian Kerner Show during Mercedes-Benz Fashion Week Spring\/Summer 2014 at Brandenburg Gate on July 2, 2013 in Berlin, Germany.  (Photo by Frazer Harrison\/Getty Images)\" border=\"0\" alt=\"BERLIN, GERMANY - JULY 02:  A model walks the runway at the Kilian Kerner Show during Mercedes-Benz Fashion Week Spring\/Summer 2014 at Brandenburg Gate on July 2, 2013 in Berlin, Germany.  (Photo by Frazer Harrison\/Getty Images)\" src=\"https:\/\/bobvarela.com\/wp-content\/uploads\/2013\/07\/ss-2014_fashion-week-berlin_DE_kilian-kerner_34637_thumb.jpg\" width=\"124\" height=\"182\" \/><\/a><\/p>\n<p align=\"justify\"><font size=\"3\">Kilian Kerner (1979), was born and raised in Cologne. Before founding the label KILIAN KERNER in 2004 he studied drama in Cologne and Berlin between 2000 and 2003. Due to his success in the past Kilian Kerner was able to expand and develop his label. The premium line KILIAN KERNER as well as the diffusion line Kilian Kerner Senses are both available in fourteen countries worldwide, e.g. at Apropos in K\u00f6ln\/D\u00fcsseldorf, Tessabit in Italy, Fenwick and House of Fraser in UK and the KILIAN KERNER stores in Berlin and Hamburg. In the meantime there have been numerous celebrities supporting KILIAN KERNER: Actresses like Karoline Herfurth and Alina Levshin, famous models such as Eva Padberg and Karol\u00edna Kurkov\u00e1, actor Tom Schilling and musician Tim Bendzko \u2013 are fond of Kilian Kerner\u2019s designs<\/font>. <\/p>\n\n<p>Photos courtesy of MBFW Berlin<\/p>\n","protected":false},"excerpt":{"rendered":"<p>LAUR\u00c8L LAUR\u00c8L is an internationally renowned premium brand from Germany &#8211; exciting, appealing and always feminine! LAUR\u00c8L fashion stands for &quot;luxury ease&quot; &#8211; a new laid-back style which reflects the identity of the modern woman, combining independence and strength with&hellip;<\/p>\n<p class=\"more-link-p\"><a class=\"more-link\" href=\"https:\/\/bobvarela.com\/?p=45985\">Read more &rarr;<\/a><\/p>\n","protected":false},"author":1,"featured_media":0,"comment_status":"open","ping_status":"open","sticky":false,"template":"","format":"standard","meta":{"ngg_post_thumbnail":0,"footnotes":""},"categories":[265,4],"tags":[],"class_list":["post-45985","post","type-post","status-publish","format-standard","hentry","category-mercedes-benz-fashion-week","category-moda"],"_links":{"self":[{"href":"https:\/\/bobvarela.com\/index.php?rest_route=\/wp\/v2\/posts\/45985","targetHints":{"allow":["GET"]}}],"collection":[{"href":"https:\/\/bobvarela.com\/index.php?rest_route=\/wp\/v2\/posts"}],"about":[{"href":"https:\/\/bobvarela.com\/index.php?rest_route=\/wp\/v2\/types\/post"}],"author":[{"embeddable":true,"href":"https:\/\/bobvarela.com\/index.php?rest_route=\/wp\/v2\/users\/1"}],"replies":[{"embeddable":true,"href":"https:\/\/bobvarela.com\/index.php?rest_route=%2Fwp%2Fv2%2Fcomments&post=45985"}],"version-history":[{"count":0,"href":"https:\/\/bobvarela.com\/index.php?rest_route=\/wp\/v2\/posts\/45985\/revisions"}],"wp:attachment":[{"href":"https:\/\/bobvarela.com\/index.php?rest_route=%2Fwp%2Fv2%2Fmedia&parent=45985"}],"wp:term":[{"taxonomy":"category","embeddable":true,"href":"https:\/\/bobvarela.com\/index.php?rest_route=%2Fwp%2Fv2%2Fcategories&post=45985"},{"taxonomy":"post_tag","embeddable":true,"href":"https:\/\/bobvarela.com\/index.php?rest_route=%2Fwp%2Fv2%2Ftags&post=45985"}],"curies":[{"name":"wp","href":"https:\/\/api.w.org\/{rel}","templated":true}]}}