{"id":46078,"date":"2013-07-09T04:49:00","date_gmt":"2013-07-09T08:49:00","guid":{"rendered":"https:\/\/bobvarela.com\/?p=46078"},"modified":"2013-07-09T04:49:00","modified_gmt":"2013-07-09T08:49:00","slug":"coleccin-rock-it-up-de-mango-en-el-xii-edicin-080-barcelona-fashion","status":"publish","type":"post","link":"https:\/\/bobvarela.com\/?p=46078","title":{"rendered":"colecci&oacute;n Rock it up de Mango en el XII edici&oacute;n 080 Barcelona Fashion"},"content":{"rendered":"<p align=\"justify\"><font size=\"3\">Hoy comienza la XII edici\u00f3n de \u201c080 Barcelona Fashion\u201d Hoy comienza ayer con la presentaci\u00f3n de la nueva colecci\u00f3n \u201cRock it up\u201d de Mango para la pr\u00f3xima temporada<\/font><\/p>\n<p align=\"justify\"><a href=\"https:\/\/bobvarela.com\/wp-content\/uploads\/2013\/07\/mango_096_4.jpg\"><img loading=\"lazy\" decoding=\"async\" style=\"background-image: none; border-bottom: 0px; border-left: 0px; margin: 0px; padding-left: 0px; padding-right: 0px; display: inline; border-top: 0px; border-right: 0px; padding-top: 0px\" title=\"mango_096_4\" border=\"0\" alt=\"mango_096_4\" src=\"https:\/\/bobvarela.com\/wp-content\/uploads\/2013\/07\/mango_096_4_thumb.jpg\" width=\"124\" height=\"184\" \/><\/a><a href=\"https:\/\/bobvarela.com\/wp-content\/uploads\/2013\/07\/mango_002_19.jpg\"><img loading=\"lazy\" decoding=\"async\" style=\"background-image: none; border-bottom: 0px; border-left: 0px; margin: 0px; padding-left: 0px; padding-right: 0px; display: inline; border-top: 0px; border-right: 0px; padding-top: 0px\" title=\"mango_002_19\" border=\"0\" alt=\"mango_002_19\" src=\"https:\/\/bobvarela.com\/wp-content\/uploads\/2013\/07\/mango_002_19_thumb.jpg\" width=\"124\" height=\"184\" \/><\/a><a href=\"https:\/\/bobvarela.com\/wp-content\/uploads\/2013\/07\/mango_006_19.jpg\"><img loading=\"lazy\" decoding=\"async\" style=\"background-image: none; border-bottom: 0px; border-left: 0px; margin: 0px; padding-left: 0px; padding-right: 0px; display: inline; border-top: 0px; border-right: 0px; padding-top: 0px\" title=\"mango_006_19\" border=\"0\" alt=\"mango_006_19\" src=\"https:\/\/bobvarela.com\/wp-content\/uploads\/2013\/07\/mango_006_19_thumb.jpg\" width=\"124\" height=\"184\" \/><\/a><a href=\"https:\/\/bobvarela.com\/wp-content\/uploads\/2013\/07\/mango_008_19.jpg\"><img loading=\"lazy\" decoding=\"async\" style=\"background-image: none; border-bottom: 0px; border-left: 0px; margin: 0px; padding-left: 0px; padding-right: 0px; display: inline; border-top: 0px; border-right: 0px; padding-top: 0px\" title=\"mango_008_19\" border=\"0\" alt=\"mango_008_19\" src=\"https:\/\/bobvarela.com\/wp-content\/uploads\/2013\/07\/mango_008_19_thumb.jpg\" width=\"124\" height=\"184\" \/><\/a><a href=\"https:\/\/bobvarela.com\/wp-content\/uploads\/2013\/07\/mango_074_3.jpg\"><img loading=\"lazy\" decoding=\"async\" style=\"background-image: none; border-bottom: 0px; border-left: 0px; padding-left: 0px; padding-right: 0px; display: inline; border-top: 0px; border-right: 0px; padding-top: 0px\" title=\"mango_074_3\" border=\"0\" alt=\"mango_074_3\" src=\"https:\/\/bobvarela.com\/wp-content\/uploads\/2013\/07\/mango_074_3_thumb.jpg\" width=\"124\" height=\"184\" \/><\/a><\/p>\n<p align=\"justify\"><font size=\"3\">La nueva temporada se caracteriza por un toque <em>hard rock<\/em>, en el que el negro es el protagonista absoluto. Para las prendas de diario, los motivos tradicionales del armario masculino, como la raya diplom\u00e1tica, se aplican a siluetas <em>oversized, <\/em>que se consiguen gracias a la superposici\u00f3n de capas.<\/font><\/p>\n<p><font size=\"3\">El desfile empezo con varias modelos vestidas estilo <em>casual<\/em>. Tras este peque\u00f1o avance, se han podido descubrir las nuevas creaciones de la firma dirigida por Isak Andic, . Cuadros escoceses, sobre todo en complementos como bolsos y zapatos, completaban los looks de una mujer mucho m\u00e1s agresiva y desenfadada, con aires punk.<\/font><\/p>\n<p><a href=\"https:\/\/bobvarela.com\/wp-content\/uploads\/2013\/07\/mango_017_19.jpg\"><img loading=\"lazy\" decoding=\"async\" style=\"background-image: none; border-bottom: 0px; border-left: 0px; margin: 0px; padding-left: 0px; padding-right: 0px; display: inline; border-top: 0px; border-right: 0px; padding-top: 0px\" title=\"mango_017_19\" border=\"0\" alt=\"mango_017_19\" src=\"https:\/\/bobvarela.com\/wp-content\/uploads\/2013\/07\/mango_017_19_thumb.jpg\" width=\"124\" height=\"184\" \/><\/a><a href=\"https:\/\/bobvarela.com\/wp-content\/uploads\/2013\/07\/mango_047_3.jpg\"><img loading=\"lazy\" decoding=\"async\" style=\"background-image: none; border-bottom: 0px; border-left: 0px; margin: 0px; padding-left: 0px; padding-right: 0px; display: inline; border-top: 0px; border-right: 0px; padding-top: 0px\" title=\"mango_047_3\" border=\"0\" alt=\"mango_047_3\" src=\"https:\/\/bobvarela.com\/wp-content\/uploads\/2013\/07\/mango_047_3_thumb.jpg\" width=\"124\" height=\"184\" \/><\/a><a href=\"https:\/\/bobvarela.com\/wp-content\/uploads\/2013\/07\/mango_056_3.jpg\"><img loading=\"lazy\" decoding=\"async\" style=\"background-image: none; border-bottom: 0px; border-left: 0px; margin: 0px; padding-left: 0px; padding-right: 0px; display: inline; border-top: 0px; border-right: 0px; padding-top: 0px\" title=\"mango_056_3\" border=\"0\" alt=\"mango_056_3\" src=\"https:\/\/bobvarela.com\/wp-content\/uploads\/2013\/07\/mango_056_3_thumb.jpg\" width=\"124\" height=\"184\" \/><\/a><a href=\"https:\/\/bobvarela.com\/wp-content\/uploads\/2013\/07\/mango_072_3.jpg\"><img loading=\"lazy\" decoding=\"async\" style=\"background-image: none; border-bottom: 0px; border-left: 0px; margin: 0px; padding-left: 0px; padding-right: 0px; display: inline; border-top: 0px; border-right: 0px; padding-top: 0px\" title=\"mango_072_3\" border=\"0\" alt=\"mango_072_3\" src=\"https:\/\/bobvarela.com\/wp-content\/uploads\/2013\/07\/mango_072_3_thumb.jpg\" width=\"124\" height=\"184\" \/><\/a><a href=\"https:\/\/bobvarela.com\/wp-content\/uploads\/2013\/07\/mango_107_2.jpg\"><img loading=\"lazy\" decoding=\"async\" style=\"background-image: none; border-bottom: 0px; border-left: 0px; padding-left: 0px; padding-right: 0px; display: inline; border-top: 0px; border-right: 0px; padding-top: 0px\" title=\"mango_107_2\" border=\"0\" alt=\"mango_107_2\" src=\"https:\/\/bobvarela.com\/wp-content\/uploads\/2013\/07\/mango_107_2_thumb.jpg\" width=\"124\" height=\"184\" \/><\/a><\/p>\n<p><font size=\"3\">El negro reinaba sobre la pasarela junto a brillos metalizados, transparencias, pieles y contrastado con blancos y rojos. Los estampados geom\u00e9tricos y de lunares tambi\u00e9n formaban parte de la arriesgada l\u00ednea de Mango.<\/font><\/p>\n<p><a href=\"https:\/\/bobvarela.com\/wp-content\/uploads\/2013\/07\/mango_109_2.jpg\"><img loading=\"lazy\" decoding=\"async\" style=\"background-image: none; border-bottom: 0px; border-left: 0px; margin: 0px; padding-left: 0px; padding-right: 0px; display: inline; border-top: 0px; border-right: 0px; padding-top: 0px\" title=\"mango_109_2\" border=\"0\" alt=\"mango_109_2\" src=\"https:\/\/bobvarela.com\/wp-content\/uploads\/2013\/07\/mango_109_2_thumb.jpg\" width=\"124\" height=\"184\" \/><\/a><a href=\"https:\/\/bobvarela.com\/wp-content\/uploads\/2013\/07\/mango_019_17.jpg\"><img loading=\"lazy\" decoding=\"async\" style=\"background-image: none; border-bottom: 0px; border-left: 0px; margin: 0px; padding-left: 0px; padding-right: 0px; display: inline; border-top: 0px; border-right: 0px; padding-top: 0px\" title=\"mango_019_17\" border=\"0\" alt=\"mango_019_17\" src=\"https:\/\/bobvarela.com\/wp-content\/uploads\/2013\/07\/mango_019_17_thumb.jpg\" width=\"124\" height=\"184\" \/><\/a><a href=\"https:\/\/bobvarela.com\/wp-content\/uploads\/2013\/07\/mango_028_3.jpg\"><img loading=\"lazy\" decoding=\"async\" style=\"background-image: none; border-bottom: 0px; border-left: 0px; margin: 0px; padding-left: 0px; padding-right: 0px; display: inline; border-top: 0px; border-right: 0px; padding-top: 0px\" title=\"mango_028_3\" border=\"0\" alt=\"mango_028_3\" src=\"https:\/\/bobvarela.com\/wp-content\/uploads\/2013\/07\/mango_028_3_thumb.jpg\" width=\"124\" height=\"184\" \/><\/a><a href=\"https:\/\/bobvarela.com\/wp-content\/uploads\/2013\/07\/mango_060_3.jpg\"><img loading=\"lazy\" decoding=\"async\" style=\"background-image: none; border-bottom: 0px; border-left: 0px; margin: 0px; padding-left: 0px; padding-right: 0px; display: inline; border-top: 0px; border-right: 0px; padding-top: 0px\" title=\"mango_060_3\" border=\"0\" alt=\"mango_060_3\" src=\"https:\/\/bobvarela.com\/wp-content\/uploads\/2013\/07\/mango_060_3_thumb.jpg\" width=\"124\" height=\"184\" \/><\/a><a href=\"https:\/\/bobvarela.com\/wp-content\/uploads\/2013\/07\/mango_104_2.jpg\"><img loading=\"lazy\" decoding=\"async\" style=\"background-image: none; border-bottom: 0px; border-left: 0px; padding-left: 0px; padding-right: 0px; display: inline; border-top: 0px; border-right: 0px; padding-top: 0px\" title=\"mango_104_2\" border=\"0\" alt=\"mango_104_2\" src=\"https:\/\/bobvarela.com\/wp-content\/uploads\/2013\/07\/mango_104_2_thumb.jpg\" width=\"124\" height=\"184\" \/><\/a><\/p>\n<p align=\"justify\"><font size=\"3\">la parte masculina del desfile, hubo&#160; conjuntos m\u00e1s elegantes y con la chaqueta de piel como prenda estrella. Corbatas, chalecos y hasta pajaritas&#8230; Mango busca un hombre actual y que se cuide, que quiera estar guapo y moderno. Los tonos negros y grises acaparan tambi\u00e9n la l\u00ednea para hombre.<\/font><\/p>\n<p align=\"justify\"><\/p>\n","protected":false},"excerpt":{"rendered":"<p>Hoy comienza la XII edici\u00f3n de \u201c080 Barcelona Fashion\u201d Hoy comienza ayer con la presentaci\u00f3n de la nueva colecci\u00f3n \u201cRock it up\u201d de Mango para la pr\u00f3xima temporada La nueva temporada se caracteriza por un toque hard rock, en el&hellip;<\/p>\n<p class=\"more-link-p\"><a class=\"more-link\" href=\"https:\/\/bobvarela.com\/?p=46078\">Read more &rarr;<\/a><\/p>\n","protected":false},"author":1,"featured_media":0,"comment_status":"open","ping_status":"open","sticky":false,"template":"","format":"standard","meta":{"ngg_post_thumbnail":0,"footnotes":""},"categories":[4],"tags":[],"class_list":["post-46078","post","type-post","status-publish","format-standard","hentry","category-moda"],"_links":{"self":[{"href":"https:\/\/bobvarela.com\/index.php?rest_route=\/wp\/v2\/posts\/46078","targetHints":{"allow":["GET"]}}],"collection":[{"href":"https:\/\/bobvarela.com\/index.php?rest_route=\/wp\/v2\/posts"}],"about":[{"href":"https:\/\/bobvarela.com\/index.php?rest_route=\/wp\/v2\/types\/post"}],"author":[{"embeddable":true,"href":"https:\/\/bobvarela.com\/index.php?rest_route=\/wp\/v2\/users\/1"}],"replies":[{"embeddable":true,"href":"https:\/\/bobvarela.com\/index.php?rest_route=%2Fwp%2Fv2%2Fcomments&post=46078"}],"version-history":[{"count":0,"href":"https:\/\/bobvarela.com\/index.php?rest_route=\/wp\/v2\/posts\/46078\/revisions"}],"wp:attachment":[{"href":"https:\/\/bobvarela.com\/index.php?rest_route=%2Fwp%2Fv2%2Fmedia&parent=46078"}],"wp:term":[{"taxonomy":"category","embeddable":true,"href":"https:\/\/bobvarela.com\/index.php?rest_route=%2Fwp%2Fv2%2Fcategories&post=46078"},{"taxonomy":"post_tag","embeddable":true,"href":"https:\/\/bobvarela.com\/index.php?rest_route=%2Fwp%2Fv2%2Ftags&post=46078"}],"curies":[{"name":"wp","href":"https:\/\/api.w.org\/{rel}","templated":true}]}}