{"id":46101,"date":"2013-07-10T05:51:46","date_gmt":"2013-07-10T09:51:46","guid":{"rendered":"https:\/\/bobvarela.com\/?p=46101"},"modified":"2013-07-10T05:51:46","modified_gmt":"2013-07-10T09:51:46","slug":"selim-de-somavilla-coleccin-primaveraverano-2014-three-thousand-words-en-el-080-barcelona-fashion","status":"publish","type":"post","link":"https:\/\/bobvarela.com\/?p=46101","title":{"rendered":"Selim de Somavilla Colecci&oacute;n Primavera\/Verano 2014 &ldquo;THREE THOUSAND WORDS&rdquo; en el 080 Barcelona fashion"},"content":{"rendered":"<p align=\"justify\"><font size=\"3\">Las \u00faltimas semanas de verano se precipitan. Con melancol\u00eda, recuerdan el casi finalizado est\u00edo, de d\u00edas c\u00e1lidos y noches eternas. El influjo lunar eterniza todos sus sue\u00f1os. Sue\u00f1os que perdurar\u00e1n en la memoria. <em>Carpe Diem<\/em>, es el sue\u00f1o de una noche de verano. Ahora se cierra una etapa. Otra nueva est\u00e1 por llegar. Es un momento de cambio, en el que las primeras tres mil palabras ser\u00e1n las que determinar\u00e1n un prometedor futuro.<\/font><\/p>\n<p align=\"justify\"><a href=\"https:\/\/bobvarela.com\/wp-content\/uploads\/2013\/07\/selimdesomavilla_009_0.jpg\"><img loading=\"lazy\" decoding=\"async\" style=\"background-image: none; border-bottom: 0px; border-left: 0px; margin: 0px; padding-left: 0px; padding-right: 0px; display: inline; border-top: 0px; border-right: 0px; padding-top: 0px\" title=\"selimdesomavilla_009_0\" border=\"0\" alt=\"selimdesomavilla_009_0\" src=\"https:\/\/bobvarela.com\/wp-content\/uploads\/2013\/07\/selimdesomavilla_009_0_thumb.jpg\" width=\"124\" height=\"184\" \/><\/a><a href=\"https:\/\/bobvarela.com\/wp-content\/uploads\/2013\/07\/selimdesomavilla_061_0.jpg\"><img loading=\"lazy\" decoding=\"async\" style=\"background-image: none; border-bottom: 0px; border-left: 0px; margin: 0px; padding-left: 0px; padding-right: 0px; display: inline; border-top: 0px; border-right: 0px; padding-top: 0px\" title=\"selimdesomavilla_061_0\" border=\"0\" alt=\"selimdesomavilla_061_0\" src=\"https:\/\/bobvarela.com\/wp-content\/uploads\/2013\/07\/selimdesomavilla_061_0_thumb.jpg\" width=\"124\" height=\"184\" \/><\/a><a href=\"https:\/\/bobvarela.com\/wp-content\/uploads\/2013\/07\/selimdesomavilla_063_0.jpg\"><img loading=\"lazy\" decoding=\"async\" style=\"background-image: none; border-bottom: 0px; border-left: 0px; margin: 0px; padding-left: 0px; padding-right: 0px; display: inline; border-top: 0px; border-right: 0px; padding-top: 0px\" title=\"selimdesomavilla_063_0\" border=\"0\" alt=\"selimdesomavilla_063_0\" src=\"https:\/\/bobvarela.com\/wp-content\/uploads\/2013\/07\/selimdesomavilla_063_0_thumb.jpg\" width=\"124\" height=\"184\" \/><\/a><a href=\"https:\/\/bobvarela.com\/wp-content\/uploads\/2013\/07\/selimdesomavilla_033_0.jpg\"><img loading=\"lazy\" decoding=\"async\" style=\"background-image: none; border-bottom: 0px; border-left: 0px; margin: 0px; padding-left: 0px; padding-right: 0px; display: inline; border-top: 0px; border-right: 0px; padding-top: 0px\" title=\"selimdesomavilla_033_0\" border=\"0\" alt=\"selimdesomavilla_033_0\" src=\"https:\/\/bobvarela.com\/wp-content\/uploads\/2013\/07\/selimdesomavilla_033_0_thumb.jpg\" width=\"124\" height=\"184\" \/><\/a><a href=\"https:\/\/bobvarela.com\/wp-content\/uploads\/2013\/07\/selimdesomavilla_002_0.jpg\"><img loading=\"lazy\" decoding=\"async\" style=\"background-image: none; border-bottom: 0px; border-left: 0px; padding-left: 0px; padding-right: 0px; display: inline; border-top: 0px; border-right: 0px; padding-top: 0px\" title=\"selimdesomavilla_002_0\" border=\"0\" alt=\"selimdesomavilla_002_0\" src=\"https:\/\/bobvarela.com\/wp-content\/uploads\/2013\/07\/selimdesomavilla_002_0_thumb.jpg\" width=\"124\" height=\"184\" \/><\/a><\/p>\n<p align=\"justify\"><font size=\"3\">\u201cTHREE THOUSAND WORDS\u201d es la propuesta para Primavera\/Verano 2014 del dise\u00f1ador Selim de Somavilla. La colecci\u00f3n evidencia una dualidad de sexos, que eventualmente se unen para formar uno.<\/font><\/p>\n<p align=\"justify\"><font size=\"3\">El cuadro es, en la mayor\u00eda de los <em>looks<\/em>, el punto de partida de toda la colecci\u00f3n. Un elemento tan geom\u00e9trico usado en ocasiones de forma irregular. Aparece el estampado tropical como un elemento importante en muchas de las prendas, a partir del cual surgen todos los colores como el amarillo lima o el azul <em>klein<\/em> que intensifican la colecci\u00f3n. Una colecci\u00f3n llena de ant\u00edtesis entre lo masculino y lo femenino, lo cl\u00e1sico y lo moderno, lo regular y lo irregular. Una armon\u00eda de contrastes enfrentados.<\/font><\/p>\n<p>.<\/p>\n<p>Fotos cortesia de 080 Barcelona Fashion <\/p>\n","protected":false},"excerpt":{"rendered":"<p>Las \u00faltimas semanas de verano se precipitan. Con melancol\u00eda, recuerdan el casi finalizado est\u00edo, de d\u00edas c\u00e1lidos y noches eternas. El influjo lunar eterniza todos sus sue\u00f1os. Sue\u00f1os que perdurar\u00e1n en la memoria. Carpe Diem, es el sue\u00f1o de una&hellip;<\/p>\n<p class=\"more-link-p\"><a class=\"more-link\" href=\"https:\/\/bobvarela.com\/?p=46101\">Read more &rarr;<\/a><\/p>\n","protected":false},"author":1,"featured_media":0,"comment_status":"open","ping_status":"open","sticky":false,"template":"","format":"standard","meta":{"ngg_post_thumbnail":0,"footnotes":""},"categories":[4],"tags":[],"class_list":["post-46101","post","type-post","status-publish","format-standard","hentry","category-moda"],"_links":{"self":[{"href":"https:\/\/bobvarela.com\/index.php?rest_route=\/wp\/v2\/posts\/46101","targetHints":{"allow":["GET"]}}],"collection":[{"href":"https:\/\/bobvarela.com\/index.php?rest_route=\/wp\/v2\/posts"}],"about":[{"href":"https:\/\/bobvarela.com\/index.php?rest_route=\/wp\/v2\/types\/post"}],"author":[{"embeddable":true,"href":"https:\/\/bobvarela.com\/index.php?rest_route=\/wp\/v2\/users\/1"}],"replies":[{"embeddable":true,"href":"https:\/\/bobvarela.com\/index.php?rest_route=%2Fwp%2Fv2%2Fcomments&post=46101"}],"version-history":[{"count":0,"href":"https:\/\/bobvarela.com\/index.php?rest_route=\/wp\/v2\/posts\/46101\/revisions"}],"wp:attachment":[{"href":"https:\/\/bobvarela.com\/index.php?rest_route=%2Fwp%2Fv2%2Fmedia&parent=46101"}],"wp:term":[{"taxonomy":"category","embeddable":true,"href":"https:\/\/bobvarela.com\/index.php?rest_route=%2Fwp%2Fv2%2Fcategories&post=46101"},{"taxonomy":"post_tag","embeddable":true,"href":"https:\/\/bobvarela.com\/index.php?rest_route=%2Fwp%2Fv2%2Ftags&post=46101"}],"curies":[{"name":"wp","href":"https:\/\/api.w.org\/{rel}","templated":true}]}}