{"id":46112,"date":"2013-07-10T06:15:40","date_gmt":"2013-07-10T10:15:40","guid":{"rendered":"https:\/\/bobvarela.com\/?p=46112"},"modified":"2013-07-10T06:15:40","modified_gmt":"2013-07-10T10:15:40","slug":"albniz-coleccin-primaveraverano-2014-angel-en-el-080-barcelona-fashion","status":"publish","type":"post","link":"https:\/\/bobvarela.com\/?p=46112","title":{"rendered":"Alb&eacute;niz Colecci&oacute;n Primavera\/Verano 2014  Angel   en el 080 Barcelona fashion"},"content":{"rendered":"<p align=\"justify\"><font size=\"3\">Angel, es una colecci\u00f3n masculina para la <strong>Primavera\/Verano del 2014<\/strong>. Mi inspiraci\u00f3n surge del cantante Ray Charles, que, en sus diferentes conciertos, luc\u00eda trajes sastre, confeccionados con tejidos innovadores y atrevidos. \u00c9ste es el concepto principal que yo desarrollo en la colecci\u00f3n: partir de un patr\u00f3n sobrio, confeccionado con tejidos impactantes y exquisitos.<\/font><\/p>\n<p align=\"justify\"><a href=\"https:\/\/bobvarela.com\/wp-content\/uploads\/2013\/07\/albeniz_002_0.jpg\"><img loading=\"lazy\" decoding=\"async\" style=\"background-image: none; border-bottom: 0px; border-left: 0px; margin: 0px; padding-left: 0px; padding-right: 0px; display: inline; border-top: 0px; border-right: 0px; padding-top: 0px\" title=\"albeniz_002_0\" border=\"0\" alt=\"albeniz_002_0\" src=\"https:\/\/bobvarela.com\/wp-content\/uploads\/2013\/07\/albeniz_002_0_thumb.jpg\" width=\"124\" height=\"184\" \/><\/a><a href=\"https:\/\/bobvarela.com\/wp-content\/uploads\/2013\/07\/albeniz_065_0.jpg\"><img loading=\"lazy\" decoding=\"async\" style=\"background-image: none; border-bottom: 0px; border-left: 0px; margin: 0px; padding-left: 0px; padding-right: 0px; display: inline; border-top: 0px; border-right: 0px; padding-top: 0px\" title=\"albeniz_065_0\" border=\"0\" alt=\"albeniz_065_0\" src=\"https:\/\/bobvarela.com\/wp-content\/uploads\/2013\/07\/albeniz_065_0_thumb.jpg\" width=\"124\" height=\"184\" \/><\/a><a href=\"https:\/\/bobvarela.com\/wp-content\/uploads\/2013\/07\/albeniz_056_0.jpg\"><img loading=\"lazy\" decoding=\"async\" style=\"background-image: none; border-bottom: 0px; border-left: 0px; margin: 0px; padding-left: 0px; padding-right: 0px; display: inline; border-top: 0px; border-right: 0px; padding-top: 0px\" title=\"albeniz_056_0\" border=\"0\" alt=\"albeniz_056_0\" src=\"https:\/\/bobvarela.com\/wp-content\/uploads\/2013\/07\/albeniz_056_0_thumb.jpg\" width=\"124\" height=\"184\" \/><\/a><a href=\"https:\/\/bobvarela.com\/wp-content\/uploads\/2013\/07\/albeniz_028_0.jpg\"><img loading=\"lazy\" decoding=\"async\" style=\"background-image: none; border-bottom: 0px; border-left: 0px; margin: 0px; padding-left: 0px; padding-right: 0px; display: inline; border-top: 0px; border-right: 0px; padding-top: 0px\" title=\"albeniz_028_0\" border=\"0\" alt=\"albeniz_028_0\" src=\"https:\/\/bobvarela.com\/wp-content\/uploads\/2013\/07\/albeniz_028_0_thumb.jpg\" width=\"124\" height=\"184\" \/><\/a><a href=\"https:\/\/bobvarela.com\/wp-content\/uploads\/2013\/07\/albeniz_034_0.jpg\"><img loading=\"lazy\" decoding=\"async\" style=\"background-image: none; border-bottom: 0px; border-left: 0px; padding-left: 0px; padding-right: 0px; display: inline; border-top: 0px; border-right: 0px; padding-top: 0px\" title=\"albeniz_034_0\" border=\"0\" alt=\"albeniz_034_0\" src=\"https:\/\/bobvarela.com\/wp-content\/uploads\/2013\/07\/albeniz_034_0_thumb.jpg\" width=\"124\" height=\"184\" \/><\/a><\/p>\n<p align=\"justify\"><font size=\"3\">En cuanto a la l\u00ednea, tomo como referencia a Mick Jagger, creando, as\u00ed, una silueta estrecha, limpia y vertical. La gama de colores es de verdes, azules, rosas y amarillos pastel, junto con blancos y dorados, creando, as\u00ed, una visi\u00f3n l\u00facida, atractiva y fresca. Los bordados de hilos de oro, inspirados en los trajes de luces, junto con <i>swarovskis<\/i>, consiguen un estilo sofisticado y atrevido. Los suntuosos tejidos y fornituras<strike>,<\/strike> crean un estilo \u00fanico, fusionando diferentes texturas, completando la imagen final de lo que podr\u00eda ser una estrella del <i>rock and roll<\/i>.<\/font><\/p>\n<p align=\"justify\"><font size=\"3\"><\/font><\/p>\n<p>Fotos cortesia de 080 Barcelona fashion <\/p>\n","protected":false},"excerpt":{"rendered":"<p>Angel, es una colecci\u00f3n masculina para la Primavera\/Verano del 2014. Mi inspiraci\u00f3n surge del cantante Ray Charles, que, en sus diferentes conciertos, luc\u00eda trajes sastre, confeccionados con tejidos innovadores y atrevidos. \u00c9ste es el concepto principal que yo desarrollo en&hellip;<\/p>\n<p class=\"more-link-p\"><a class=\"more-link\" href=\"https:\/\/bobvarela.com\/?p=46112\">Read more &rarr;<\/a><\/p>\n","protected":false},"author":1,"featured_media":0,"comment_status":"open","ping_status":"open","sticky":false,"template":"","format":"standard","meta":{"ngg_post_thumbnail":0,"footnotes":""},"categories":[4],"tags":[],"class_list":["post-46112","post","type-post","status-publish","format-standard","hentry","category-moda"],"_links":{"self":[{"href":"https:\/\/bobvarela.com\/index.php?rest_route=\/wp\/v2\/posts\/46112","targetHints":{"allow":["GET"]}}],"collection":[{"href":"https:\/\/bobvarela.com\/index.php?rest_route=\/wp\/v2\/posts"}],"about":[{"href":"https:\/\/bobvarela.com\/index.php?rest_route=\/wp\/v2\/types\/post"}],"author":[{"embeddable":true,"href":"https:\/\/bobvarela.com\/index.php?rest_route=\/wp\/v2\/users\/1"}],"replies":[{"embeddable":true,"href":"https:\/\/bobvarela.com\/index.php?rest_route=%2Fwp%2Fv2%2Fcomments&post=46112"}],"version-history":[{"count":0,"href":"https:\/\/bobvarela.com\/index.php?rest_route=\/wp\/v2\/posts\/46112\/revisions"}],"wp:attachment":[{"href":"https:\/\/bobvarela.com\/index.php?rest_route=%2Fwp%2Fv2%2Fmedia&parent=46112"}],"wp:term":[{"taxonomy":"category","embeddable":true,"href":"https:\/\/bobvarela.com\/index.php?rest_route=%2Fwp%2Fv2%2Fcategories&post=46112"},{"taxonomy":"post_tag","embeddable":true,"href":"https:\/\/bobvarela.com\/index.php?rest_route=%2Fwp%2Fv2%2Ftags&post=46112"}],"curies":[{"name":"wp","href":"https:\/\/api.w.org\/{rel}","templated":true}]}}