{"id":46156,"date":"2013-07-11T07:15:18","date_gmt":"2013-07-11T11:15:18","guid":{"rendered":"https:\/\/bobvarela.com\/?p=46156"},"modified":"2013-07-11T07:15:18","modified_gmt":"2013-07-11T11:15:18","slug":"tcn-coleccin-primaveraverano-2014-en-el-080-barcelona-fashion","status":"publish","type":"post","link":"https:\/\/bobvarela.com\/?p=46156","title":{"rendered":"TCN  Colecci&oacute;n Primavera\/Verano 2014  en el 080 Barcelona Fashion"},"content":{"rendered":"<p align=\"justify\"><font size=\"3\">La colecci\u00f3n de TCN Primavera\/Verano 2014 reaviva el esp\u00edritu del tiempo con una propuesta que revisa los cl\u00e1sicos de la firma y que es un gui\u00f1o a la luz del sol y al relax del verano.<\/font><\/p>\n<p align=\"justify\"><font size=\"3\">Volviendo al concepto de 24 h TCN, la colecci\u00f3n muestra toda su plenitud con todas las l\u00edneas de la firma, desde la lencer\u00eda y la corseter\u00eda hasta el exterior, pasando por el <em>homewear<\/em> o el ba\u00f1o.<\/font><\/p>\n<p align=\"justify\"><a href=\"https:\/\/bobvarela.com\/wp-content\/uploads\/2013\/07\/TCN_100.jpg\"><img loading=\"lazy\" decoding=\"async\" style=\"background-image: none; border-bottom: 0px; border-left: 0px; margin: 0px; padding-left: 0px; padding-right: 0px; display: inline; border-top: 0px; border-right: 0px; padding-top: 0px\" title=\"TCN_100\" border=\"0\" alt=\"TCN_100\" src=\"https:\/\/bobvarela.com\/wp-content\/uploads\/2013\/07\/TCN_100_thumb.jpg\" width=\"124\" height=\"184\" \/><\/a><a href=\"https:\/\/bobvarela.com\/wp-content\/uploads\/2013\/07\/TCN_019.jpg\"><img loading=\"lazy\" decoding=\"async\" style=\"background-image: none; border-bottom: 0px; border-left: 0px; margin: 0px; padding-left: 0px; padding-right: 0px; display: inline; border-top: 0px; border-right: 0px; padding-top: 0px\" title=\"TCN_019\" border=\"0\" alt=\"TCN_019\" src=\"https:\/\/bobvarela.com\/wp-content\/uploads\/2013\/07\/TCN_019_thumb.jpg\" width=\"124\" height=\"184\" \/><\/a><a href=\"https:\/\/bobvarela.com\/wp-content\/uploads\/2013\/07\/TCN_048.jpg\"><img loading=\"lazy\" decoding=\"async\" style=\"background-image: none; border-bottom: 0px; border-left: 0px; margin: 0px; padding-left: 0px; padding-right: 0px; display: inline; border-top: 0px; border-right: 0px; padding-top: 0px\" title=\"TCN_048\" border=\"0\" alt=\"TCN_048\" src=\"https:\/\/bobvarela.com\/wp-content\/uploads\/2013\/07\/TCN_048_thumb.jpg\" width=\"124\" height=\"184\" \/><\/a><a href=\"https:\/\/bobvarela.com\/wp-content\/uploads\/2013\/07\/TCN_090.jpg\"><img loading=\"lazy\" decoding=\"async\" style=\"background-image: none; border-bottom: 0px; border-left: 0px; padding-left: 0px; padding-right: 0px; display: inline; border-top: 0px; border-right: 0px; padding-top: 0px\" title=\"TCN_090\" border=\"0\" alt=\"TCN_090\" src=\"https:\/\/bobvarela.com\/wp-content\/uploads\/2013\/07\/TCN_090_thumb.jpg\" width=\"124\" height=\"184\" \/><\/a><a href=\"https:\/\/bobvarela.com\/wp-content\/uploads\/2013\/07\/TCN_128.jpg\"><img loading=\"lazy\" decoding=\"async\" style=\"background-image: none; border-bottom: 0px; border-left: 0px; padding-left: 0px; padding-right: 0px; display: inline; border-top: 0px; border-right: 0px; padding-top: 0px\" title=\"TCN_128\" border=\"0\" alt=\"TCN_128\" src=\"https:\/\/bobvarela.com\/wp-content\/uploads\/2013\/07\/TCN_128_thumb.jpg\" width=\"124\" height=\"184\" \/><\/a><\/p>\n<p align=\"justify\"><font size=\"3\">En los coloridos, los azules mar y los metalizados en todas sus versiones son los protagonistas. Oro viejo, cobre desgastado, plata mate\u2026 toman fuerza en la colecci\u00f3n de ba\u00f1o, mientras las rayas, m\u00e1s finas que nunca, son el estampado protagonista del verano.<\/font><\/p>\n<p align=\"justify\"><font size=\"3\">En el exterior, los algodones r\u00fasticos calados se convierten en mini <em>shorts <\/em>y <em>culottes<\/em> y se mezclan con los vestidos lenceros m\u00e1s femeninos que nunca.      <br \/>Las felpas y las sedas con algod\u00f3n se camuflan en bambulas y los voiles ligeros e \u00edntimos en camisolas, vestidos y maxi faldas, que invitan al relax y nos recuerdan la lentitud del paso del tiempo.<\/font><\/p>\n\n<p>Fotos cortesia de 080 Barcelona fashion<\/p>\n","protected":false},"excerpt":{"rendered":"<p>La colecci\u00f3n de TCN Primavera\/Verano 2014 reaviva el esp\u00edritu del tiempo con una propuesta que revisa los cl\u00e1sicos de la firma y que es un gui\u00f1o a la luz del sol y al relax del verano. Volviendo al concepto de&hellip;<\/p>\n<p class=\"more-link-p\"><a class=\"more-link\" href=\"https:\/\/bobvarela.com\/?p=46156\">Read more &rarr;<\/a><\/p>\n","protected":false},"author":1,"featured_media":0,"comment_status":"open","ping_status":"open","sticky":false,"template":"","format":"standard","meta":{"ngg_post_thumbnail":0,"footnotes":""},"categories":[4],"tags":[],"class_list":["post-46156","post","type-post","status-publish","format-standard","hentry","category-moda"],"_links":{"self":[{"href":"https:\/\/bobvarela.com\/index.php?rest_route=\/wp\/v2\/posts\/46156","targetHints":{"allow":["GET"]}}],"collection":[{"href":"https:\/\/bobvarela.com\/index.php?rest_route=\/wp\/v2\/posts"}],"about":[{"href":"https:\/\/bobvarela.com\/index.php?rest_route=\/wp\/v2\/types\/post"}],"author":[{"embeddable":true,"href":"https:\/\/bobvarela.com\/index.php?rest_route=\/wp\/v2\/users\/1"}],"replies":[{"embeddable":true,"href":"https:\/\/bobvarela.com\/index.php?rest_route=%2Fwp%2Fv2%2Fcomments&post=46156"}],"version-history":[{"count":0,"href":"https:\/\/bobvarela.com\/index.php?rest_route=\/wp\/v2\/posts\/46156\/revisions"}],"wp:attachment":[{"href":"https:\/\/bobvarela.com\/index.php?rest_route=%2Fwp%2Fv2%2Fmedia&parent=46156"}],"wp:term":[{"taxonomy":"category","embeddable":true,"href":"https:\/\/bobvarela.com\/index.php?rest_route=%2Fwp%2Fv2%2Fcategories&post=46156"},{"taxonomy":"post_tag","embeddable":true,"href":"https:\/\/bobvarela.com\/index.php?rest_route=%2Fwp%2Fv2%2Ftags&post=46156"}],"curies":[{"name":"wp","href":"https:\/\/api.w.org\/{rel}","templated":true}]}}