{"id":46167,"date":"2013-07-11T07:53:24","date_gmt":"2013-07-11T11:53:24","guid":{"rendered":"https:\/\/bobvarela.com\/?p=46167"},"modified":"2013-07-11T07:53:58","modified_gmt":"2013-07-11T11:53:58","slug":"custo-barcelona-coleccin-ss14-before-new-york-fashion-week","status":"publish","type":"post","link":"https:\/\/bobvarela.com\/?p=46167","title":{"rendered":"Custo Barcelona  Colecci&oacute;n  SS14 before New York Fashion Week en el 080 Barcelona Fashion"},"content":{"rendered":"<p align=\"justify\"><font size=\"3\"><a href=\"https:\/\/bobvarela.com\/wp-content\/uploads\/2013\/07\/Custo_122.jpg\"><img loading=\"lazy\" decoding=\"async\" style=\"background-image: none; border-bottom: 0px; border-left: 0px; margin: 0px; padding-left: 0px; padding-right: 0px; display: inline; border-top: 0px; border-right: 0px; padding-top: 0px\" title=\"Custo_122\" border=\"0\" alt=\"Custo_122\" src=\"https:\/\/bobvarela.com\/wp-content\/uploads\/2013\/07\/Custo_122_thumb.jpg\" width=\"124\" height=\"184\" \/><\/a><a href=\"https:\/\/bobvarela.com\/wp-content\/uploads\/2013\/07\/Custo_027.jpg\"><img loading=\"lazy\" decoding=\"async\" style=\"background-image: none; border-bottom: 0px; border-left: 0px; margin: 0px; padding-left: 0px; padding-right: 0px; display: inline; border-top: 0px; border-right: 0px; padding-top: 0px\" title=\"Custo_027\" border=\"0\" alt=\"Custo_027\" src=\"https:\/\/bobvarela.com\/wp-content\/uploads\/2013\/07\/Custo_027_thumb.jpg\" width=\"124\" height=\"184\" \/><\/a><a href=\"https:\/\/bobvarela.com\/wp-content\/uploads\/2013\/07\/Custo_064.jpg\"><img loading=\"lazy\" decoding=\"async\" style=\"background-image: none; border-bottom: 0px; border-left: 0px; margin: 0px; padding-left: 0px; padding-right: 0px; display: inline; border-top: 0px; border-right: 0px; padding-top: 0px\" title=\"Custo_064\" border=\"0\" alt=\"Custo_064\" src=\"https:\/\/bobvarela.com\/wp-content\/uploads\/2013\/07\/Custo_064_thumb.jpg\" width=\"124\" height=\"184\" \/><\/a><a href=\"https:\/\/bobvarela.com\/wp-content\/uploads\/2013\/07\/Custo_070.jpg\"><img loading=\"lazy\" decoding=\"async\" style=\"background-image: none; border-bottom: 0px; border-left: 0px; margin: 0px; padding-left: 0px; padding-right: 0px; display: inline; border-top: 0px; border-right: 0px; padding-top: 0px\" title=\"Custo_070\" border=\"0\" alt=\"Custo_070\" src=\"https:\/\/bobvarela.com\/wp-content\/uploads\/2013\/07\/Custo_070_thumb.jpg\" width=\"124\" height=\"184\" \/><\/a><a href=\"https:\/\/bobvarela.com\/wp-content\/uploads\/2013\/07\/Custo_108.jpg\"><img loading=\"lazy\" decoding=\"async\" style=\"background-image: none; border-bottom: 0px; border-left: 0px; padding-left: 0px; padding-right: 0px; display: inline; border-top: 0px; border-right: 0px; padding-top: 0px\" title=\"Custo_108\" border=\"0\" alt=\"Custo_108\" src=\"https:\/\/bobvarela.com\/wp-content\/uploads\/2013\/07\/Custo_108_thumb.jpg\" width=\"124\" height=\"184\" \/><\/a><\/font><\/p>\n<p align=\"justify\"><font size=\"3\">Colecci\u00f3n Custo Barcelona SS14 con un avance en prim\u00edcia de la colecci\u00f3n de passarela de la New York Fashion Week.<\/font><\/p>\n<p align=\"justify\"><\/p>\n<p>Fotos cortesia de 080 Barcelona fashion<\/p>\n","protected":false},"excerpt":{"rendered":"<p>Colecci\u00f3n Custo Barcelona SS14 con un avance en prim\u00edcia de la colecci\u00f3n de passarela de la New York Fashion Week. Fotos cortesia de 080 Barcelona fashion<\/p>\n<p class=\"more-link-p\"><a class=\"more-link\" href=\"https:\/\/bobvarela.com\/?p=46167\">Read more &rarr;<\/a><\/p>\n","protected":false},"author":1,"featured_media":0,"comment_status":"open","ping_status":"open","sticky":false,"template":"","format":"standard","meta":{"ngg_post_thumbnail":0,"footnotes":""},"categories":[4],"tags":[],"class_list":["post-46167","post","type-post","status-publish","format-standard","hentry","category-moda"],"_links":{"self":[{"href":"https:\/\/bobvarela.com\/index.php?rest_route=\/wp\/v2\/posts\/46167","targetHints":{"allow":["GET"]}}],"collection":[{"href":"https:\/\/bobvarela.com\/index.php?rest_route=\/wp\/v2\/posts"}],"about":[{"href":"https:\/\/bobvarela.com\/index.php?rest_route=\/wp\/v2\/types\/post"}],"author":[{"embeddable":true,"href":"https:\/\/bobvarela.com\/index.php?rest_route=\/wp\/v2\/users\/1"}],"replies":[{"embeddable":true,"href":"https:\/\/bobvarela.com\/index.php?rest_route=%2Fwp%2Fv2%2Fcomments&post=46167"}],"version-history":[{"count":1,"href":"https:\/\/bobvarela.com\/index.php?rest_route=\/wp\/v2\/posts\/46167\/revisions"}],"predecessor-version":[{"id":46168,"href":"https:\/\/bobvarela.com\/index.php?rest_route=\/wp\/v2\/posts\/46167\/revisions\/46168"}],"wp:attachment":[{"href":"https:\/\/bobvarela.com\/index.php?rest_route=%2Fwp%2Fv2%2Fmedia&parent=46167"}],"wp:term":[{"taxonomy":"category","embeddable":true,"href":"https:\/\/bobvarela.com\/index.php?rest_route=%2Fwp%2Fv2%2Fcategories&post=46167"},{"taxonomy":"post_tag","embeddable":true,"href":"https:\/\/bobvarela.com\/index.php?rest_route=%2Fwp%2Fv2%2Ftags&post=46167"}],"curies":[{"name":"wp","href":"https:\/\/api.w.org\/{rel}","templated":true}]}}