{"id":46191,"date":"2013-07-12T06:02:34","date_gmt":"2013-07-12T10:02:34","guid":{"rendered":"https:\/\/bobvarela.com\/?p=46191"},"modified":"2013-07-12T06:02:34","modified_gmt":"2013-07-12T10:02:34","slug":"zazo-brull-coleccin-primaveraverano-2014-el-sucesor-en-el-080-barcelona-fashion","status":"publish","type":"post","link":"https:\/\/bobvarela.com\/?p=46191","title":{"rendered":"Zazo &amp; Brull Colecci&oacute;n Primavera\/Verano 2014 El sucesor en el 080 Barcelona fashion"},"content":{"rendered":"<p align=\"justify\"><font size=\"3\">Xavier Zazo y Clara Brull son los dise\u00f1adores de la vanguardista firma catalana de moda femenina zazo&amp;brull.<\/font><\/p>\n<p align=\"justify\"><a href=\"https:\/\/bobvarela.com\/wp-content\/uploads\/2013\/07\/ZazoBrull_007.jpg\"><img loading=\"lazy\" decoding=\"async\" style=\"background-image: none; border-bottom: 0px; border-left: 0px; margin: 0px; padding-left: 0px; padding-right: 0px; display: inline; border-top: 0px; border-right: 0px; padding-top: 0px\" title=\"Zazo&amp;Brull_007\" border=\"0\" alt=\"Zazo&amp;Brull_007\" src=\"https:\/\/bobvarela.com\/wp-content\/uploads\/2013\/07\/ZazoBrull_007_thumb.jpg\" width=\"124\" height=\"184\" \/><\/a><a href=\"https:\/\/bobvarela.com\/wp-content\/uploads\/2013\/07\/ZazoBrull_047.jpg\"><img loading=\"lazy\" decoding=\"async\" style=\"background-image: none; border-bottom: 0px; border-left: 0px; margin: 0px; padding-left: 0px; padding-right: 0px; display: inline; border-top: 0px; border-right: 0px; padding-top: 0px\" title=\"Zazo&amp;Brull_047\" border=\"0\" alt=\"Zazo&amp;Brull_047\" src=\"https:\/\/bobvarela.com\/wp-content\/uploads\/2013\/07\/ZazoBrull_047_thumb.jpg\" width=\"124\" height=\"184\" \/><\/a><a href=\"https:\/\/bobvarela.com\/wp-content\/uploads\/2013\/07\/ZazoBrull_042.jpg\"><img loading=\"lazy\" decoding=\"async\" style=\"background-image: none; border-bottom: 0px; border-left: 0px; margin: 0px; padding-left: 0px; padding-right: 0px; display: inline; border-top: 0px; border-right: 0px; padding-top: 0px\" title=\"Zazo&amp;Brull_042\" border=\"0\" alt=\"Zazo&amp;Brull_042\" src=\"https:\/\/bobvarela.com\/wp-content\/uploads\/2013\/07\/ZazoBrull_042_thumb.jpg\" width=\"124\" height=\"184\" \/><\/a><a href=\"https:\/\/bobvarela.com\/wp-content\/uploads\/2013\/07\/ZazoBrull_030.jpg\"><img loading=\"lazy\" decoding=\"async\" style=\"background-image: none; border-bottom: 0px; border-left: 0px; margin: 0px; padding-left: 0px; padding-right: 0px; display: inline; border-top: 0px; border-right: 0px; padding-top: 0px\" title=\"Zazo&amp;Brull_030\" border=\"0\" alt=\"Zazo&amp;Brull_030\" src=\"https:\/\/bobvarela.com\/wp-content\/uploads\/2013\/07\/ZazoBrull_030_thumb.jpg\" width=\"124\" height=\"184\" \/><\/a><a href=\"https:\/\/bobvarela.com\/wp-content\/uploads\/2013\/07\/ZazoBrull_024.jpg\"><img loading=\"lazy\" decoding=\"async\" style=\"background-image: none; border-bottom: 0px; border-left: 0px; padding-left: 0px; padding-right: 0px; display: inline; border-top: 0px; border-right: 0px; padding-top: 0px\" title=\"Zazo&amp;Brull_024\" border=\"0\" alt=\"Zazo&amp;Brull_024\" src=\"https:\/\/bobvarela.com\/wp-content\/uploads\/2013\/07\/ZazoBrull_024_thumb.jpg\" width=\"124\" height=\"184\" \/><\/a><\/p>\n<p align=\"justify\"><font size=\"3\">Dentro de su trayectoria profesional destaca su participaci\u00f3n en ferias como Bread&amp;Butter, Rendez-vous en Par\u00eds, Modefabriek en Amsterdam o MQ en Viena.<\/font><\/p>\n<p align=\"justify\"><font size=\"3\">Sus colecciones se han podido ver tambi\u00e9n en la pasarela 080 Barcelona Fashion y en la Valencia Fashion Week, y han sido invitados a participar en la Pasarela Gaud\u00ed Novias, en el certamen Bolivia Moda en la ciudad de Santa Cruz, y en SUL Fashion Week en Brasil.<\/font><\/p>\n<p align=\"justify\"><font size=\"3\">En la tercera edici\u00f3n que se celebr\u00f3 del concurso internacional &quot;El Bot\u00f3n -Mango Fashion Awards\u201d, zazo&amp;brull result\u00f3 elegida entre los 10 finalistas como \u00fanicos representantes espa\u00f1oles.<\/font><\/p>\n<p align=\"justify\"><\/p>\n<p>Fotos cortesia de 080 Barcelona fashion<\/p>\n","protected":false},"excerpt":{"rendered":"<p>Xavier Zazo y Clara Brull son los dise\u00f1adores de la vanguardista firma catalana de moda femenina zazo&amp;brull. Dentro de su trayectoria profesional destaca su participaci\u00f3n en ferias como Bread&amp;Butter, Rendez-vous en Par\u00eds, Modefabriek en Amsterdam o MQ en Viena. Sus&hellip;<\/p>\n<p class=\"more-link-p\"><a class=\"more-link\" href=\"https:\/\/bobvarela.com\/?p=46191\">Read more &rarr;<\/a><\/p>\n","protected":false},"author":1,"featured_media":0,"comment_status":"open","ping_status":"open","sticky":false,"template":"","format":"standard","meta":{"ngg_post_thumbnail":0,"footnotes":""},"categories":[478,4],"tags":[],"class_list":["post-46191","post","type-post","status-publish","format-standard","hentry","category-080-barcelona","category-moda"],"_links":{"self":[{"href":"https:\/\/bobvarela.com\/index.php?rest_route=\/wp\/v2\/posts\/46191","targetHints":{"allow":["GET"]}}],"collection":[{"href":"https:\/\/bobvarela.com\/index.php?rest_route=\/wp\/v2\/posts"}],"about":[{"href":"https:\/\/bobvarela.com\/index.php?rest_route=\/wp\/v2\/types\/post"}],"author":[{"embeddable":true,"href":"https:\/\/bobvarela.com\/index.php?rest_route=\/wp\/v2\/users\/1"}],"replies":[{"embeddable":true,"href":"https:\/\/bobvarela.com\/index.php?rest_route=%2Fwp%2Fv2%2Fcomments&post=46191"}],"version-history":[{"count":0,"href":"https:\/\/bobvarela.com\/index.php?rest_route=\/wp\/v2\/posts\/46191\/revisions"}],"wp:attachment":[{"href":"https:\/\/bobvarela.com\/index.php?rest_route=%2Fwp%2Fv2%2Fmedia&parent=46191"}],"wp:term":[{"taxonomy":"category","embeddable":true,"href":"https:\/\/bobvarela.com\/index.php?rest_route=%2Fwp%2Fv2%2Fcategories&post=46191"},{"taxonomy":"post_tag","embeddable":true,"href":"https:\/\/bobvarela.com\/index.php?rest_route=%2Fwp%2Fv2%2Ftags&post=46191"}],"curies":[{"name":"wp","href":"https:\/\/api.w.org\/{rel}","templated":true}]}}