{"id":46225,"date":"2013-07-12T20:30:29","date_gmt":"2013-07-13T00:30:29","guid":{"rendered":"https:\/\/bobvarela.com\/?p=46225"},"modified":"2013-07-12T20:30:29","modified_gmt":"2013-07-13T00:30:29","slug":"natalie-capell-coleccin-primaveraverano-2014-en-el-080-barcelona-fashion","status":"publish","type":"post","link":"https:\/\/bobvarela.com\/?p=46225","title":{"rendered":"Natalie Capell Colecci&oacute;n Primavera\/Verano 2014  en el 080 Barcelona Fashion"},"content":{"rendered":"<p align=\"justify\"><font size=\"3\">La colecci\u00f3n presenta vestidos largos y <em>tops<\/em> delicados, c\u00f3modos y llevables en m\u00faltiples combinaciones con cinturones de seda. Se crea un juego entre estas dos capas, ya que se revelan colores debajo de piezas m\u00e1s oscuras.<\/font><\/p>\n<p align=\"justify\"><a href=\"https:\/\/bobvarela.com\/wp-content\/uploads\/2013\/07\/NatalieCapell_020.jpg\"><img loading=\"lazy\" decoding=\"async\" style=\"background-image: none; border-bottom: 0px; border-left: 0px; margin: 0px; padding-left: 0px; padding-right: 0px; display: inline; border-top: 0px; border-right: 0px; padding-top: 0px\" title=\"NatalieCapell_020\" border=\"0\" alt=\"NatalieCapell_020\" src=\"https:\/\/bobvarela.com\/wp-content\/uploads\/2013\/07\/NatalieCapell_020_thumb.jpg\" width=\"124\" height=\"184\" \/><\/a><a href=\"https:\/\/bobvarela.com\/wp-content\/uploads\/2013\/07\/NatalieCapell_074.jpg\"><img loading=\"lazy\" decoding=\"async\" style=\"background-image: none; border-bottom: 0px; border-left: 0px; margin: 0px; padding-left: 0px; padding-right: 0px; display: inline; border-top: 0px; border-right: 0px; padding-top: 0px\" title=\"NatalieCapell_074\" border=\"0\" alt=\"NatalieCapell_074\" src=\"https:\/\/bobvarela.com\/wp-content\/uploads\/2013\/07\/NatalieCapell_074_thumb.jpg\" width=\"124\" height=\"184\" \/><\/a><a href=\"https:\/\/bobvarela.com\/wp-content\/uploads\/2013\/07\/NatalieCapell_062.jpg\"><img loading=\"lazy\" decoding=\"async\" style=\"background-image: none; border-bottom: 0px; border-left: 0px; margin: 0px; padding-left: 0px; padding-right: 0px; display: inline; border-top: 0px; border-right: 0px; padding-top: 0px\" title=\"NatalieCapell_062\" border=\"0\" alt=\"NatalieCapell_062\" src=\"https:\/\/bobvarela.com\/wp-content\/uploads\/2013\/07\/NatalieCapell_062_thumb.jpg\" width=\"124\" height=\"184\" \/><\/a><a href=\"https:\/\/bobvarela.com\/wp-content\/uploads\/2013\/07\/NatalieCapell_51b.jpg\"><img loading=\"lazy\" decoding=\"async\" style=\"background-image: none; border-bottom: 0px; border-left: 0px; margin: 0px; padding-left: 0px; padding-right: 0px; display: inline; border-top: 0px; border-right: 0px; padding-top: 0px\" title=\"NatalieCapell_51b\" border=\"0\" alt=\"NatalieCapell_51b\" src=\"https:\/\/bobvarela.com\/wp-content\/uploads\/2013\/07\/NatalieCapell_51b_thumb.jpg\" width=\"124\" height=\"184\" \/><\/a><a href=\"https:\/\/bobvarela.com\/wp-content\/uploads\/2013\/07\/NatalieCapell_037.jpg\"><img loading=\"lazy\" decoding=\"async\" style=\"background-image: none; border-bottom: 0px; border-left: 0px; padding-left: 0px; padding-right: 0px; display: inline; border-top: 0px; border-right: 0px; padding-top: 0px\" title=\"NatalieCapell_037\" border=\"0\" alt=\"NatalieCapell_037\" src=\"https:\/\/bobvarela.com\/wp-content\/uploads\/2013\/07\/NatalieCapell_037_thumb.jpg\" width=\"124\" height=\"184\" \/><\/a><\/p>\n<p align=\"justify\"><font size=\"3\">La base es un vestido de silueta b\u00e1sica de fondo de armario; encima, se llevan piezas \u00fanicas hechas de tul, finas y elegantes, bordadas y elaboradas a mano. <\/font><\/p>\n<p align=\"justify\"><font size=\"3\">A trav\u00e9s de tocados y m\u00e1scaras \u00fanicas que acompa\u00f1an cada vestido, insinuando un teatro de marionetas, el ambiente nos llevar\u00e1 a un cabaret m\u00e1gico fuera del tiempo.<\/font><\/p>\n<p align=\"justify\"><font size=\"3\">Los materiales: diferentes tules, de seda natural, de <em>lycra<\/em>, de poliamida; diferentes puntos, de seda y de poliamida; raso de seda natural; son trabajados y tintados a mano en el <em>atelier<\/em>.<\/font><\/p>\n\n<p>Fotos cortesia de 080 Barcelona fashion<\/p>\n","protected":false},"excerpt":{"rendered":"<p>La colecci\u00f3n presenta vestidos largos y tops delicados, c\u00f3modos y llevables en m\u00faltiples combinaciones con cinturones de seda. Se crea un juego entre estas dos capas, ya que se revelan colores debajo de piezas m\u00e1s oscuras. La base es un&hellip;<\/p>\n<p class=\"more-link-p\"><a class=\"more-link\" href=\"https:\/\/bobvarela.com\/?p=46225\">Read more &rarr;<\/a><\/p>\n","protected":false},"author":1,"featured_media":0,"comment_status":"open","ping_status":"open","sticky":false,"template":"","format":"standard","meta":{"ngg_post_thumbnail":0,"footnotes":""},"categories":[478,4],"tags":[],"class_list":["post-46225","post","type-post","status-publish","format-standard","hentry","category-080-barcelona","category-moda"],"_links":{"self":[{"href":"https:\/\/bobvarela.com\/index.php?rest_route=\/wp\/v2\/posts\/46225","targetHints":{"allow":["GET"]}}],"collection":[{"href":"https:\/\/bobvarela.com\/index.php?rest_route=\/wp\/v2\/posts"}],"about":[{"href":"https:\/\/bobvarela.com\/index.php?rest_route=\/wp\/v2\/types\/post"}],"author":[{"embeddable":true,"href":"https:\/\/bobvarela.com\/index.php?rest_route=\/wp\/v2\/users\/1"}],"replies":[{"embeddable":true,"href":"https:\/\/bobvarela.com\/index.php?rest_route=%2Fwp%2Fv2%2Fcomments&post=46225"}],"version-history":[{"count":0,"href":"https:\/\/bobvarela.com\/index.php?rest_route=\/wp\/v2\/posts\/46225\/revisions"}],"wp:attachment":[{"href":"https:\/\/bobvarela.com\/index.php?rest_route=%2Fwp%2Fv2%2Fmedia&parent=46225"}],"wp:term":[{"taxonomy":"category","embeddable":true,"href":"https:\/\/bobvarela.com\/index.php?rest_route=%2Fwp%2Fv2%2Fcategories&post=46225"},{"taxonomy":"post_tag","embeddable":true,"href":"https:\/\/bobvarela.com\/index.php?rest_route=%2Fwp%2Fv2%2Ftags&post=46225"}],"curies":[{"name":"wp","href":"https:\/\/api.w.org\/{rel}","templated":true}]}}