{"id":46236,"date":"2013-07-12T20:49:54","date_gmt":"2013-07-13T00:49:54","guid":{"rendered":"https:\/\/bobvarela.com\/?p=46236"},"modified":"2013-07-12T20:49:54","modified_gmt":"2013-07-13T00:49:54","slug":"alexis-reyna-coleccin-primaveraverano-2014-en-el-080-barcelona-fashion","status":"publish","type":"post","link":"https:\/\/bobvarela.com\/?p=46236","title":{"rendered":"Alexis Reyna Colecci&oacute;n Primavera\/Verano 2014 en el 080 Barcelona Fashion"},"content":{"rendered":"<p align=\"justify\"><font size=\"3\">Nacido en Barcelona, <strong>Alexis Reyna<\/strong> ha estado enormemente influenciado por las profesiones art\u00edsticas de sus padres. Esto, junto con el descubrimiento del film er\u00f3tico Emmanuelle provoc\u00f3 el nacimiento de su amor por el arte.<\/font><\/p>\n<p align=\"justify\"><font size=\"3\">Este inter\u00e9s subsisti\u00f3 durante su etapa de estudiante en el Lyc\u00e9e Fran\u00e7ais de Barcelona, as\u00ed como durante su estancia en Par\u00eds donde compuso numerosos poemas y piezas musicales.<\/font><\/p>\n<p align=\"justify\"><a href=\"https:\/\/bobvarela.com\/wp-content\/uploads\/2013\/07\/AlexisReyna_016.jpg\"><img loading=\"lazy\" decoding=\"async\" style=\"background-image: none; border-bottom: 0px; border-left: 0px; margin: 0px; padding-left: 0px; padding-right: 0px; display: inline; border-top: 0px; border-right: 0px; padding-top: 0px\" title=\"AlexisReyna_016\" border=\"0\" alt=\"AlexisReyna_016\" src=\"https:\/\/bobvarela.com\/wp-content\/uploads\/2013\/07\/AlexisReyna_016_thumb.jpg\" width=\"124\" height=\"184\" \/><\/a><a href=\"https:\/\/bobvarela.com\/wp-content\/uploads\/2013\/07\/AlexisReyna_096.jpg\"><img loading=\"lazy\" decoding=\"async\" style=\"background-image: none; border-bottom: 0px; border-left: 0px; margin: 0px; padding-left: 0px; padding-right: 0px; display: inline; border-top: 0px; border-right: 0px; padding-top: 0px\" title=\"AlexisReyna_096\" border=\"0\" alt=\"AlexisReyna_096\" src=\"https:\/\/bobvarela.com\/wp-content\/uploads\/2013\/07\/AlexisReyna_096_thumb.jpg\" width=\"124\" height=\"184\" \/><\/a><a href=\"https:\/\/bobvarela.com\/wp-content\/uploads\/2013\/07\/AlexisReyna_099.jpg\"><img loading=\"lazy\" decoding=\"async\" style=\"background-image: none; border-bottom: 0px; border-left: 0px; margin: 0px; padding-left: 0px; padding-right: 0px; display: inline; border-top: 0px; border-right: 0px; padding-top: 0px\" title=\"AlexisReyna_099\" border=\"0\" alt=\"AlexisReyna_099\" src=\"https:\/\/bobvarela.com\/wp-content\/uploads\/2013\/07\/AlexisReyna_099_thumb.jpg\" width=\"124\" height=\"184\" \/><\/a><a href=\"https:\/\/bobvarela.com\/wp-content\/uploads\/2013\/07\/AlexisReyna_087.jpg\"><img loading=\"lazy\" decoding=\"async\" style=\"background-image: none; border-bottom: 0px; border-left: 0px; margin: 0px; padding-left: 0px; padding-right: 0px; display: inline; border-top: 0px; border-right: 0px; padding-top: 0px\" title=\"AlexisReyna_087\" border=\"0\" alt=\"AlexisReyna_087\" src=\"https:\/\/bobvarela.com\/wp-content\/uploads\/2013\/07\/AlexisReyna_087_thumb.jpg\" width=\"124\" height=\"184\" \/><\/a><a href=\"https:\/\/bobvarela.com\/wp-content\/uploads\/2013\/07\/AlexisReyna_034.jpg\"><img loading=\"lazy\" decoding=\"async\" style=\"background-image: none; border-bottom: 0px; border-left: 0px; padding-left: 0px; padding-right: 0px; display: inline; border-top: 0px; border-right: 0px; padding-top: 0px\" title=\"AlexisReyna_034\" border=\"0\" alt=\"AlexisReyna_034\" src=\"https:\/\/bobvarela.com\/wp-content\/uploads\/2013\/07\/AlexisReyna_034_thumb.jpg\" width=\"124\" height=\"184\" \/><\/a><\/p>\n<p align=\"justify\"><font size=\"3\">En 1995, inici\u00f3 estudios de Econ\u00f3micas en la Universidad de Barcelona, en esta \u00e9poca, una amante 20 a\u00f1os mayor que \u00e9l le hizo descubrir el mundo de la moda.<\/font><\/p>\n<p align=\"justify\"><font size=\"3\">Gracias a una formaci\u00f3n autodidacta, tuvo la oportunidad de trabajar para Stylemode en Barcelona as\u00ed como para otras marcas como dise\u00f1ador.<\/font><\/p>\n<p align=\"justify\"><font size=\"3\">Muy pronto cre\u00f3 sus primeras colecciones y colabor\u00f3 con J. Lindeberg, Filippa K y m\u00e1s tarde con M.I.A. Despu\u00e9s de un recorrido at\u00edpico y rico, estudi\u00f3 un m\u00e1ster en el Central Saint Martins y trabaj\u00f3 3 a\u00f1os en Asia.<\/font><\/p>\n<p align=\"justify\"><font size=\"3\">Ganador del premio a la mejor colecci\u00f3n oto\u00f1o\/invierno 2012 en la Barcelona Fashion Week. Alexis Reyna se ha establecido en Barcelona desde el a\u00f1o 2008.<\/font><\/p>\n<p align=\"justify\"><font size=\"3\">Su \u00faltima colecci\u00f3n, \u2018The Country Code\u2019, presentada en la pasada edici\u00f3n de la Barcelona Fashion Week se encuentra en TOTEM, agencia de \u00e1mbito internacional con sede en Par\u00eds..<\/font><\/p>\n\n<p>Fotos cortesia de 080 Barcelona fashion<\/p>\n","protected":false},"excerpt":{"rendered":"<p>Nacido en Barcelona, Alexis Reyna ha estado enormemente influenciado por las profesiones art\u00edsticas de sus padres. Esto, junto con el descubrimiento del film er\u00f3tico Emmanuelle provoc\u00f3 el nacimiento de su amor por el arte. Este inter\u00e9s subsisti\u00f3 durante su etapa&hellip;<\/p>\n<p class=\"more-link-p\"><a class=\"more-link\" href=\"https:\/\/bobvarela.com\/?p=46236\">Read more &rarr;<\/a><\/p>\n","protected":false},"author":1,"featured_media":0,"comment_status":"open","ping_status":"open","sticky":false,"template":"","format":"standard","meta":{"ngg_post_thumbnail":0,"footnotes":""},"categories":[478,4],"tags":[],"class_list":["post-46236","post","type-post","status-publish","format-standard","hentry","category-080-barcelona","category-moda"],"_links":{"self":[{"href":"https:\/\/bobvarela.com\/index.php?rest_route=\/wp\/v2\/posts\/46236","targetHints":{"allow":["GET"]}}],"collection":[{"href":"https:\/\/bobvarela.com\/index.php?rest_route=\/wp\/v2\/posts"}],"about":[{"href":"https:\/\/bobvarela.com\/index.php?rest_route=\/wp\/v2\/types\/post"}],"author":[{"embeddable":true,"href":"https:\/\/bobvarela.com\/index.php?rest_route=\/wp\/v2\/users\/1"}],"replies":[{"embeddable":true,"href":"https:\/\/bobvarela.com\/index.php?rest_route=%2Fwp%2Fv2%2Fcomments&post=46236"}],"version-history":[{"count":0,"href":"https:\/\/bobvarela.com\/index.php?rest_route=\/wp\/v2\/posts\/46236\/revisions"}],"wp:attachment":[{"href":"https:\/\/bobvarela.com\/index.php?rest_route=%2Fwp%2Fv2%2Fmedia&parent=46236"}],"wp:term":[{"taxonomy":"category","embeddable":true,"href":"https:\/\/bobvarela.com\/index.php?rest_route=%2Fwp%2Fv2%2Fcategories&post=46236"},{"taxonomy":"post_tag","embeddable":true,"href":"https:\/\/bobvarela.com\/index.php?rest_route=%2Fwp%2Fv2%2Ftags&post=46236"}],"curies":[{"name":"wp","href":"https:\/\/api.w.org\/{rel}","templated":true}]}}