{"id":46247,"date":"2013-07-13T07:48:01","date_gmt":"2013-07-13T11:48:01","guid":{"rendered":"https:\/\/bobvarela.com\/?p=46247"},"modified":"2013-07-13T07:50:45","modified_gmt":"2013-07-13T11:50:45","slug":"juan-pedro-lopez-coleccin-primaveraverano-2014-en-el-080-barcelona-fashion","status":"publish","type":"post","link":"https:\/\/bobvarela.com\/?p=46247","title":{"rendered":"Juan Pedro Lopez Colecci&oacute;n Primavera\/Verano 2014 en el 080 Barcelona Fashion"},"content":{"rendered":"<h6><a href=\"https:\/\/bobvarela.com\/wp-content\/uploads\/2013\/07\/JuanPedroLopez_008.jpg\"><img loading=\"lazy\" decoding=\"async\" style=\"background-image: none; border-bottom: 0px; border-left: 0px; margin: 0px; padding-left: 0px; padding-right: 0px; display: inline; border-top: 0px; border-right: 0px; padding-top: 0px\" title=\"JuanPedroLopez_008\" border=\"0\" alt=\"JuanPedroLopez_008\" src=\"https:\/\/bobvarela.com\/wp-content\/uploads\/2013\/07\/JuanPedroLopez_008_thumb.jpg\" width=\"124\" height=\"184\" \/><\/a><a href=\"https:\/\/bobvarela.com\/wp-content\/uploads\/2013\/07\/JuanPedroLopez_059.jpg\"><img loading=\"lazy\" decoding=\"async\" style=\"background-image: none; border-bottom: 0px; border-left: 0px; margin: 0px; padding-left: 0px; padding-right: 0px; display: inline; border-top: 0px; border-right: 0px; padding-top: 0px\" title=\"JuanPedroLopez_059\" border=\"0\" alt=\"JuanPedroLopez_059\" src=\"https:\/\/bobvarela.com\/wp-content\/uploads\/2013\/07\/JuanPedroLopez_059_thumb.jpg\" width=\"124\" height=\"184\" \/><\/a><a href=\"https:\/\/bobvarela.com\/wp-content\/uploads\/2013\/07\/JuanPedroLopez_056.jpg\"><img loading=\"lazy\" decoding=\"async\" style=\"background-image: none; border-bottom: 0px; border-left: 0px; margin: 0px; padding-left: 0px; padding-right: 0px; display: inline; border-top: 0px; border-right: 0px; padding-top: 0px\" title=\"JuanPedroLopez_056\" border=\"0\" alt=\"JuanPedroLopez_056\" src=\"https:\/\/bobvarela.com\/wp-content\/uploads\/2013\/07\/JuanPedroLopez_056_thumb.jpg\" width=\"124\" height=\"184\" \/><\/a><a href=\"https:\/\/bobvarela.com\/wp-content\/uploads\/2013\/07\/JuanPedroLopez_053.jpg\"><img loading=\"lazy\" decoding=\"async\" style=\"background-image: none; border-bottom: 0px; border-left: 0px; margin: 0px; padding-left: 0px; padding-right: 0px; display: inline; border-top: 0px; border-right: 0px; padding-top: 0px\" title=\"JuanPedroLopez_053\" border=\"0\" alt=\"JuanPedroLopez_053\" src=\"https:\/\/bobvarela.com\/wp-content\/uploads\/2013\/07\/JuanPedroLopez_053_thumb.jpg\" width=\"124\" height=\"184\" \/><\/a><a href=\"https:\/\/bobvarela.com\/wp-content\/uploads\/2013\/07\/JuanPedroLopez_049.jpg\"><img loading=\"lazy\" decoding=\"async\" style=\"background-image: none; border-bottom: 0px; border-left: 0px; padding-left: 0px; padding-right: 0px; display: inline; border-top: 0px; border-right: 0px; padding-top: 0px\" title=\"JuanPedroLopez_049\" border=\"0\" alt=\"JuanPedroLopez_049\" src=\"https:\/\/bobvarela.com\/wp-content\/uploads\/2013\/07\/JuanPedroLopez_049_thumb.jpg\" width=\"124\" height=\"184\" \/><\/a><\/h6>\n<h6><font size=\"3\">La llegada en barco a la isla de Santorini es una experiencia excepcional cuyos efectos pueden ampliarse escuchando los &quot;fuegos de Creta&quot; en la voz de Markopoulos. Hay razones para creernos buc\u00f3licos, pero la impresi\u00f3n dura poco. Al abordar las costas de la isla, el mar, hasta ahora irreprochable, sufre una transformaci\u00f3n radical. Asistimos a un retroceso de siglos, a la negaci\u00f3n absoluta de cuantos t\u00f3picos se han escrito sobre el Egeo. Navegamos por un fant\u00e1stico archipi\u00e9lago de lava, escoria volc\u00e1nica, restos sulf\u00faricos que flotan entre riscos de una verticalidad pavorosa. El abismo submarino parece una prolongaci\u00f3n de los abismos de cada acantilado, que dir\u00edanse escindidos brutalmente de la tierra engullida por el mar. <\/font><\/h6>\n<p align=\"justify\"><font size=\"3\">\u201cNotas de viaje\u201d. Terenci Moix, 1996.<\/font><\/p>\n<p align=\"justify\"><font size=\"3\">La colecci\u00f3n evoca los atardeceres de Santorini mediante siluetas, estampados y vol\u00famenes sacadas del folklore heleno. Con un juego de transparencias, texturas, brillos e im\u00e1genes se crea un sofisticado <em>look<\/em> para una mujer <em>chic<\/em> y elegante. <\/font><\/p>\n<p align=\"justify\"><\/p>\n<p align=\"justify\">Fotos cortesia de 080 Barcelona fashion<\/p>\n","protected":false},"excerpt":{"rendered":"<p>La llegada en barco a la isla de Santorini es una experiencia excepcional cuyos efectos pueden ampliarse escuchando los &quot;fuegos de Creta&quot; en la voz de Markopoulos. Hay razones para creernos buc\u00f3licos, pero la impresi\u00f3n dura poco. Al abordar las&hellip;<\/p>\n<p class=\"more-link-p\"><a class=\"more-link\" href=\"https:\/\/bobvarela.com\/?p=46247\">Read more &rarr;<\/a><\/p>\n","protected":false},"author":1,"featured_media":0,"comment_status":"open","ping_status":"open","sticky":false,"template":"","format":"standard","meta":{"ngg_post_thumbnail":0,"footnotes":""},"categories":[478,4],"tags":[],"class_list":["post-46247","post","type-post","status-publish","format-standard","hentry","category-080-barcelona","category-moda"],"_links":{"self":[{"href":"https:\/\/bobvarela.com\/index.php?rest_route=\/wp\/v2\/posts\/46247","targetHints":{"allow":["GET"]}}],"collection":[{"href":"https:\/\/bobvarela.com\/index.php?rest_route=\/wp\/v2\/posts"}],"about":[{"href":"https:\/\/bobvarela.com\/index.php?rest_route=\/wp\/v2\/types\/post"}],"author":[{"embeddable":true,"href":"https:\/\/bobvarela.com\/index.php?rest_route=\/wp\/v2\/users\/1"}],"replies":[{"embeddable":true,"href":"https:\/\/bobvarela.com\/index.php?rest_route=%2Fwp%2Fv2%2Fcomments&post=46247"}],"version-history":[{"count":2,"href":"https:\/\/bobvarela.com\/index.php?rest_route=\/wp\/v2\/posts\/46247\/revisions"}],"predecessor-version":[{"id":46249,"href":"https:\/\/bobvarela.com\/index.php?rest_route=\/wp\/v2\/posts\/46247\/revisions\/46249"}],"wp:attachment":[{"href":"https:\/\/bobvarela.com\/index.php?rest_route=%2Fwp%2Fv2%2Fmedia&parent=46247"}],"wp:term":[{"taxonomy":"category","embeddable":true,"href":"https:\/\/bobvarela.com\/index.php?rest_route=%2Fwp%2Fv2%2Fcategories&post=46247"},{"taxonomy":"post_tag","embeddable":true,"href":"https:\/\/bobvarela.com\/index.php?rest_route=%2Fwp%2Fv2%2Ftags&post=46247"}],"curies":[{"name":"wp","href":"https:\/\/api.w.org\/{rel}","templated":true}]}}