{"id":46260,"date":"2013-07-13T13:56:23","date_gmt":"2013-07-13T17:56:23","guid":{"rendered":"https:\/\/bobvarela.com\/?p=46260"},"modified":"2013-07-14T10:20:06","modified_gmt":"2013-07-14T14:20:06","slug":"celia-vela-coleccin-primaveraverano-2014-en-el-080-barcelona-fashion","status":"publish","type":"post","link":"https:\/\/bobvarela.com\/?p=46260","title":{"rendered":"Celia Vela Colecci&oacute;n Primavera\/Verano 2014 en el 080 Barcelona Fashion"},"content":{"rendered":"<p align=\"justify\"><span style=\"font-size: medium;\">Desfila en la pasarela Gaud\u00ed en 1996, 1997 y 1998. Desde 1999 desfila individualmente en diferentes ubicaciones de Barcelona. Desde 1998 tiene establecimiento propio en Figueras. En el a\u00f1o 2003 ampl\u00eda la tienda de Figueras con un nuevo espacio dedicado a las novias.<\/span><\/p>\n<p align=\"justify\"><span style=\"font-size: medium;\">Participa en las ferias Spain Fashion de Tokio y de Osaka los a\u00f1os 1998 y 1999. A partir de enero del a\u00f1o 2000 participa en las ediciones de la feria internacional Fashion Fair de Tokio. En febrero del 2000 se inaugura la web <\/span><a href=\"https:\/\/www.celiavela.com\/\"><span style=\"font-size: medium;\">www.celiavela.com<\/span><\/a><span style=\"font-size: medium;\">. Desde el a\u00f1o 2001 hasta el 2006 participa en el Espacio Cibeles-SIMM. En el 2003 y el 2004 presenta sus colecciones en el sal\u00f3n Atmosph\u00e8re de Par\u00eds.<\/span><\/p>\n<p align=\"justify\"><a href=\"https:\/\/bobvarela.com\/wp-content\/uploads\/2013\/07\/CeliaVela_028.jpg\"><span style=\"font-size: medium;\"><img loading=\"lazy\" decoding=\"async\" style=\"background-image: none; margin: 0px; padding-left: 0px; padding-right: 0px; display: inline; padding-top: 0px; border: 0px;\" title=\"CeliaVela_028\" alt=\"CeliaVela_028\" src=\"https:\/\/bobvarela.com\/wp-content\/uploads\/2013\/07\/CeliaVela_028_thumb.jpg\" width=\"124\" height=\"184\" border=\"0\" \/><\/span><\/a><a href=\"https:\/\/bobvarela.com\/wp-content\/uploads\/2013\/07\/CeliaVela_020.jpg\"><span style=\"font-size: medium;\"><img loading=\"lazy\" decoding=\"async\" style=\"background-image: none; margin: 0px; padding-left: 0px; padding-right: 0px; display: inline; padding-top: 0px; border: 0px;\" title=\"CeliaVela_020\" alt=\"CeliaVela_020\" src=\"https:\/\/bobvarela.com\/wp-content\/uploads\/2013\/07\/CeliaVela_020_thumb.jpg\" width=\"124\" height=\"184\" border=\"0\" \/><\/span><\/a><a href=\"https:\/\/bobvarela.com\/wp-content\/uploads\/2013\/07\/CeliaVela_006.jpg\"><span style=\"font-size: medium;\"><img loading=\"lazy\" decoding=\"async\" style=\"background-image: none; margin: 0px; padding-left: 0px; padding-right: 0px; display: inline; padding-top: 0px; border: 0px;\" title=\"CeliaVela_006\" alt=\"CeliaVela_006\" src=\"https:\/\/bobvarela.com\/wp-content\/uploads\/2013\/07\/CeliaVela_006_thumb.jpg\" width=\"124\" height=\"184\" border=\"0\" \/><\/span><\/a><a href=\"https:\/\/bobvarela.com\/wp-content\/uploads\/2013\/07\/CeliaVela_002.jpg\"><span style=\"font-size: medium;\"><img loading=\"lazy\" decoding=\"async\" style=\"background-image: none; margin: 0px; padding-left: 0px; padding-right: 0px; display: inline; padding-top: 0px; border: 0px;\" title=\"CeliaVela_002\" alt=\"CeliaVela_002\" src=\"https:\/\/bobvarela.com\/wp-content\/uploads\/2013\/07\/CeliaVela_002_thumb.jpg\" width=\"124\" height=\"184\" border=\"0\" \/><\/span><\/a><a href=\"https:\/\/bobvarela.com\/wp-content\/uploads\/2013\/07\/CeliaVela_092.jpg\"><span style=\"font-size: medium;\"><img loading=\"lazy\" decoding=\"async\" style=\"background-image: none; padding-left: 0px; padding-right: 0px; display: inline; padding-top: 0px; border: 0px;\" title=\"CeliaVela_092\" alt=\"CeliaVela_092\" src=\"https:\/\/bobvarela.com\/wp-content\/uploads\/2013\/07\/CeliaVela_092_thumb.jpg\" width=\"124\" height=\"184\" border=\"0\" \/><\/span><\/a><\/p>\n<p align=\"justify\"><span style=\"font-size: medium;\">En el a\u00f1o 2005 llega a un acuerdo con la marca de lujo \u201cAgua de Sevilla\u201d para el dise\u00f1o y producci\u00f3n, en exclusiva, de una l\u00ednea para mujer etiquetada \u201cCelia Vela para Agua de Sevilla\u201d.<\/span><\/p>\n<p align=\"justify\"><span style=\"font-size: medium;\">Durante el mes de octubre del 2005 realiza una exposici\u00f3n titulada \u201cCelia Vela \u2013 10 a\u00f1os, 10 miradas de moda\u201d en el Museo de l\u2019Empord\u00e0 en Figueras con motivo del 10\u00ba aniversario de la firma. El a\u00f1o 2007 participa en el Bread &amp; Butter Barcelona.<\/span><\/p>\n<p align=\"justify\"><span style=\"font-size: medium;\">Desde el 2009 tiene showroom permanente en Tokio. Desde el 2010 participa en la pasarela 080 de Barcelona. Participa en conferencias sobre dise\u00f1o y moda habitualmente desde el 1998.<\/span><\/p>\n<p align=\"justify\"><span style=\"font-size: medium;\"><\/span><\/p>\n<p align=\"justify\">\n","protected":false},"excerpt":{"rendered":"<p>Desfila en la pasarela Gaud\u00ed en 1996, 1997 y 1998. Desde 1999 desfila individualmente en diferentes ubicaciones de Barcelona. Desde 1998 tiene establecimiento propio en Figueras. En el a\u00f1o 2003 ampl\u00eda la tienda de Figueras con un nuevo espacio dedicado&hellip;<\/p>\n<p class=\"more-link-p\"><a class=\"more-link\" href=\"https:\/\/bobvarela.com\/?p=46260\">Read more &rarr;<\/a><\/p>\n","protected":false},"author":1,"featured_media":0,"comment_status":"open","ping_status":"open","sticky":false,"template":"","format":"standard","meta":{"ngg_post_thumbnail":0,"footnotes":""},"categories":[478,4],"tags":[],"class_list":["post-46260","post","type-post","status-publish","format-standard","hentry","category-080-barcelona","category-moda"],"_links":{"self":[{"href":"https:\/\/bobvarela.com\/index.php?rest_route=\/wp\/v2\/posts\/46260","targetHints":{"allow":["GET"]}}],"collection":[{"href":"https:\/\/bobvarela.com\/index.php?rest_route=\/wp\/v2\/posts"}],"about":[{"href":"https:\/\/bobvarela.com\/index.php?rest_route=\/wp\/v2\/types\/post"}],"author":[{"embeddable":true,"href":"https:\/\/bobvarela.com\/index.php?rest_route=\/wp\/v2\/users\/1"}],"replies":[{"embeddable":true,"href":"https:\/\/bobvarela.com\/index.php?rest_route=%2Fwp%2Fv2%2Fcomments&post=46260"}],"version-history":[{"count":1,"href":"https:\/\/bobvarela.com\/index.php?rest_route=\/wp\/v2\/posts\/46260\/revisions"}],"predecessor-version":[{"id":46261,"href":"https:\/\/bobvarela.com\/index.php?rest_route=\/wp\/v2\/posts\/46260\/revisions\/46261"}],"wp:attachment":[{"href":"https:\/\/bobvarela.com\/index.php?rest_route=%2Fwp%2Fv2%2Fmedia&parent=46260"}],"wp:term":[{"taxonomy":"category","embeddable":true,"href":"https:\/\/bobvarela.com\/index.php?rest_route=%2Fwp%2Fv2%2Fcategories&post=46260"},{"taxonomy":"post_tag","embeddable":true,"href":"https:\/\/bobvarela.com\/index.php?rest_route=%2Fwp%2Fv2%2Ftags&post=46260"}],"curies":[{"name":"wp","href":"https:\/\/api.w.org\/{rel}","templated":true}]}}