{"id":46294,"date":"2013-07-14T15:42:48","date_gmt":"2013-07-14T19:42:48","guid":{"rendered":"https:\/\/bobvarela.com\/?p=46294"},"modified":"2013-07-14T15:47:20","modified_gmt":"2013-07-14T19:47:20","slug":"yiorgos-eleftheriades-coleccin-primaveraverano-2014-en-el-080-barcelona-fashion-2","status":"publish","type":"post","link":"https:\/\/bobvarela.com\/?p=46294","title":{"rendered":"Guillermina Baeza Colecci&oacute;n Primavera\/Verano 2014 en el 080 Barcelona Fashion"},"content":{"rendered":"<p><a href=\"https:\/\/bobvarela.com\/wp-content\/uploads\/2013\/07\/GuillerminaBaeza_027.jpg\"><img loading=\"lazy\" decoding=\"async\" style=\"background-image: none; border-bottom: 0px; border-left: 0px; margin: 0px; padding-left: 0px; padding-right: 0px; display: inline; border-top: 0px; border-right: 0px; padding-top: 0px\" title=\"GuillerminaBaeza_027\" border=\"0\" alt=\"GuillerminaBaeza_027\" src=\"https:\/\/bobvarela.com\/wp-content\/uploads\/2013\/07\/GuillerminaBaeza_027_thumb.jpg\" width=\"124\" height=\"184\" \/><\/a><a href=\"https:\/\/bobvarela.com\/wp-content\/uploads\/2013\/07\/GuillerminaBaeza_013.jpg\"><img loading=\"lazy\" decoding=\"async\" style=\"background-image: none; border-bottom: 0px; border-left: 0px; margin: 0px; padding-left: 0px; padding-right: 0px; display: inline; border-top: 0px; border-right: 0px; padding-top: 0px\" title=\"GuillerminaBaeza_013\" border=\"0\" alt=\"GuillerminaBaeza_013\" src=\"https:\/\/bobvarela.com\/wp-content\/uploads\/2013\/07\/GuillerminaBaeza_013_thumb.jpg\" width=\"124\" height=\"184\" \/><\/a><a href=\"https:\/\/bobvarela.com\/wp-content\/uploads\/2013\/07\/GuillerminaBaeza_005.jpg\"><img loading=\"lazy\" decoding=\"async\" style=\"background-image: none; border-bottom: 0px; border-left: 0px; margin: 0px; padding-left: 0px; padding-right: 0px; display: inline; border-top: 0px; border-right: 0px; padding-top: 0px\" title=\"GuillerminaBaeza_005\" border=\"0\" alt=\"GuillerminaBaeza_005\" src=\"https:\/\/bobvarela.com\/wp-content\/uploads\/2013\/07\/GuillerminaBaeza_005_thumb.jpg\" width=\"124\" height=\"184\" \/><\/a><a href=\"https:\/\/bobvarela.com\/wp-content\/uploads\/2013\/07\/GuillerminaBaeza_073.jpg\"><img loading=\"lazy\" decoding=\"async\" style=\"background-image: none; border-bottom: 0px; border-left: 0px; margin: 0px; padding-left: 0px; padding-right: 0px; display: inline; border-top: 0px; border-right: 0px; padding-top: 0px\" title=\"GuillerminaBaeza_073\" border=\"0\" alt=\"GuillerminaBaeza_073\" src=\"https:\/\/bobvarela.com\/wp-content\/uploads\/2013\/07\/GuillerminaBaeza_073_thumb.jpg\" width=\"124\" height=\"184\" \/><\/a><a href=\"https:\/\/bobvarela.com\/wp-content\/uploads\/2013\/07\/GuillerminaBaeza_060.jpg\"><img loading=\"lazy\" decoding=\"async\" style=\"background-image: none; border-bottom: 0px; border-left: 0px; padding-left: 0px; padding-right: 0px; display: inline; border-top: 0px; border-right: 0px; padding-top: 0px\" title=\"GuillerminaBaeza_060\" border=\"0\" alt=\"GuillerminaBaeza_060\" src=\"https:\/\/bobvarela.com\/wp-content\/uploads\/2013\/07\/GuillerminaBaeza_060_thumb.jpg\" width=\"124\" height=\"184\" \/><\/a><\/p>\n<p align=\"justify\"><font size=\"3\">La colecci\u00f3n GB 2014 es un recuerdo al Marruecos que inspir\u00f3 a Delacroix, Matisse, Mir\u00f3,&#8230;<\/font><\/p>\n<p align=\"justify\"><font size=\"3\">Hemos rendido culto a los colores y a la gran luminosidad que transmite el reino alau\u00ed y a la gran creatividad y armon\u00eda que se refleja en su arquitectura.<\/font>    <\/p>\n\n<p>Fotos cortesia de 080 Barcelona fashion<\/p>\n","protected":false},"excerpt":{"rendered":"<p>La colecci\u00f3n GB 2014 es un recuerdo al Marruecos que inspir\u00f3 a Delacroix, Matisse, Mir\u00f3,&#8230; Hemos rendido culto a los colores y a la gran luminosidad que transmite el reino alau\u00ed y a la gran creatividad y armon\u00eda que se&hellip;<\/p>\n<p class=\"more-link-p\"><a class=\"more-link\" href=\"https:\/\/bobvarela.com\/?p=46294\">Read more &rarr;<\/a><\/p>\n","protected":false},"author":1,"featured_media":0,"comment_status":"open","ping_status":"open","sticky":false,"template":"","format":"standard","meta":{"ngg_post_thumbnail":0,"footnotes":""},"categories":[478,4],"tags":[],"class_list":["post-46294","post","type-post","status-publish","format-standard","hentry","category-080-barcelona","category-moda"],"_links":{"self":[{"href":"https:\/\/bobvarela.com\/index.php?rest_route=\/wp\/v2\/posts\/46294","targetHints":{"allow":["GET"]}}],"collection":[{"href":"https:\/\/bobvarela.com\/index.php?rest_route=\/wp\/v2\/posts"}],"about":[{"href":"https:\/\/bobvarela.com\/index.php?rest_route=\/wp\/v2\/types\/post"}],"author":[{"embeddable":true,"href":"https:\/\/bobvarela.com\/index.php?rest_route=\/wp\/v2\/users\/1"}],"replies":[{"embeddable":true,"href":"https:\/\/bobvarela.com\/index.php?rest_route=%2Fwp%2Fv2%2Fcomments&post=46294"}],"version-history":[{"count":1,"href":"https:\/\/bobvarela.com\/index.php?rest_route=\/wp\/v2\/posts\/46294\/revisions"}],"predecessor-version":[{"id":46295,"href":"https:\/\/bobvarela.com\/index.php?rest_route=\/wp\/v2\/posts\/46294\/revisions\/46295"}],"wp:attachment":[{"href":"https:\/\/bobvarela.com\/index.php?rest_route=%2Fwp%2Fv2%2Fmedia&parent=46294"}],"wp:term":[{"taxonomy":"category","embeddable":true,"href":"https:\/\/bobvarela.com\/index.php?rest_route=%2Fwp%2Fv2%2Fcategories&post=46294"},{"taxonomy":"post_tag","embeddable":true,"href":"https:\/\/bobvarela.com\/index.php?rest_route=%2Fwp%2Fv2%2Ftags&post=46294"}],"curies":[{"name":"wp","href":"https:\/\/api.w.org\/{rel}","templated":true}]}}