{"id":46324,"date":"2013-07-14T18:54:47","date_gmt":"2013-07-14T22:54:47","guid":{"rendered":"https:\/\/bobvarela.com\/?p=46324"},"modified":"2013-07-14T18:54:47","modified_gmt":"2013-07-14T22:54:47","slug":"justicia-ruano-coleccin-primaveraverano-2014-en-el-080-barcelona-fashion","status":"publish","type":"post","link":"https:\/\/bobvarela.com\/?p=46324","title":{"rendered":"Justicia Ruano Colecci&oacute;n Primavera\/Verano 2014 en el 080 Barcelona Fashion"},"content":{"rendered":"<p align=\"justify\"><font size=\"3\"><a href=\"https:\/\/bobvarela.com\/wp-content\/uploads\/2013\/07\/JusticiaRuano_040.jpg\"><img loading=\"lazy\" decoding=\"async\" style=\"background-image: none; border-bottom: 0px; border-left: 0px; margin: 0px; padding-left: 0px; padding-right: 0px; display: inline; border-top: 0px; border-right: 0px; padding-top: 0px\" title=\"JusticiaRuano_040\" border=\"0\" alt=\"JusticiaRuano_040\" src=\"https:\/\/bobvarela.com\/wp-content\/uploads\/2013\/07\/JusticiaRuano_040_thumb.jpg\" width=\"124\" height=\"184\" \/><\/a><a href=\"https:\/\/bobvarela.com\/wp-content\/uploads\/2013\/07\/JusticiaRuano_027.jpg\"><img loading=\"lazy\" decoding=\"async\" style=\"background-image: none; border-bottom: 0px; border-left: 0px; margin: 0px; padding-left: 0px; padding-right: 0px; display: inline; border-top: 0px; border-right: 0px; padding-top: 0px\" title=\"JusticiaRuano_027\" border=\"0\" alt=\"JusticiaRuano_027\" src=\"https:\/\/bobvarela.com\/wp-content\/uploads\/2013\/07\/JusticiaRuano_027_thumb.jpg\" width=\"124\" height=\"184\" \/><\/a><a href=\"https:\/\/bobvarela.com\/wp-content\/uploads\/2013\/07\/JusticiaRuano_012.jpg\"><img loading=\"lazy\" decoding=\"async\" style=\"background-image: none; border-bottom: 0px; border-left: 0px; margin: 0px; padding-left: 0px; padding-right: 0px; display: inline; border-top: 0px; border-right: 0px; padding-top: 0px\" title=\"JusticiaRuano_012\" border=\"0\" alt=\"JusticiaRuano_012\" src=\"https:\/\/bobvarela.com\/wp-content\/uploads\/2013\/07\/JusticiaRuano_012_thumb.jpg\" width=\"124\" height=\"184\" \/><\/a><a href=\"https:\/\/bobvarela.com\/wp-content\/uploads\/2013\/07\/JusticiaRuano_004.jpg\"><img loading=\"lazy\" decoding=\"async\" style=\"background-image: none; border-bottom: 0px; border-left: 0px; margin: 0px; padding-left: 0px; padding-right: 0px; display: inline; border-top: 0px; border-right: 0px; padding-top: 0px\" title=\"JusticiaRuano_004\" border=\"0\" alt=\"JusticiaRuano_004\" src=\"https:\/\/bobvarela.com\/wp-content\/uploads\/2013\/07\/JusticiaRuano_004_thumb.jpg\" width=\"124\" height=\"184\" \/><\/a><a href=\"https:\/\/bobvarela.com\/wp-content\/uploads\/2013\/07\/JusticiaRuano_077.jpg\"><img loading=\"lazy\" decoding=\"async\" style=\"background-image: none; border-bottom: 0px; border-left: 0px; padding-left: 0px; padding-right: 0px; display: inline; border-top: 0px; border-right: 0px; padding-top: 0px\" title=\"JusticiaRuano_077\" border=\"0\" alt=\"JusticiaRuano_077\" src=\"https:\/\/bobvarela.com\/wp-content\/uploads\/2013\/07\/JusticiaRuano_077_thumb.jpg\" width=\"124\" height=\"184\" \/><\/a><\/font><\/p>\n<p align=\"justify\"><font size=\"3\">Como los ciclos, las estaciones, el d\u00eda y la noche. Estados permanentes en MOVIMIENTO Y REPETICI\u00d3N. La base de esta nueva colecci\u00f3n se centra en estos dos conceptos.<\/font><\/p>\n\n<p>Fotos cortesia de 080 Barcelona fashion<\/p>\n","protected":false},"excerpt":{"rendered":"<p>Como los ciclos, las estaciones, el d\u00eda y la noche. Estados permanentes en MOVIMIENTO Y REPETICI\u00d3N. La base de esta nueva colecci\u00f3n se centra en estos dos conceptos. Fotos cortesia de 080 Barcelona fashion<\/p>\n<p class=\"more-link-p\"><a class=\"more-link\" href=\"https:\/\/bobvarela.com\/?p=46324\">Read more &rarr;<\/a><\/p>\n","protected":false},"author":1,"featured_media":0,"comment_status":"open","ping_status":"open","sticky":false,"template":"","format":"standard","meta":{"ngg_post_thumbnail":0,"footnotes":""},"categories":[478,4],"tags":[],"class_list":["post-46324","post","type-post","status-publish","format-standard","hentry","category-080-barcelona","category-moda"],"_links":{"self":[{"href":"https:\/\/bobvarela.com\/index.php?rest_route=\/wp\/v2\/posts\/46324","targetHints":{"allow":["GET"]}}],"collection":[{"href":"https:\/\/bobvarela.com\/index.php?rest_route=\/wp\/v2\/posts"}],"about":[{"href":"https:\/\/bobvarela.com\/index.php?rest_route=\/wp\/v2\/types\/post"}],"author":[{"embeddable":true,"href":"https:\/\/bobvarela.com\/index.php?rest_route=\/wp\/v2\/users\/1"}],"replies":[{"embeddable":true,"href":"https:\/\/bobvarela.com\/index.php?rest_route=%2Fwp%2Fv2%2Fcomments&post=46324"}],"version-history":[{"count":0,"href":"https:\/\/bobvarela.com\/index.php?rest_route=\/wp\/v2\/posts\/46324\/revisions"}],"wp:attachment":[{"href":"https:\/\/bobvarela.com\/index.php?rest_route=%2Fwp%2Fv2%2Fmedia&parent=46324"}],"wp:term":[{"taxonomy":"category","embeddable":true,"href":"https:\/\/bobvarela.com\/index.php?rest_route=%2Fwp%2Fv2%2Fcategories&post=46324"},{"taxonomy":"post_tag","embeddable":true,"href":"https:\/\/bobvarela.com\/index.php?rest_route=%2Fwp%2Fv2%2Ftags&post=46324"}],"curies":[{"name":"wp","href":"https:\/\/api.w.org\/{rel}","templated":true}]}}