{"id":46335,"date":"2013-07-15T13:23:40","date_gmt":"2013-07-15T17:23:40","guid":{"rendered":"https:\/\/bobvarela.com\/?p=46335"},"modified":"2013-07-15T13:23:40","modified_gmt":"2013-07-15T17:23:40","slug":"josep-abril-coleccin-primaveraverano-2014-en-el-080-barcelona-fashion","status":"publish","type":"post","link":"https:\/\/bobvarela.com\/?p=46335","title":{"rendered":"Josep Abril Colecci&oacute;n Primavera\/Verano 2014 en el 080 Barcelona Fashion"},"content":{"rendered":"<p align=\"justify\"><font size=\"3\">Nace en Barcelona en el 1962. Estudia bellas artes. Estudia dise\u00f1o y moda en la \u201cEscola d\u2019Arts i T\u00e8cniques de la Moda\u201d (EATM) de Barcelona. Vive y trabaja en Barcelona. Crea su propia firma en el 1996. Josep Abril es una colecci\u00f3n de hombre.<\/font><\/p>\n<p align=\"justify\"><a href=\"https:\/\/bobvarela.com\/wp-content\/uploads\/2013\/07\/JosepAbril_002.jpg\"><img loading=\"lazy\" decoding=\"async\" style=\"background-image: none; border-bottom: 0px; border-left: 0px; margin: 0px; padding-left: 0px; padding-right: 0px; display: inline; border-top: 0px; border-right: 0px; padding-top: 0px\" title=\"JosepAbril_002\" border=\"0\" alt=\"JosepAbril_002\" src=\"https:\/\/bobvarela.com\/wp-content\/uploads\/2013\/07\/JosepAbril_002_thumb.jpg\" width=\"124\" height=\"184\" \/><\/a><a href=\"https:\/\/bobvarela.com\/wp-content\/uploads\/2013\/07\/JosepAbril_042.jpg\"><img loading=\"lazy\" decoding=\"async\" style=\"background-image: none; border-bottom: 0px; border-left: 0px; margin: 0px; padding-left: 0px; padding-right: 0px; display: inline; border-top: 0px; border-right: 0px; padding-top: 0px\" title=\"JosepAbril_042\" border=\"0\" alt=\"JosepAbril_042\" src=\"https:\/\/bobvarela.com\/wp-content\/uploads\/2013\/07\/JosepAbril_042_thumb.jpg\" width=\"124\" height=\"184\" \/><\/a><a href=\"https:\/\/bobvarela.com\/wp-content\/uploads\/2013\/07\/JosepAbril_032.jpg\"><img loading=\"lazy\" decoding=\"async\" style=\"background-image: none; border-bottom: 0px; border-left: 0px; margin: 0px; padding-left: 0px; padding-right: 0px; display: inline; border-top: 0px; border-right: 0px; padding-top: 0px\" title=\"JosepAbril_032\" border=\"0\" alt=\"JosepAbril_032\" src=\"https:\/\/bobvarela.com\/wp-content\/uploads\/2013\/07\/JosepAbril_032_thumb.jpg\" width=\"124\" height=\"184\" \/><\/a><a href=\"https:\/\/bobvarela.com\/wp-content\/uploads\/2013\/07\/JosepAbril_018.jpg\"><img loading=\"lazy\" decoding=\"async\" style=\"background-image: none; border-bottom: 0px; border-left: 0px; margin: 0px; padding-left: 0px; padding-right: 0px; display: inline; border-top: 0px; border-right: 0px; padding-top: 0px\" title=\"JosepAbril_018\" border=\"0\" alt=\"JosepAbril_018\" src=\"https:\/\/bobvarela.com\/wp-content\/uploads\/2013\/07\/JosepAbril_018_thumb.jpg\" width=\"124\" height=\"184\" \/><\/a><a href=\"https:\/\/bobvarela.com\/wp-content\/uploads\/2013\/07\/JosepAbril_014.jpg\"><img loading=\"lazy\" decoding=\"async\" style=\"background-image: none; border-bottom: 0px; border-left: 0px; padding-left: 0px; padding-right: 0px; display: inline; border-top: 0px; border-right: 0px; padding-top: 0px\" title=\"JosepAbril_014\" border=\"0\" alt=\"JosepAbril_014\" src=\"https:\/\/bobvarela.com\/wp-content\/uploads\/2013\/07\/JosepAbril_014_thumb.jpg\" width=\"124\" height=\"184\" \/><\/a><\/p>\n<p align=\"justify\"><font size=\"3\">Actualmente se comercializa a trav\u00e9s de showrooms y tiendas multimarca. Se presenta con un desfile en Madrid y en Barcelona del 2003 al 2009. Es director creativo de la colecci\u00f3n \u201cArmand Basi One Home\u201d, presentada en Par\u00eds desde el 2007. En el a\u00f1o 2006 nace el proyecto \u201cBespoke\u201d de sastrer\u00eda a medida.<\/font><\/p>\n<p align=\"justify\"><font size=\"3\">En el 2007 forma Abril Studio, estudio de creaci\u00f3n de conceptos y proyectos de moda. Lanza la l\u00ednea \u201cUniformed By\u201d de uniformidad de dise\u00f1o. Crea vestuarios para espect\u00e1culos, teatro y \u00f3pera. Imparte clases y workshops en diferentes escuelas de dise\u00f1o (IED, ESDi, Elisava y Felicidad Duce). Ejerce de consultor externo y director de arte.<\/font><\/p>\n<p align=\"justify\"><font size=\"3\">En el 1991 gana el primer premio Gaud\u00ed para nuevos dise\u00f1adores. En el a\u00f1o 2004 recibe el premio GQ al mejor dise\u00f1ador nacional de hombre. En el 2008 recibe el Premio \u201cBarcelona \u00e9s Moda\u201d al mejor profesional.<\/font><\/p>\n\n<p>Fotos cortesia de 080 Barcelona fashion<\/p>\n","protected":false},"excerpt":{"rendered":"<p>Nace en Barcelona en el 1962. Estudia bellas artes. Estudia dise\u00f1o y moda en la \u201cEscola d\u2019Arts i T\u00e8cniques de la Moda\u201d (EATM) de Barcelona. Vive y trabaja en Barcelona. Crea su propia firma en el 1996. Josep Abril es&hellip;<\/p>\n<p class=\"more-link-p\"><a class=\"more-link\" href=\"https:\/\/bobvarela.com\/?p=46335\">Read more &rarr;<\/a><\/p>\n","protected":false},"author":1,"featured_media":0,"comment_status":"open","ping_status":"open","sticky":false,"template":"","format":"standard","meta":{"ngg_post_thumbnail":0,"footnotes":""},"categories":[478,4],"tags":[],"class_list":["post-46335","post","type-post","status-publish","format-standard","hentry","category-080-barcelona","category-moda"],"_links":{"self":[{"href":"https:\/\/bobvarela.com\/index.php?rest_route=\/wp\/v2\/posts\/46335","targetHints":{"allow":["GET"]}}],"collection":[{"href":"https:\/\/bobvarela.com\/index.php?rest_route=\/wp\/v2\/posts"}],"about":[{"href":"https:\/\/bobvarela.com\/index.php?rest_route=\/wp\/v2\/types\/post"}],"author":[{"embeddable":true,"href":"https:\/\/bobvarela.com\/index.php?rest_route=\/wp\/v2\/users\/1"}],"replies":[{"embeddable":true,"href":"https:\/\/bobvarela.com\/index.php?rest_route=%2Fwp%2Fv2%2Fcomments&post=46335"}],"version-history":[{"count":0,"href":"https:\/\/bobvarela.com\/index.php?rest_route=\/wp\/v2\/posts\/46335\/revisions"}],"wp:attachment":[{"href":"https:\/\/bobvarela.com\/index.php?rest_route=%2Fwp%2Fv2%2Fmedia&parent=46335"}],"wp:term":[{"taxonomy":"category","embeddable":true,"href":"https:\/\/bobvarela.com\/index.php?rest_route=%2Fwp%2Fv2%2Fcategories&post=46335"},{"taxonomy":"post_tag","embeddable":true,"href":"https:\/\/bobvarela.com\/index.php?rest_route=%2Fwp%2Fv2%2Ftags&post=46335"}],"curies":[{"name":"wp","href":"https:\/\/api.w.org\/{rel}","templated":true}]}}