{"id":46346,"date":"2013-07-15T16:35:41","date_gmt":"2013-07-15T20:35:41","guid":{"rendered":"https:\/\/bobvarela.com\/?p=46346"},"modified":"2013-07-15T16:35:44","modified_gmt":"2013-07-15T20:35:44","slug":"miriam-ponsa-coleccin-primaveraverano-2014-en-el-080-barcelona-fashion","status":"publish","type":"post","link":"https:\/\/bobvarela.com\/?p=46346","title":{"rendered":"Miriam Ponsa Colecci&oacute;n Primavera\/Verano 2014 en el 080 Barcelona Fashion"},"content":{"rendered":"<h6><font size=\"3\">Colecci\u00f3n \u2013 ALMADIEROS (RAIERS)<\/font><\/h6>\n<p>&#160;<\/p>\n<p align=\"justify\"><font size=\"3\">El oficio de almadiero consist\u00eda en la construcci\u00f3n de almad\u00edas, embarcaciones de troncos, y su conducci\u00f3n fluvial r\u00edo abajo. La actividad de almadiero comenzaba en invierno en los bosques y despu\u00e9s se lanzaban los troncos r\u00edo abajo hasta los ataderos, y en verano se llevaban las armad\u00edas navegando hasta los puntos de distribuci\u00f3n de la madera.<\/font><\/p>\n<p align=\"justify\"><a href=\"https:\/\/bobvarela.com\/wp-content\/uploads\/2013\/07\/MiriamPonsa_046.jpg\"><img loading=\"lazy\" decoding=\"async\" style=\"background-image: none; border-bottom: 0px; border-left: 0px; margin: 0px; padding-left: 0px; padding-right: 0px; display: inline; border-top: 0px; border-right: 0px; padding-top: 0px\" title=\"MiriamPonsa_046\" border=\"0\" alt=\"MiriamPonsa_046\" src=\"https:\/\/bobvarela.com\/wp-content\/uploads\/2013\/07\/MiriamPonsa_046_thumb.jpg\" width=\"124\" height=\"184\" \/><\/a><a href=\"https:\/\/bobvarela.com\/wp-content\/uploads\/2013\/07\/MiriamPonsa_043.jpg\"><img loading=\"lazy\" decoding=\"async\" style=\"background-image: none; border-bottom: 0px; border-left: 0px; margin: 0px; padding-left: 0px; padding-right: 0px; display: inline; border-top: 0px; border-right: 0px; padding-top: 0px\" title=\"MiriamPonsa_043\" border=\"0\" alt=\"MiriamPonsa_043\" src=\"https:\/\/bobvarela.com\/wp-content\/uploads\/2013\/07\/MiriamPonsa_043_thumb.jpg\" width=\"124\" height=\"184\" \/><\/a><a href=\"https:\/\/bobvarela.com\/wp-content\/uploads\/2013\/07\/MiriamPonsa_054.jpg\"><img loading=\"lazy\" decoding=\"async\" style=\"background-image: none; border-bottom: 0px; border-left: 0px; margin: 0px; padding-left: 0px; padding-right: 0px; display: inline; border-top: 0px; border-right: 0px; padding-top: 0px\" title=\"MiriamPonsa_054\" border=\"0\" alt=\"MiriamPonsa_054\" src=\"https:\/\/bobvarela.com\/wp-content\/uploads\/2013\/07\/MiriamPonsa_054_thumb.jpg\" width=\"124\" height=\"184\" \/><\/a><a href=\"https:\/\/bobvarela.com\/wp-content\/uploads\/2013\/07\/MiriamPonsa_051.jpg\"><img loading=\"lazy\" decoding=\"async\" style=\"background-image: none; border-bottom: 0px; border-left: 0px; padding-left: 0px; padding-right: 0px; display: inline; border-top: 0px; border-right: 0px; padding-top: 0px\" title=\"MiriamPonsa_051\" border=\"0\" alt=\"MiriamPonsa_051\" src=\"https:\/\/bobvarela.com\/wp-content\/uploads\/2013\/07\/MiriamPonsa_051_thumb.jpg\" width=\"124\" height=\"184\" \/><\/a><a href=\"https:\/\/bobvarela.com\/wp-content\/uploads\/2013\/07\/MiriamPonsa_021.jpg\"><img loading=\"lazy\" decoding=\"async\" style=\"background-image: none; border-right-width: 0px; padding-left: 0px; padding-right: 0px; display: inline; border-top-width: 0px; border-bottom-width: 0px; border-left-width: 0px; padding-top: 0px\" title=\"MiriamPonsa_021\" border=\"0\" alt=\"MiriamPonsa_021\" src=\"https:\/\/bobvarela.com\/wp-content\/uploads\/2013\/07\/MiriamPonsa_021_thumb.jpg\" width=\"124\" height=\"184\" \/><\/a><\/p>\n<p align=\"justify\"><font size=\"3\">El atado de los troncos inspira las t\u00e9cnicas que trabajan con nudos, como el macram\u00e9 y la t\u00e9cnica del nudo espa\u00f1ol. El bordado manual se trabaja con tejido de seda y la cinter\u00eda se convierte en un elemento importante de la colecci\u00f3n.<\/font><\/p>\n<p align=\"justify\"><font size=\"3\">Parte de la investigaci\u00f3n de esta colecci\u00f3n recae en el tratamiento del tejido, en la erosi\u00f3n de la prenda a la intemperie una vez confeccionada. Las formas amplias de las prendas se combinan con otras m\u00e1s estructuradas que trabajadas con t\u00e9cnicas de tejedur\u00eda. Los tejidos son, mayoritariamente, de seda, <em>voile<\/em> de algod\u00f3n, lino resinado y sarga. Los colores giran en torno de los azules, verdes y grises.<\/font><\/p>\n<h6><\/h6>\n<p>&#160;<\/p>\n<p>Fotos cortesia de 080 Barcelona fashion<\/p>\n","protected":false},"excerpt":{"rendered":"<p>Colecci\u00f3n \u2013 ALMADIEROS (RAIERS) &#160; El oficio de almadiero consist\u00eda en la construcci\u00f3n de almad\u00edas, embarcaciones de troncos, y su conducci\u00f3n fluvial r\u00edo abajo. La actividad de almadiero comenzaba en invierno en los bosques y despu\u00e9s se lanzaban los troncos&hellip;<\/p>\n<p class=\"more-link-p\"><a class=\"more-link\" href=\"https:\/\/bobvarela.com\/?p=46346\">Read more &rarr;<\/a><\/p>\n","protected":false},"author":1,"featured_media":0,"comment_status":"open","ping_status":"open","sticky":false,"template":"","format":"standard","meta":{"ngg_post_thumbnail":0,"footnotes":""},"categories":[478,4],"tags":[],"class_list":["post-46346","post","type-post","status-publish","format-standard","hentry","category-080-barcelona","category-moda"],"_links":{"self":[{"href":"https:\/\/bobvarela.com\/index.php?rest_route=\/wp\/v2\/posts\/46346","targetHints":{"allow":["GET"]}}],"collection":[{"href":"https:\/\/bobvarela.com\/index.php?rest_route=\/wp\/v2\/posts"}],"about":[{"href":"https:\/\/bobvarela.com\/index.php?rest_route=\/wp\/v2\/types\/post"}],"author":[{"embeddable":true,"href":"https:\/\/bobvarela.com\/index.php?rest_route=\/wp\/v2\/users\/1"}],"replies":[{"embeddable":true,"href":"https:\/\/bobvarela.com\/index.php?rest_route=%2Fwp%2Fv2%2Fcomments&post=46346"}],"version-history":[{"count":0,"href":"https:\/\/bobvarela.com\/index.php?rest_route=\/wp\/v2\/posts\/46346\/revisions"}],"wp:attachment":[{"href":"https:\/\/bobvarela.com\/index.php?rest_route=%2Fwp%2Fv2%2Fmedia&parent=46346"}],"wp:term":[{"taxonomy":"category","embeddable":true,"href":"https:\/\/bobvarela.com\/index.php?rest_route=%2Fwp%2Fv2%2Fcategories&post=46346"},{"taxonomy":"post_tag","embeddable":true,"href":"https:\/\/bobvarela.com\/index.php?rest_route=%2Fwp%2Fv2%2Ftags&post=46346"}],"curies":[{"name":"wp","href":"https:\/\/api.w.org\/{rel}","templated":true}]}}