{"id":46376,"date":"2013-07-17T20:10:33","date_gmt":"2013-07-18T00:10:33","guid":{"rendered":"https:\/\/bobvarela.com\/?p=46376"},"modified":"2013-07-17T20:10:33","modified_gmt":"2013-07-18T00:10:33","slug":"preparada-danna-hernndez-para-buscar-el-ttulo-de-miss-teen-amricas-en-el-salvador","status":"publish","type":"post","link":"https:\/\/bobvarela.com\/?p=46376","title":{"rendered":"Preparada Danna Hern&aacute;ndez para buscar el t&iacute;tulo de Miss Teen Am&eacute;ricas en El Salvador"},"content":{"rendered":"<p align=\"justify\"><font size=\"3\"><a href=\"https:\/\/bobvarela.com\/wp-content\/uploads\/2013\/07\/danna-head-shot.jpg\"><img loading=\"lazy\" decoding=\"async\" style=\"background-image: none; border-right-width: 0px; padding-left: 0px; padding-right: 0px; display: inline; float: left; border-top-width: 0px; border-bottom-width: 0px; border-left-width: 0px; padding-top: 0px\" title=\"danna head shot\" border=\"0\" alt=\"danna head shot\" align=\"left\" src=\"https:\/\/bobvarela.com\/wp-content\/uploads\/2013\/07\/danna-head-shot_thumb.jpg\" width=\"151\" height=\"169\" \/><\/a>San Juan, 17 de julio de 2013. \u2013Miss Teen Am\u00e9ricas Puerto Rico, Danna Hern\u00e1ndez est\u00e1 preparada para dar lo mejor de s\u00ed y obtener la corona de Miss Teen Am\u00e9ricas para la Isla, por segundo a\u00f1o consecutivo.<\/font><\/p>\n<p align=\"justify\"><font size=\"3\"><b><a href=\"https:\/\/bobvarela.com\/wp-content\/uploads\/2013\/07\/Dana-preparacin.jpg\"><img loading=\"lazy\" decoding=\"async\" style=\"background-image: none; border-bottom: 0px; border-left: 0px; padding-left: 0px; padding-right: 0px; display: inline; float: right; border-top: 0px; border-right: 0px; padding-top: 0px\" title=\"Dana preparaci\u00f3n\" border=\"0\" alt=\"Dana preparaci\u00f3n\" align=\"right\" src=\"https:\/\/bobvarela.com\/wp-content\/uploads\/2013\/07\/Dana-preparacin_thumb.jpg\" width=\"124\" height=\"176\" \/><\/a>Danna Hern\u00e1ndez <\/b>esta lista para partir ma\u00f1ana jueves 18 de julio a El Salvador, donde representar\u00e1 a Puerto Rico en uno de los cert\u00e1menes juveniles de mayor prestigio en el Continente Americano: Miss Teen Am\u00e9ricas. La joven modelo y estudiante de escuela superior, se enfrentar\u00e1 a un amplio grupo de candidatas provenientes de diferentes pa\u00edses de Am\u00e9rica, con el fin de ganar el codiciado t\u00edtulo que ostenta la tambi\u00e9n puertorrique\u00f1a Aracelis Guzm\u00e1n.<\/font><\/p>\n<p align=\"justify\"><font size=\"3\"><a href=\"https:\/\/bobvarela.com\/wp-content\/uploads\/2013\/07\/danna-formal.jpg\"><img loading=\"lazy\" decoding=\"async\" style=\"background-image: none; border-right-width: 0px; padding-left: 0px; padding-right: 0px; display: inline; float: left; border-top-width: 0px; border-bottom-width: 0px; border-left-width: 0px; padding-top: 0px\" title=\"danna formal\" border=\"0\" alt=\"danna formal\" align=\"left\" src=\"https:\/\/bobvarela.com\/wp-content\/uploads\/2013\/07\/danna-formal_thumb.jpg\" width=\"138\" height=\"197\" \/><\/a>Danna se ha preparado en proyecci\u00f3n, dicci\u00f3n, pasarela y preguntas y respuestas, con el fin de complementar su belleza y elegancia y as\u00ed demostrar que es merecedora del t\u00edtulo. \u201cEs una experiencia maravillosa. Han sido semanas intensas de preparaci\u00f3n, pero me siento segura y confiada en que representar\u00e9 a Puerto Rico dignamente. Quiero que la corona de Miss Teen Am\u00e9ricas regres\u00e9 a Puerto Rico y voy a dar lo mejor de mi en EL Salvador para que eso suceda\u201d, dijo la joven reina, mientras realizaba sus \u00faltimos preparativos antes de partir a su encomienda.<\/font><\/p>\n<p align=\"justify\"><font size=\"3\">Miss Teen Am\u00e9ricas se celebrar\u00e1 del 18 al 27 de julio en San Salvador, El Salvador.<\/font><\/p>\n<p align=\"justify\">&#160;&#160;&#160;&#160;&#160;&#160;&#160;&#160;&#160;&#160;&#160;&#160;&#160;&#160;&#160;&#160;&#160;&#160;&#160;&#160;&#160;&#160;&#160;&#160;&#160;&#160;&#160;&#160;&#160;&#160;&#160;&#160;&#160;&#160;&#160;&#160;&#160;&#160;&#160;&#160;&#160;&#160;&#160;&#160;&#160;&#160;&#160; <a href=\"https:\/\/bobvarela.com\/wp-content\/uploads\/2013\/07\/HistoModA-2013-183.jpg\"><img loading=\"lazy\" decoding=\"async\" style=\"background-image: none; border-bottom: 0px; border-left: 0px; padding-left: 0px; padding-right: 0px; display: inline; border-top: 0px; border-right: 0px; padding-top: 0px\" title=\"HistoModA 2013 183\" border=\"0\" alt=\"HistoModA 2013 183\" src=\"https:\/\/bobvarela.com\/wp-content\/uploads\/2013\/07\/HistoModA-2013-183_thumb.jpg\" width=\"124\" height=\"184\" \/><\/a><a href=\"https:\/\/bobvarela.com\/wp-content\/uploads\/2013\/07\/Guamarina-des-ver-13-126.jpg\"><img loading=\"lazy\" decoding=\"async\" style=\"background-image: none; border-bottom: 0px; border-left: 0px; padding-left: 0px; padding-right: 0px; display: inline; border-top: 0px; border-right: 0px; padding-top: 0px\" title=\"Guamarina des ver 13 126\" border=\"0\" alt=\"Guamarina des ver 13 126\" src=\"https:\/\/bobvarela.com\/wp-content\/uploads\/2013\/07\/Guamarina-des-ver-13-126_thumb.jpg\" width=\"124\" height=\"184\" \/><\/a><\/p>\n","protected":false},"excerpt":{"rendered":"<p>San Juan, 17 de julio de 2013. \u2013Miss Teen Am\u00e9ricas Puerto Rico, Danna Hern\u00e1ndez est\u00e1 preparada para dar lo mejor de s\u00ed y obtener la corona de Miss Teen Am\u00e9ricas para la Isla, por segundo a\u00f1o consecutivo. Danna Hern\u00e1ndez esta&hellip;<\/p>\n<p class=\"more-link-p\"><a class=\"more-link\" href=\"https:\/\/bobvarela.com\/?p=46376\">Read more &rarr;<\/a><\/p>\n","protected":false},"author":1,"featured_media":0,"comment_status":"open","ping_status":"open","sticky":false,"template":"","format":"standard","meta":{"ngg_post_thumbnail":0,"footnotes":""},"categories":[5,410],"tags":[],"class_list":["post-46376","post","type-post","status-publish","format-standard","hentry","category-concursos","category-miss-teen-world-pr"],"_links":{"self":[{"href":"https:\/\/bobvarela.com\/index.php?rest_route=\/wp\/v2\/posts\/46376","targetHints":{"allow":["GET"]}}],"collection":[{"href":"https:\/\/bobvarela.com\/index.php?rest_route=\/wp\/v2\/posts"}],"about":[{"href":"https:\/\/bobvarela.com\/index.php?rest_route=\/wp\/v2\/types\/post"}],"author":[{"embeddable":true,"href":"https:\/\/bobvarela.com\/index.php?rest_route=\/wp\/v2\/users\/1"}],"replies":[{"embeddable":true,"href":"https:\/\/bobvarela.com\/index.php?rest_route=%2Fwp%2Fv2%2Fcomments&post=46376"}],"version-history":[{"count":0,"href":"https:\/\/bobvarela.com\/index.php?rest_route=\/wp\/v2\/posts\/46376\/revisions"}],"wp:attachment":[{"href":"https:\/\/bobvarela.com\/index.php?rest_route=%2Fwp%2Fv2%2Fmedia&parent=46376"}],"wp:term":[{"taxonomy":"category","embeddable":true,"href":"https:\/\/bobvarela.com\/index.php?rest_route=%2Fwp%2Fv2%2Fcategories&post=46376"},{"taxonomy":"post_tag","embeddable":true,"href":"https:\/\/bobvarela.com\/index.php?rest_route=%2Fwp%2Fv2%2Ftags&post=46376"}],"curies":[{"name":"wp","href":"https:\/\/api.w.org\/{rel}","templated":true}]}}